{"id":272625,"date":"2025-12-05T14:33:10","date_gmt":"2025-12-05T14:33:10","guid":{"rendered":"https:\/\/www.europesays.com\/es\/272625\/"},"modified":"2025-12-05T14:33:10","modified_gmt":"2025-12-05T14:33:10","slug":"james-cameron-regresa-con-avatar-es-una-pelicula-sobre-como-romper-el-circulo-de-la-violencia-y-el-odio-algo-que-estamos-viendo-en-el-mundo-hoy-ocio-y-cultura","status":"publish","type":"post","link":"https:\/\/www.europesays.com\/es\/272625\/","title":{"rendered":"James Cameron regresa con &#8216;Avatar&#8217;: \u00abEs una pel\u00edcula sobre c\u00f3mo romper el c\u00edrculo de la violencia y el odio, algo que estamos viendo en el mundo hoy\u00bb | Ocio y cultura"},"content":{"rendered":"<p class=\"loc\">Par\u00eds<\/p>\n<p><a href=\"https:\/\/cadenaser.com\/nacional\/2022\/12\/13\/avatar-2-el-sentido-del-agua-james-cameron-vuelve-a-romper-las-convenciones-del-cine-de-accion-en-una-pelicula-con-poca-historia-cadena-ser\/\" target=\"_blank\" rel=\"noreferrer nofollow noopener\" title=\"https:\/\/cadenaser.com\/nacional\/2022\/12\/13\/avatar-2-el-sentido-del-agua-james-cameron-vuelve-a-romper-las-convenciones-del-cine-de-accion-en-una-pelicula-con-poca-historia-cadena-ser\/\">Avatar<\/a> cambi\u00f3, de alguna manera, el cine en 2009. Su t\u00edtulo se convirti\u00f3 en una palabra de uso frecuente, el disfraz de Na&#8217;vi una tendencia y marc\u00f3 el imaginario colectivo, algo que pocas pel\u00edculas consiguen. <a href=\"https:\/\/cadenaser.com\/nacional\/2025\/12\/01\/james-cameron-horrorizado-por-lo-que-esta-pasando-en-el-cine-con-la-entrada-de-la-ia-cadena-ser\/\" target=\"_blank\" rel=\"noreferrer nofollow noopener\" title=\"https:\/\/cadenaser.com\/nacional\/2025\/12\/01\/james-cameron-horrorizado-por-lo-que-esta-pasando-en-el-cine-con-la-entrada-de-la-ia-cadena-ser\/\">James Cameron<\/a> es un experto en revolucionar el cine, gracias a pel\u00edculas como Terminator o a Titanic, pero con Avatar fue un paso m\u00e1s. Adem\u00e1s logr\u00f3 2.92 mil millones y gan\u00f3 tres premios Oscar. M\u00e1s de 13 a\u00f1os tard\u00f3 en estrenar la prometida segunda entrega, y ahora, en 2025, en plena era del streaming y el algoritmo, regresa con una tercera, Avatar: Fuego y Ceniza, mucho m\u00e1s oscura y adulta que las anteriores.<\/p>\n<p>\u00abDicen que es una pel\u00edcula sobre el duelo. S\u00ed, es una pel\u00edcula sobre el duelo. Es una pel\u00edcula sobre la p\u00e9rdida. Es una pel\u00edcula sobre el trauma. Es una pel\u00edcula sobre c\u00f3mo sanar y seguir adelante, c\u00f3mo tomar las riendas y seguir adelante, y c\u00f3mo romper el ciclo de violencia creado por el odio que surge de esa p\u00e9rdida. Y estamos viendo eso en el mundo hoy\u00bb, dec\u00eda en la rueda de prensa en Par\u00eds, donde ha tenido lugar la premiere europea de la pel\u00edcula. \u00abNo me hab\u00e9is preguntado qui\u00e9n es el villano, est\u00e1 claro, \u00bfno?\u00bb, bromeaba ante los periodistas. <\/p>\n<p>La pel\u00edcula, que solo en su concepci\u00f3n, ya es toda una defensa del cine y de las salas, en contra de los algoritmos y las plataformas, aporta varias capas, el plano visual, en el que sigue siendo un innovador, con la captura de movimiento de los actores, los efectos especiales y la recreaci\u00f3n del fondo del mar, animales marinos, etc. <\/p>\n<p>Tambi\u00e9n en el plano del entretenimiento y en el plano \u00edntimo. \u00abAl escribir la historia pensamos que hay algo universal en ella, algo sobre la experiencia humana, la familia, la identidad, el deber hacia nuestra familia, nuestra comunidad, el preguntarnos a d\u00f3nde pertenecemos y c\u00f3mo respetar ese lugar. Son los problemas fundamentales que la gente sufre en todo el mundo. Esta familia son refugiados, son inmigrantes y con eso mucha gente puede identificarse hoy en d\u00eda\u00bb, a\u00f1ad\u00eda el director. <\/p>\n<p>James Cameron es, desde hace tiempo un inventor, como de alguna manera lo fueron los pioneros del cine en el siglo XIX, y los espectadores, con sus gafas de 3D puestas, sienten que pueden llevarse un mamporro en plena proyecci\u00f3n. Como aquellos primeros espectadores del cinemat\u00f3grafo temieron ser arrollados por el tren. Sin embargo, dice que respeta y cuida el trabajo de sus actores y actrices, que han acompa\u00f1ado al director en la rueda de prensa. <\/p>\n<p>\u00abHan sido m\u00e1s de ocho meses trabajando d\u00eda y noche con los actores, ha sido un proceso muy disfrutable. El conflicto est\u00e1 entre los personajes, pero no entre los actores que los interpretan, hemos tenido una relaci\u00f3n muy gratificante, hemos formado una familia\u00bb, la Familia Avatar, dec\u00eda Cameron que trasmite energ\u00eda a raudales. <\/p>\n<p>En esta entrega hay una escena donde un personaje est\u00e1 sobre una tabla en medio del mar, tras un naufragio provocado por una batalla, una imagen que a los fans recuerda, inevitablemente, a esa escena final de Titanic con Kate Winslet y Leonardo DiCaprio. \u00abTengo cinco buenas ideas en mi vida y las voy reciclando\u00bb, se re\u00eda Cameron.<\/p>\n<p><b>Sam Worthington y Zoe Salda\u00f1a<\/b> contin\u00faan lejos de su hogar, como ya estaban en la segunda entrega, acogidos por la comunidad de <b>Kate Winslet<\/b>, pero llenos de amenazas. Aqu\u00ed el mal est\u00e1 por todos lados, fuera de Pandora, con Estados Unidos colonizando todo, pero tambi\u00e9n dentro, con una nueva tribu que ha descubierto las armas y que no tiene piedad. Esa tribu la lidera <b>Oona Chaplin<\/b>, el gran fichaje de esta entrega, actriz a la que hemos visto en Juego de Tronos, tambi\u00e9n en el cine independiente espa\u00f1ol, como Tierra firme, de Carlos Marqu\u00e9s Marcet, y que es la nieta de un genio del cine, Charles Chaplin. <\/p>\n<p>Tambi\u00e9n cobra mucho protagonismo <b>Sigourney Weaver. <\/b>Recordamos que fue la doctora Grace Augustine en la primera entrega, personaje que muri\u00f3, pero Cameron quiso darle a la actriz otra oportunidad y ahora interpreta a una Na&#8217;vi adolescente, un personaje clave, una hero\u00edna que no usa la fuerza, ni la violencia; sino que tiene el superpoder de conectar con la madre naturaleza.<\/p>\n<p>\u00abHa sido uno de los grandes regalos de trabajar de nuevo con James Cameron\u00bb, dec\u00eda la actriz que trabaj\u00f3 con \u00e9l en Alien 2. \u00abTengo que decir que convertirme en una adolescente otra vez, ha sido un reto, pero estoy muy agradecida porque me he encontrado con mi yo adolescente. Jim, no lo hemos pasado bien, porque en Alien no lo pasamos tambi\u00e9n\u00bb.<\/p>\n<p>Esos siguen siendo los temas que subyacen de una saga que explica el gran reto de Estados Unidos hoy y todo el planeta, c\u00f3mo tratar y c\u00f3mo curar el desastre medioambiental que hemos perpetrado, y c\u00f3mo evitar el colonialismo en un mundo donde sigue habiendo guerras, expolio y refugiados. Avatar es tambi\u00e9n una historia sobre c\u00f3mo lidiar con hijos adolescentes, c\u00f3mo defender a la familia. <\/p>\n<p>\u00abNo esperas este tipo de profundidades en un blockbuster, esa es la fuerza de esta pel\u00edcula. Dar el tiempo a la historia, al personaje al viaje emocional. Nos ha dado tiempo para hacer muchas escenas que requer\u00edan una emoci\u00f3n m\u00e1s profunda. Esta pel\u00edcula no funcionar\u00eda sin la emoci\u00f3n y la complejidad de los personajes\u00bb, respond\u00eda el actor Sam Worthington.<\/p>\n<p>Pero sobre todo, Avatar es entretenimiento, un espect\u00e1culo en s\u00ed mismo que viene a ser el ant\u00eddoto contra la crisis de las salas de cine en este paisaje dominado por el algoritmo y el streaming. El blockbuster no ha muerto, insiste el director. \u00abNo quiero que un ordenador haga lo que me enorgullece poder hacer con los actores. No quiero sustituir a los actores, me encanta trabajar con ellos\u00bb, expresaba el cineasta estos d\u00edas en Estados Unidos sobre los problemas que puede plantear el uso de la Inteligencia Artificial a la hora de rodar pel\u00edculas. <\/p>\n","protected":false},"excerpt":{"rendered":"Par\u00eds Avatar cambi\u00f3, de alguna manera, el cine en 2009. Su t\u00edtulo se convirti\u00f3 en una palabra de&hellip;\n","protected":false},"author":2,"featured_media":272626,"comment_status":"","ping_status":"","sticky":false,"template":"","format":"standard","meta":{"footnotes":""},"categories":[169],"tags":[177,146,147,25,24,176,66802,175,23],"class_list":{"0":"post-272625","1":"post","2":"type-post","3":"status-publish","4":"format-standard","5":"has-post-thumbnail","7":"category-cine","8":"tag-cine","9":"tag-entertainment","10":"tag-entretenimiento","11":"tag-es","12":"tag-espana","13":"tag-film","14":"tag-fireandashparisphoto","15":"tag-movies","16":"tag-spain"},"share_on_mastodon":{"url":"https:\/\/pubeurope.com\/@es\/115667455596528600","error":""},"_links":{"self":[{"href":"https:\/\/www.europesays.com\/es\/wp-json\/wp\/v2\/posts\/272625","targetHints":{"allow":["GET"]}}],"collection":[{"href":"https:\/\/www.europesays.com\/es\/wp-json\/wp\/v2\/posts"}],"about":[{"href":"https:\/\/www.europesays.com\/es\/wp-json\/wp\/v2\/types\/post"}],"author":[{"embeddable":true,"href":"https:\/\/www.europesays.com\/es\/wp-json\/wp\/v2\/users\/2"}],"replies":[{"embeddable":true,"href":"https:\/\/www.europesays.com\/es\/wp-json\/wp\/v2\/comments?post=272625"}],"version-history":[{"count":0,"href":"https:\/\/www.europesays.com\/es\/wp-json\/wp\/v2\/posts\/272625\/revisions"}],"wp:featuredmedia":[{"embeddable":true,"href":"https:\/\/www.europesays.com\/es\/wp-json\/wp\/v2\/media\/272626"}],"wp:attachment":[{"href":"https:\/\/www.europesays.com\/es\/wp-json\/wp\/v2\/media?parent=272625"}],"wp:term":[{"taxonomy":"category","embeddable":true,"href":"https:\/\/www.europesays.com\/es\/wp-json\/wp\/v2\/categories?post=272625"},{"taxonomy":"post_tag","embeddable":true,"href":"https:\/\/www.europesays.com\/es\/wp-json\/wp\/v2\/tags?post=272625"}],"curies":[{"name":"wp","href":"https:\/\/api.w.org\/{rel}","templated":true}]}}