{"id":272627,"date":"2025-12-05T14:34:10","date_gmt":"2025-12-05T14:34:10","guid":{"rendered":"https:\/\/www.europesays.com\/es\/272627\/"},"modified":"2025-12-05T14:34:10","modified_gmt":"2025-12-05T14:34:10","slug":"una-brillante-brasil-hace-descarrilar-a-espana-a-un-paso-de-la-final","status":"publish","type":"post","link":"https:\/\/www.europesays.com\/es\/272627\/","title":{"rendered":"Una brillante Brasil hace descarrilar a Espa\u00f1a a un paso de la final"},"content":{"rendered":"<p style=\"\">El sue\u00f1o estaba cumplido para Espa\u00f1a. Escuchar la Marcha Real en <a href=\"https:\/\/www.fifa.com\/es\/tournaments\/womens\/futsalwomensworldcup\/philippines-2025\/scores-fixtures\" target=\"_blank\" data-voc-vtm-id=\"in-text-traffic\" title=\"las semifinales de un Mundial oficial\" data-mrf-link=\"www.fifa.com\" rel=\"nofollow noopener\">las semifinales de un Mundial oficial<\/a> y antes de jugar contra Brasil, pa\u00eds meca del f\u00fatbol sala, era una vieja aspiraci\u00f3n que la FIFA tuvo a bien satisfacer este 2025 despu\u00e9s de d\u00e9cadas  &#8230; de encarnizada lucha. Pero la selecci\u00f3n quer\u00eda m\u00e1s. Lo transmit\u00edan las caras mientras sonaba el himno. Quer\u00eda estar en la final y ser la primera en levantar el trofeo. El curr\u00edculum, con tres Europeos en la vitrina, acompa\u00f1aba, pero una gran versi\u00f3n de la &#8216;canarinha&#8217; y los nervios iniciales de las de Claudia Pons lo evitaron.<\/p>\n<p class=\"voc-p\" style=\"\"><strong>En poco m\u00e1s de un minuto las campeonas de Sudam\u00e9rica se pusieron 0-2<\/strong> despu\u00e9s de que Ana Luiza y Amandinha, implacables, aprovecharan dos graves imprecisiones en el inicio de jugada de Espa\u00f1a, que comenz\u00f3 el choque algo <strong>agarrotada por la tensi\u00f3n<\/strong>. <\/p>\n<p class=\"voc-p\" style=\"\">Por primera vez en el torneo la selecci\u00f3n espa\u00f1ola se ve\u00eda por debajo en el marcador y lo acus\u00f3. Ante unas brasile\u00f1as que volaban sobre la pista azul y no dejaban de transmitir peligro, a las de Claudia Pons <strong>les costaba tejer jugadas, mantener la posesi\u00f3n y controlar sus espaldas<\/strong>. A\u00fan as\u00ed, en ese escenario de dominio amarillo, Vane Sotelo primero y Mar\u00eda Sanz despu\u00e9s consiguieron inquietar a la portera rival Bianca.<\/p>\n<p class=\"voc-p\" style=\"\">Sostenida atr\u00e1s por los reflejos de <strong>Elena<\/strong>, Espa\u00f1a comenz\u00f3 a crecer poco a poco con el paso de los minutos hasta mostrar su mejor versi\u00f3n en la recta final del primer acto. <strong>Ant\u00eda con un disparo desde su \u00e1rea que top\u00f3 con la cruceta<\/strong> e Irene C\u00f3rdoba en una acci\u00f3n dentro del \u00e1rea estuvieron a punto de reducir diferencias. Era por fin la Espa\u00f1a competitiva que se hab\u00eda visto en Filipinas, pero fue insuficiente para mover el marcador antes del descanso.<\/p>\n<p class=\"voc-p\" style=\"\">Necesitada, Espa\u00f1a busc\u00f3 el gol nada m\u00e1s salir de vestuarios, pero Emilly avis\u00f3 con un disparo a la cruceta de que no se iba a dejar avasallar. La tendencia cambi\u00f3 sensiblemente respecto al primer tiempo, con las de Claudia Pons m\u00e1s firmes en la pista, pero el colmillo brasile\u00f1o era el mismo, como demostr\u00f3 Debora Vanin con el 0-3 a los cinco minutos. Sin embargo, que la inercia era distinta lo demostr\u00f3 acto seguido <strong>Ale de Paz con el 1-3<\/strong> tras empujar un rechace a su propio disparo.<\/p>\n<p>\nEspa\u00f1a no se rinde\n<\/p>\n<p class=\"voc-p\" style=\"\">Con 13 minutos a\u00fan por delante, <strong>Espa\u00f1a sorprendi\u00f3 desplegando portera-jugadora<\/strong> y casi a la primera roz\u00f3 el gol Irene C\u00f3rdoba. Pero no hubo suerte y Brasil, tambi\u00e9n brillante con el mono de trabajo defensivo, no sufri\u00f3 en exceso. Si bien las campeonas de Europa nunca se rindieron, en una contra hizo Luana el 1-4 para cercenar las ilusiones espa\u00f1olas, sellar el pase brasile\u00f1o a la final -aunque se celebr\u00f3 como un t\u00edtulo- y dejar inaugurada la rivalidad oficial Espa\u00f1a-Brasil. Sin duda habr\u00e1 un sinf\u00edn de nuevos cap\u00edtulos. <\/p>\n<p class=\"voc-p\" style=\"\">La selecci\u00f3n espa\u00f1ola <strong>volver\u00e1 a saltar a la pista el domingo (10.00 horas) para despedirse del Mundial con la pelea por el bronce<\/strong> frente a Argentina. En la otra semifinal Portugal se deshizo sin contemplaciones (1-7) de una albiceleste que no sali\u00f3 a competir en la primera parte. Un 0-6 de parcial en los primeros veinte minutos bast\u00f3 a las subcampeonas de Europa para certificar el billete a la gran final sin excesivos sobresaltos. <\/p>\n<p class=\"voc-p\" style=\"\">\u00abLo primero es felicitar a Portugal y Brasil por la final. Sab\u00edamos que ellas sal\u00edan muy fuertes. Esos dos goles nos han penalizado y nos han hecho mucho da\u00f1o. Pero hemos intentado ser valientes e ir a por el partido, no hemos bajado los brazos, hemos tenido oportunidades y me quedo con esa lucha y con ese coraz\u00f3n\u00bb, resumi\u00f3 tras el choque la seleccionadora Claudia Pons. <\/p>\n<p>\n\u00abTenemos la oportunidad de llevarnos una medallita\u00bb\n<\/p>\n<p class=\"voc-p\" style=\"\">\u00abQuitando los cinco minutos del principio hemos hecho un gran partido. Eso nos ha penalizado, sab\u00edamos que sal\u00edan muy bien y lo han hecho otra vez. Ahora tenemos la oportunidad de llevarnos a casa una medallita y saldremos con muchas ganas para llev\u00e1rnosla\u00bb, agreg\u00f3 la goleadora espa\u00f1ola Ale de Paz, mirando ya al partido por el tercer y cuarto puesto.<\/p>\n","protected":false},"excerpt":{"rendered":"El sue\u00f1o estaba cumplido para Espa\u00f1a. Escuchar la Marcha Real en las semifinales de un Mundial oficial y&hellip;\n","protected":false},"author":2,"featured_media":272628,"comment_status":"","ping_status":"","sticky":false,"template":"","format":"standard","meta":{"footnotes":""},"categories":[93],"tags":[3216,30650,168,55958,25,24,1058,4191,23,167],"class_list":{"0":"post-272627","1":"post","2":"type-post","3":"status-publish","4":"format-standard","5":"has-post-thumbnail","7":"category-deportes","8":"tag-brasil","9":"tag-brillante","10":"tag-deportes","11":"tag-descarrilar","12":"tag-es","13":"tag-espana","14":"tag-final","15":"tag-paso","16":"tag-spain","17":"tag-sports"},"share_on_mastodon":{"url":"https:\/\/pubeurope.com\/@es\/115667459480536619","error":""},"_links":{"self":[{"href":"https:\/\/www.europesays.com\/es\/wp-json\/wp\/v2\/posts\/272627","targetHints":{"allow":["GET"]}}],"collection":[{"href":"https:\/\/www.europesays.com\/es\/wp-json\/wp\/v2\/posts"}],"about":[{"href":"https:\/\/www.europesays.com\/es\/wp-json\/wp\/v2\/types\/post"}],"author":[{"embeddable":true,"href":"https:\/\/www.europesays.com\/es\/wp-json\/wp\/v2\/users\/2"}],"replies":[{"embeddable":true,"href":"https:\/\/www.europesays.com\/es\/wp-json\/wp\/v2\/comments?post=272627"}],"version-history":[{"count":0,"href":"https:\/\/www.europesays.com\/es\/wp-json\/wp\/v2\/posts\/272627\/revisions"}],"wp:featuredmedia":[{"embeddable":true,"href":"https:\/\/www.europesays.com\/es\/wp-json\/wp\/v2\/media\/272628"}],"wp:attachment":[{"href":"https:\/\/www.europesays.com\/es\/wp-json\/wp\/v2\/media?parent=272627"}],"wp:term":[{"taxonomy":"category","embeddable":true,"href":"https:\/\/www.europesays.com\/es\/wp-json\/wp\/v2\/categories?post=272627"},{"taxonomy":"post_tag","embeddable":true,"href":"https:\/\/www.europesays.com\/es\/wp-json\/wp\/v2\/tags?post=272627"}],"curies":[{"name":"wp","href":"https:\/\/api.w.org\/{rel}","templated":true}]}}