{"id":272629,"date":"2025-12-05T14:35:12","date_gmt":"2025-12-05T14:35:12","guid":{"rendered":"https:\/\/www.europesays.com\/es\/272629\/"},"modified":"2025-12-05T14:35:12","modified_gmt":"2025-12-05T14:35:12","slug":"la-catedra-respira-vida-cumple-una-decada-impulsando-la-formacion-en-medicina-respiratoria","status":"publish","type":"post","link":"https:\/\/www.europesays.com\/es\/272629\/","title":{"rendered":"La C\u00e1tedra `Respira Vida cumple una d\u00e9cada impulsando la formaci\u00f3n en Medicina Respiratoria"},"content":{"rendered":"<p>Hace diez a\u00f1os, una alianza entre profesionales, universidad e industria dio lugar a un proyecto pionero: integrar la medicina respiratoria basada en la evidencia, la medicina centrada en el paciente, en la prevenci\u00f3n y en el diagn\u00f3stico temprano. Esta iniciativa se hizo realidad con la creaci\u00f3n de la C\u00e1tedra `Respira &#8230;            &#13;\n        <\/p>\n<p> &#13;<\/p>\n<p>Hace diez a\u00f1os, una alianza entre profesionales, universidad e industria dio lugar a un proyecto pionero: integrar la medicina respiratoria basada en la evidencia, la medicina centrada en el paciente, en la prevenci\u00f3n y en el diagn\u00f3stico temprano. Esta iniciativa se hizo realidad con la creaci\u00f3n de la C\u00e1tedra `Respira Vida&#8217; de la Universidad Aut\u00f3noma de Madrid (UAM) y la compa\u00f1\u00eda biofarmac\u00e9utica GSK. La C\u00e1tedra naci\u00f3 con el objetivo de formar a profesionales sanitarios, pacientes y cuidadores, mejorar la relaci\u00f3n m\u00e9dico-paciente y contribuir a la especializaci\u00f3n en Medicina Respiratoria. <\/p>\n<p>La rectora de la UAM,<strong> Amaya Mendikoetxea<\/strong>; y la presidenta de GSK, <strong>Cristina Henr\u00edquez de Luna<\/strong>; junto con el director de la C\u00e1tedra, el<strong> Dr. Julio Ancochea<\/strong>, han conmemorado el d\u00e9cimo aniversario de este proyecto, como una alianza s\u00f3lida que sigue trabajando por la innovaci\u00f3n, la prevenci\u00f3n y la humanizaci\u00f3n de la medicina respiratoria.<\/p>\n<p>Durante el acto de conmemoraci\u00f3n, Amaya Mendikoetxea ha manifestado que \u00abla creaci\u00f3n y continuidad de esta C\u00e1tedra, dedicada a las enfermedades respiratorias, demuestra que nuestra Universidad apuesta por el rigor cient\u00edfico en la medicina respiratoria, con una atenci\u00f3n centrada en el paciente, la prevenci\u00f3n y el diagn\u00f3stico temprano. El inter\u00e9s que suscita diez a\u00f1os despu\u00e9s de su puesta en marcha es una prueba de su vigencia\u00bb. <\/p>\n<p>La directora general de la Fundaci\u00f3n de la UAM, <strong>Roc\u00edo Schettini<\/strong>, ha se\u00f1alado que \u00abdesde la Fundaci\u00f3n de la Universidad Aut\u00f3noma de Madrid, nos sentimos profundamente orgullosos de haber impulsado, junto a GSK, un proyecto que ha marcado un hito en la formaci\u00f3n y la innovaci\u00f3n en medicina respiratoria. La C\u00e1tedra `Respira Vida&#8217; refleja nuestro compromiso con la excelencia acad\u00e9mica y la transferencia de conocimiento que, tras diez a\u00f1os, reafirmamos\u00a0con su renovaci\u00f3n.\u00bb<\/p>\n<p> &#13;<\/p>\n<p>Para el Dr. Julio Ancochea, jefe de Servicio de Neumolog\u00eda del Hospital Universitario de La Princesa, adem\u00e1s de profesor de la UAM y director de la C\u00e1tedra, \u00abla medicina respiratoria debe estar centrada en el paciente, as\u00ed como en la investigaci\u00f3n en biomedicina respiratoria. Esta tarea es la que tratamos de llevar a cabo desde la C\u00e1tedra Respira Vida, por donde han pasado ya algunos de los mejores profesionales de la salud respiratoria actuales. La renovaci\u00f3n del compromiso con GSK para mantener este proyecto contribuir\u00e1 a mejorar la salud de los pacientes con enfermedad pulmonar obstructiva cr\u00f3nica (EPOC), asma u otras patolog\u00edas respiratorias actuales y futuras\u00bb. <\/p>\n<p>Por su parte, Cristina Henr\u00edquez de Luna ha destacado la importancia de que exista una colaboraci\u00f3n estable y comprometida con el \u00e1mbito acad\u00e9mico. \u00abNuestro objetivo ha sido, desde el inicio, contribuir con programas de formaci\u00f3n, y con la difusi\u00f3n de los conocimientos en medicina respiratoria centrada en el paciente, desde un punto de vista preventivo y personalizado. Patolog\u00edas como la EPOC y el asma presentan un elevado infradiagn\u00f3stico y tienen un impacto en la calidad de vida que no siempre es conocido. Haber alcanzado una d\u00e9cada de vida es un \u00e9xito del que nos sentimos muy orgullosos\u00bb, ha afirmado. En sus palabras, \u00abla actividad de los \u00faltimos diez a\u00f1os de la C\u00e1tedra Respira Vida ha servido para formar a cientos de profesionales y ha estado alineada con nuestra misi\u00f3n como compa\u00f1\u00eda: unir ciencia, talento y tecnolog\u00eda para adelantarnos a la enfermedad\u00bb.<\/p>\n<p>GSK Espa\u00f1a mantiene durante hace m\u00e1s de 50 a\u00f1os un firme compromiso con la salud respiratoria, centrado en la investigaci\u00f3n y el desarrollo de innovaci\u00f3n que ayude a cambiar el manejo de las enfermedades respiratorias, pero tambi\u00e9n en la concienciaci\u00f3n y sensibilizaci\u00f3n, para ayudar a prevenir y detectar estas patolog\u00edas, en beneficio de la salud del paciente.<\/p>\n<p>En el marco de este compromiso, la C\u00e1tedra Respira Vida ha desarrollado numerosas actividades, tanto dirigidas a profesionales como a pacientes y sus cuidadores, y tambi\u00e9n a poblaci\u00f3n general, orientadas a la prevenci\u00f3n. <\/p>\n<p><strong>Pandemia, educaci\u00f3n del paciente y prevenci\u00f3n del tabaquismo <\/strong><\/p>\n<p>Entre las primeras, destacan algunas de las desarrolladas durante la pandemia, en los meses posteriores al confinamiento, como el webinar `Humanismo en tiempos de la Covid-19&#8242;, en enero de 2021, en el que investigadores y especialistas cl\u00ednicos debatieron sobre el aspecto emocional de la crisis sanitaria y c\u00f3mo avanzar hacia una medicina m\u00e1s humana, as\u00ed como aprender las lecciones del inicio de la pandemia.<\/p>\n<p>En 2019, la C\u00e1tedra puso en marcha un programa de talleres para personas con enfermedades respiratorias cuyos contenidos nacieron de las sugerencias de los propios pacientes a trav\u00e9s de los buzones `Respira Vida&#8217; creados para este fin en las consultas de Neumolog\u00eda del Hospital Universitario de La Princesa y del Centro de Especialidades Garc\u00eda Noblejas (Madrid). Esta actividad abord\u00f3 el manejo de inhaladores, la fisioterapia respiratoria y la nutrici\u00f3n EPOC.<\/p>\n<p>En cuanto a las iniciativas dirigidas a poblaci\u00f3n general, destaca la colaboraci\u00f3n de la C\u00e1tedra en la elaboraci\u00f3n y difusi\u00f3n del libro dirigido a ni\u00f1os y j\u00f3venes desde los 11 a\u00f1os `No y punto. Porque #FumarNoMola&#8217;, una historia sobre c\u00f3mo los adolescentes se enfrentan por primera vez al tabaco. El objetivo de este proyecto fue evitar que los menores comiencen a fumar, con informaci\u00f3n adaptada a su lenguaje. <\/p>\n<p>En el \u00faltimo a\u00f1o, destac\u00f3 la colaboraci\u00f3n en la mesa `Visionarios: innovaci\u00f3n y futuro en enfermedades respiratorias&#8217;, actividad educativa celebrada en el Hospital Universitario La Princesa, clave para mejorar la salud y la calidad de vida de los pacientes. <\/p>\n","protected":false},"excerpt":{"rendered":"Hace diez a\u00f1os, una alianza entre profesionales, universidad e industria dio lugar a un proyecto pionero: integrar la&hellip;\n","protected":false},"author":2,"featured_media":272630,"comment_status":"","ping_status":"","sticky":false,"template":"","format":"standard","meta":{"footnotes":""},"categories":[92],"tags":[112,21409,7377,33914,62565,66804,7798,7677,10726,13568,12926,2996,14808,25,24,20982,1141,7214,63997,9853,1080,165,66803,38113,1294,30687,681,4191,1092,47566,24025,5568,1135,38847,11056,166,66805,2930,23,3271,52930,2606],"class_list":{"0":"post-272629","1":"post","2":"type-post","3":"status-publish","4":"format-standard","5":"has-post-thumbnail","7":"category-salud","8":"tag-acciones","9":"tag-asma","10":"tag-avance","11":"tag-catedra","12":"tag-conjunta","13":"tag-contribuido","14":"tag-creacion","15":"tag-cumple","16":"tag-decada","17":"tag-delante","18":"tag-destacan","19":"tag-enfermedad","20":"tag-epoc","21":"tag-es","22":"tag-espana","23":"tag-especialistas","24":"tag-estar","25":"tag-formacion","26":"tag-formativos","27":"tag-gsk","28":"tag-ha","29":"tag-health","30":"tag-impulsando","31":"tag-iniciativa","32":"tag-investigacion","33":"tag-manejo","34":"tag-medicina","35":"tag-paso","36":"tag-patologias","37":"tag-permitira","38":"tag-programas","39":"tag-proyecto","40":"tag-renovacion","41":"tag-respira","42":"tag-respiratoria","43":"tag-salud","44":"tag-sensibilizacion","45":"tag-social","46":"tag-spain","47":"tag-su","48":"tag-uam","49":"tag-vida"},"share_on_mastodon":{"url":"","error":"Validation failed: Text character limit of 500 exceeded"},"_links":{"self":[{"href":"https:\/\/www.europesays.com\/es\/wp-json\/wp\/v2\/posts\/272629","targetHints":{"allow":["GET"]}}],"collection":[{"href":"https:\/\/www.europesays.com\/es\/wp-json\/wp\/v2\/posts"}],"about":[{"href":"https:\/\/www.europesays.com\/es\/wp-json\/wp\/v2\/types\/post"}],"author":[{"embeddable":true,"href":"https:\/\/www.europesays.com\/es\/wp-json\/wp\/v2\/users\/2"}],"replies":[{"embeddable":true,"href":"https:\/\/www.europesays.com\/es\/wp-json\/wp\/v2\/comments?post=272629"}],"version-history":[{"count":0,"href":"https:\/\/www.europesays.com\/es\/wp-json\/wp\/v2\/posts\/272629\/revisions"}],"wp:featuredmedia":[{"embeddable":true,"href":"https:\/\/www.europesays.com\/es\/wp-json\/wp\/v2\/media\/272630"}],"wp:attachment":[{"href":"https:\/\/www.europesays.com\/es\/wp-json\/wp\/v2\/media?parent=272629"}],"wp:term":[{"taxonomy":"category","embeddable":true,"href":"https:\/\/www.europesays.com\/es\/wp-json\/wp\/v2\/categories?post=272629"},{"taxonomy":"post_tag","embeddable":true,"href":"https:\/\/www.europesays.com\/es\/wp-json\/wp\/v2\/tags?post=272629"}],"curies":[{"name":"wp","href":"https:\/\/api.w.org\/{rel}","templated":true}]}}