{"id":272631,"date":"2025-12-05T14:36:16","date_gmt":"2025-12-05T14:36:16","guid":{"rendered":"https:\/\/www.europesays.com\/es\/272631\/"},"modified":"2025-12-05T14:36:16","modified_gmt":"2025-12-05T14:36:16","slug":"encuentro-con-la-cultura-de-la-uja-dedicado-a-carmen-martin-gaite-en-el-centenario-de-su-nacimiento-diario-digital-de-la-uja","status":"publish","type":"post","link":"https:\/\/www.europesays.com\/es\/272631\/","title":{"rendered":"Encuentro con la Cultura de la UJA dedicado a Carmen Mart\u00edn Gaite en el centenario de su nacimiento | Diario Digital de la UJA"},"content":{"rendered":"<p>Cristina Castillo, Nieves Muriel y Marta Torres.<\/p>\n<p>La Antigua Escuela de Magisterio de Ja\u00e9n ha acogido un nuevo Encuentro con la Cultura, dedicado a <strong>Carmen Mart\u00edn Gaite<\/strong>, por la efem\u00e9ride del centenario de su nacimiento. Organizado por el Vicerrectorado de Cultura de la UJA y coordinado por la profesora del \u00e1rea de Literatura Espa\u00f1ola de la Universidad de Ja\u00e9n <strong>Cristina Castillo Mart\u00ednez<\/strong>, el encuentro cont\u00f3 con la participaci\u00f3n de <strong>Nieves Muriel<\/strong>, poeta y profesora de la Universidad de M\u00e1laga, que imparti\u00f3 la conferencia titulada \u2018Perder el hilo. Libertad y escritura en Carmen Mart\u00edn Gaite (1925-2000).<\/p>\n<p>En el acto de inauguraci\u00f3n, la vicerrectora de Cultura, Marta Torres, record\u00f3 uno de los cuentos de primera juventud de Carmen Mart\u00edn Gaite, \u2018Desde el umbral\u2019, su primer cuento, fechado en Salamanca el 15 de marzo de 1948 y aparecido en la revista universitaria \u2018Trabajos y d\u00edas\u2019, en el que la autora centra su preocupaci\u00f3n en la rutina diaria vivida de la Facultad de Filolog\u00eda, en el Anaya, donde la protagonista estudia en ese momento. \u201cSe trata de un fragmento autobiogr\u00e1fico que refleja la angustia de la autora ante el mon\u00f3tono paso del tiempo. Celebremos, pues, el centenario de su nacimiento como se merece\u201d, afirm\u00f3 Marta Torres, que agradeci\u00f3 la disponibilidad e implicaci\u00f3n de la doctora Muriel.<\/p>\n<p>En este sentido, uno de los temas relevantes tratados en este Encuentro con la Cultura fue la relaci\u00f3n complicada de la escritora con el movimiento feminista, ya que Mart\u00edn Gaite fue siempre una defensora nata de la libertad, estaba muy en contra de que la encorsetaran con etiquetas y una de las etiquetas de las que se desmarc\u00f3 fue la de feminista, pues nunca se consider\u00f3 tal. Sin embargo, tanto su vida como su obra hablan de una mujer que vivi\u00f3, defendi\u00f3 y transmiti\u00f3 los valores del feminismo.<\/p>\n<p>Como colof\u00f3n, el p\u00fablico asistente pudo disfrutar de una muestra esc\u00e9nica, a partir de extractos de obras de Mart\u00edn Gaite, titulada \u2018Miranf\u00fa!\u2019 e interpretada por el Aula de Teatro de la UJA, dirigida por <strong>Ana Dolores Mena<\/strong>.<\/p>\n","protected":false},"excerpt":{"rendered":"Cristina Castillo, Nieves Muriel y Marta Torres. La Antigua Escuela de Magisterio de Ja\u00e9n ha acogido un nuevo&hellip;\n","protected":false},"author":2,"featured_media":272632,"comment_status":"","ping_status":"","sticky":false,"template":"","format":"standard","meta":{"footnotes":""},"categories":[91],"tags":[146,147,25,24,23],"class_list":{"0":"post-272631","1":"post","2":"type-post","3":"status-publish","4":"format-standard","5":"has-post-thumbnail","7":"category-entretenimiento","8":"tag-entertainment","9":"tag-entretenimiento","10":"tag-es","11":"tag-espana","12":"tag-spain"},"share_on_mastodon":{"url":"https:\/\/pubeurope.com\/@es\/115667467951203700","error":""},"_links":{"self":[{"href":"https:\/\/www.europesays.com\/es\/wp-json\/wp\/v2\/posts\/272631","targetHints":{"allow":["GET"]}}],"collection":[{"href":"https:\/\/www.europesays.com\/es\/wp-json\/wp\/v2\/posts"}],"about":[{"href":"https:\/\/www.europesays.com\/es\/wp-json\/wp\/v2\/types\/post"}],"author":[{"embeddable":true,"href":"https:\/\/www.europesays.com\/es\/wp-json\/wp\/v2\/users\/2"}],"replies":[{"embeddable":true,"href":"https:\/\/www.europesays.com\/es\/wp-json\/wp\/v2\/comments?post=272631"}],"version-history":[{"count":0,"href":"https:\/\/www.europesays.com\/es\/wp-json\/wp\/v2\/posts\/272631\/revisions"}],"wp:featuredmedia":[{"embeddable":true,"href":"https:\/\/www.europesays.com\/es\/wp-json\/wp\/v2\/media\/272632"}],"wp:attachment":[{"href":"https:\/\/www.europesays.com\/es\/wp-json\/wp\/v2\/media?parent=272631"}],"wp:term":[{"taxonomy":"category","embeddable":true,"href":"https:\/\/www.europesays.com\/es\/wp-json\/wp\/v2\/categories?post=272631"},{"taxonomy":"post_tag","embeddable":true,"href":"https:\/\/www.europesays.com\/es\/wp-json\/wp\/v2\/tags?post=272631"}],"curies":[{"name":"wp","href":"https:\/\/api.w.org\/{rel}","templated":true}]}}