{"id":272635,"date":"2025-12-05T14:38:11","date_gmt":"2025-12-05T14:38:11","guid":{"rendered":"https:\/\/www.europesays.com\/es\/272635\/"},"modified":"2025-12-05T14:38:11","modified_gmt":"2025-12-05T14:38:11","slug":"el-plan-moves-iii-recibe-oxigeno-con-una-inyeccion-de-400-millones-de-euros","status":"publish","type":"post","link":"https:\/\/www.europesays.com\/es\/272635\/","title":{"rendered":"El Plan Moves III recibe ox\u00edgeno con una inyecci\u00f3n de 400 millones de euros"},"content":{"rendered":"<p style=\"\">El <strong>Ministerio para la Transici\u00f3n Ecol\u00f3gica y Reto Demogr\u00e1fico<\/strong> ha acordado asignar 400 millones de euros adicionales para cubrir las solicitudes pendientes de clientes que esperan las ayudas del Plan Moves III de 2025 para la adquisici\u00f3n de un veh\u00edculo el\u00e9ctrico.<\/p>\n<p style=\"\">A trav\u00e9s del  &#8230; IDAE, el ministerio inform\u00f3 el pasado jueves a las comunidades aut\u00f3nomas de que se han ampliado los recursos presupuestarios asignados inicialmente. <\/p>\n<p class=\"voc-p\" style=\"\">La falta de presupuesto en el Plan Moves III ha generado hasta ahora una lista de espera de m\u00e1s de 40.000 clientes que est\u00e1n pendientes del cobro de las ayudas destinadas a la compra de veh\u00edculos el\u00e9ctricos. La cantidad pendiente de pago rondar\u00eda los 300 millones de euros.<\/p>\n<p class=\"voc-p\" style=\"\">El <strong>Plan Moves III<\/strong>, dotado inicialmente con 400 millones de euros, fue aprobado en la pasada primavera con car\u00e1cter retroactivo desde el 2 de enero de 2025 y con vigencia hasta el 31 de diciembre de 2025.<\/p>\n<p class=\"voc-p\" style=\"\">La mayor\u00eda de las comunidades aut\u00f3nomas ya han agotado estos fondos, por lo que se ha generado una lista de espera entre los compradores de veh\u00edculos el\u00e9ctricos que hab\u00edan solicitado las ayudas, y hasta ahora siguen pendientes de su abono. Una situaci\u00f3n que ahora podr\u00eda solucionarse con la anunciada ampliaci\u00f3n del presupuesto.<\/p>\n<p class=\"voc-p\" style=\"\">La concesi\u00f3n de las ayudas del Plan Moves III se realiza a trav\u00e9s de las comunidades aut\u00f3nomas y las ciudades de Ceuta y Melilla, que gestionan su distribuci\u00f3n <a href=\"https:\/\/www.abc.es\/motor\/economia\/coches-enchufables-exito-espana-20251205085500-nt.html\" target=\"_self\" data-voc-vtm-id=\"in-text-traffic\" title=\"dentro de sus respectivos territorios\" data-mrf-link=\"www.abc.es\" rel=\"nofollow noopener\">dentro de sus respectivos territorios<\/a>. Este enfoque descentralizado busca adaptar el programa a las necesidades espec\u00edficas de cada regi\u00f3n. Por tanto, las solicitudes deben presentarse a las comunidades aut\u00f3nomas o a las entidades colaboradoras que estas designen.<\/p>\n<p class=\"voc-p\" style=\"\">Esto implica que el tiempo que tardan en pagarse las ayudas del Plan MOVES III una vez solicitadas var\u00ede significativamente dependiendo de cada Comunidad Aut\u00f3noma. En t\u00e9rminos generales, <strong>el cobro puede demorarse entre ocho meses y dos a\u00f1os<\/strong> despu\u00e9s de la presentaci\u00f3n completa de la documentaci\u00f3n requerida. En cualquier caso, las autoridades disponen de un plazo de seis meses para resolver la solicitud desde que se le asignan fondos.<\/p>\n<p>\nNuevo Plan Auto 2030\n<\/p>\n<p class=\"voc-p\" style=\"\">Aparte de esta nueva consignaci\u00f3n presupuestaria para el Plan Moves II, el pr\u00f3ximo a\u00f1o entrar\u00e1 en vigor el Programa Auto Plus, i<a href=\"https:\/\/www.abc.es\/motor\/economia\/industria-anuncia-1280-millones-euros-impulsar-vehiculo-20251203130008-nt.html\" target=\"_self\" data-voc-vtm-id=\"in-text-traffic\" title=\"ntegrado en el Plan Auto 2030\" data-mrf-link=\"www.abc.es\" rel=\"nofollow noopener\">ntegrado en el Plan Auto 2030<\/a>, con una dotaci\u00f3n de 400 millones de euros para la compra de veh\u00edculos el\u00e9ctricos.<\/p>\n<p class=\"voc-p\" style=\"\">Este nuevo Plan contempla tres nuevas l\u00edneas de ayudas relacionadas con el veh\u00edculo el\u00e9ctrico para 2026, dotadas en total con 1.280 millones: un plan para la adquisici\u00f3n de coches, otro para la instalaci\u00f3n de puntos de recarga y m\u00e1s fondos para el Perte del Veh\u00edculo El\u00e9ctrico y Conectado.<\/p>\n","protected":false},"excerpt":{"rendered":"El Ministerio para la Transici\u00f3n Ecol\u00f3gica y Reto Demogr\u00e1fico ha acordado asignar 400 millones de euros adicionales para&hellip;\n","protected":false},"author":2,"featured_media":272636,"comment_status":"","ping_status":"","sticky":false,"template":"","format":"standard","meta":{"footnotes":""},"categories":[80],"tags":[11061,82,95,94,25,24,1557,16745,9658,4724,42391,9790,2568,3684,23],"class_list":{"0":"post-272635","1":"post","2":"type-post","3":"status-publish","4":"format-standard","5":"has-post-thumbnail","7":"category-economia","8":"tag-11061","9":"tag-business","10":"tag-economia","11":"tag-economy","12":"tag-es","13":"tag-espana","14":"tag-euros","15":"tag-iii","16":"tag-inyeccion","17":"tag-millones","18":"tag-moves","19":"tag-oxigeno","20":"tag-plan","21":"tag-recibe","22":"tag-spain"},"share_on_mastodon":{"url":"","error":""},"_links":{"self":[{"href":"https:\/\/www.europesays.com\/es\/wp-json\/wp\/v2\/posts\/272635","targetHints":{"allow":["GET"]}}],"collection":[{"href":"https:\/\/www.europesays.com\/es\/wp-json\/wp\/v2\/posts"}],"about":[{"href":"https:\/\/www.europesays.com\/es\/wp-json\/wp\/v2\/types\/post"}],"author":[{"embeddable":true,"href":"https:\/\/www.europesays.com\/es\/wp-json\/wp\/v2\/users\/2"}],"replies":[{"embeddable":true,"href":"https:\/\/www.europesays.com\/es\/wp-json\/wp\/v2\/comments?post=272635"}],"version-history":[{"count":0,"href":"https:\/\/www.europesays.com\/es\/wp-json\/wp\/v2\/posts\/272635\/revisions"}],"wp:featuredmedia":[{"embeddable":true,"href":"https:\/\/www.europesays.com\/es\/wp-json\/wp\/v2\/media\/272636"}],"wp:attachment":[{"href":"https:\/\/www.europesays.com\/es\/wp-json\/wp\/v2\/media?parent=272635"}],"wp:term":[{"taxonomy":"category","embeddable":true,"href":"https:\/\/www.europesays.com\/es\/wp-json\/wp\/v2\/categories?post=272635"},{"taxonomy":"post_tag","embeddable":true,"href":"https:\/\/www.europesays.com\/es\/wp-json\/wp\/v2\/tags?post=272635"}],"curies":[{"name":"wp","href":"https:\/\/api.w.org\/{rel}","templated":true}]}}