{"id":272637,"date":"2025-12-05T14:39:07","date_gmt":"2025-12-05T14:39:07","guid":{"rendered":"https:\/\/www.europesays.com\/es\/272637\/"},"modified":"2025-12-05T14:39:07","modified_gmt":"2025-12-05T14:39:07","slug":"militares-franceses-disparan-contra-cinco-drones-en-brest","status":"publish","type":"post","link":"https:\/\/www.europesays.com\/es\/272637\/","title":{"rendered":"Militares franceses disparan contra cinco drones en Brest"},"content":{"rendered":"<p>Militares de la base naval francesa de Ile Longe, junto al puerto de Brest (noroeste), en la que hay <strong>submarinos nucleares preparados para lanzar misiles con carga at\u00f3mica<\/strong>, dispararon este jueves contra cinco drones que fueron detectados cuando <strong>sobrevolaban de forma irregular las instalaciones<\/strong>.<\/p>\n<p>Los sobrevuelos de drones se han multiplicado en los \u00faltimos meses en instalaciones sensibles de varios pa\u00edses europeos, un fen\u00f3meno que con frecuencia se relaciona con operaciones de desestabilizaci\u00f3n pilotadas desde Rusia.<\/p>\n<p>Los responsables de la base activaron un dispositivo de lucha antidrones y el batall\u00f3n de fusileros marinos que se encarga de la seguridad efectu\u00f3 varios disparos, seg\u00fan varios medios de comunicaci\u00f3n que citan como fuente a la Gendarmer\u00eda, que no quiso dar m\u00e1s detalles.<\/p>\n<p>Las condiciones de luminosidad eran especialmente buenas el jueves por la noche sobre la rada de Brest, debido a la luna llena y a su \u00f3rbita cercana a la Tierra, un fen\u00f3meno frecuente denominado \u00absuperluna\u00bb.<\/p>\n<p>Una base estrat\u00e9gica<\/p>\n<p>Los hechos ocurrieron hacia las 19:30 horas y no era la primera vez que se se\u00f1alaban sobrevuelos en esa \u00e1rea de acceso prohibido, ya que en la noche del 17 al 18 de noviembre se hab\u00eda producido una situaci\u00f3n similar. <\/p>\n<p>La base de la Ile Longue es una de las m\u00e1s estrat\u00e9gicas para la fuerza de disuasi\u00f3n nuclear francesa porque<strong> all\u00ed est\u00e1n fondeados cuatro submarinos nucleares<\/strong>.<\/p>\n<p>En los \u00faltimos meses,  los avistamientos de <a href=\"https:\/\/www.rtve.es\/noticias\/20251104\/aeropuerto-bruselas-cierra-su-espacio-aereo-por-presencia-drones\/16801281.shtml\" target=\"_blank\" rel=\"nofollow noopener\">drones sobrevolando aeropuertos<\/a> y otros lugares sensibles, incluidos los militares, en el norte de Europa son cada vez m\u00e1s comunes y los dirigentes de estos pa\u00edses ven la mano de Mosc\u00fa detr\u00e1s de estas acciones.<\/p>\n","protected":false},"excerpt":{"rendered":"Militares de la base naval francesa de Ile Longe, junto al puerto de Brest (noroeste), en la que&hellip;\n","protected":false},"author":2,"featured_media":272638,"comment_status":"","ping_status":"","sticky":false,"template":"","format":"standard","meta":{"footnotes":""},"categories":[42],"tags":[17,18,13,14,11,61,62,63,64,19,20,9,10,15,16,12,21,22,65,66,67],"class_list":{"0":"post-272637","1":"post","2":"type-post","3":"status-publish","4":"format-standard","5":"has-post-thumbnail","7":"category-internacional","8":"tag-breaking-news","9":"tag-breakingnews","10":"tag-featured-news","11":"tag-featurednews","12":"tag-headlines","13":"tag-internacional","14":"tag-international","15":"tag-international-news","16":"tag-internationalnews","17":"tag-latest-news","18":"tag-latestnews","19":"tag-news","20":"tag-noticias","21":"tag-noticias-destacadas","22":"tag-noticiasdestacadas","23":"tag-titulares","24":"tag-ultimas-noticias","25":"tag-ultimasnoticias","26":"tag-world","27":"tag-world-news","28":"tag-worldnews"},"share_on_mastodon":{"url":"","error":""},"_links":{"self":[{"href":"https:\/\/www.europesays.com\/es\/wp-json\/wp\/v2\/posts\/272637","targetHints":{"allow":["GET"]}}],"collection":[{"href":"https:\/\/www.europesays.com\/es\/wp-json\/wp\/v2\/posts"}],"about":[{"href":"https:\/\/www.europesays.com\/es\/wp-json\/wp\/v2\/types\/post"}],"author":[{"embeddable":true,"href":"https:\/\/www.europesays.com\/es\/wp-json\/wp\/v2\/users\/2"}],"replies":[{"embeddable":true,"href":"https:\/\/www.europesays.com\/es\/wp-json\/wp\/v2\/comments?post=272637"}],"version-history":[{"count":0,"href":"https:\/\/www.europesays.com\/es\/wp-json\/wp\/v2\/posts\/272637\/revisions"}],"wp:featuredmedia":[{"embeddable":true,"href":"https:\/\/www.europesays.com\/es\/wp-json\/wp\/v2\/media\/272638"}],"wp:attachment":[{"href":"https:\/\/www.europesays.com\/es\/wp-json\/wp\/v2\/media?parent=272637"}],"wp:term":[{"taxonomy":"category","embeddable":true,"href":"https:\/\/www.europesays.com\/es\/wp-json\/wp\/v2\/categories?post=272637"},{"taxonomy":"post_tag","embeddable":true,"href":"https:\/\/www.europesays.com\/es\/wp-json\/wp\/v2\/tags?post=272637"}],"curies":[{"name":"wp","href":"https:\/\/api.w.org\/{rel}","templated":true}]}}