{"id":272639,"date":"2025-12-05T14:40:21","date_gmt":"2025-12-05T14:40:21","guid":{"rendered":"https:\/\/www.europesays.com\/es\/272639\/"},"modified":"2025-12-05T14:40:21","modified_gmt":"2025-12-05T14:40:21","slug":"muere-a-los-77-anos-el-periodista-y-escritor-alfonso-ussia-cultura","status":"publish","type":"post","link":"https:\/\/www.europesays.com\/es\/272639\/","title":{"rendered":"Muere a los 77 a\u00f1os el periodista y escritor Alfonso Uss\u00eda | Cultura"},"content":{"rendered":"<p class=\"\"><a href=\"https:\/\/elpais.com\/noticias\/alfonso-ussia\/\" target=\"_self\" rel=\"nofollow noopener\" title=\"https:\/\/elpais.com\/noticias\/alfonso-ussia\/\">Alfonso Uss\u00eda<\/a>, escritor y periodista, ha fallecido a los 77 a\u00f1os en Ruiloba, Cantabria. Le toc\u00f3 una Espa\u00f1a a rega\u00f1adientes, pero hizo, sobre esta tierra de humor \u00e1cido, el mejor humor de su tiempo. Heredero (directo) de <a href=\"https:\/\/elpais.com\/noticias\/pedro-munoz-seca\/\" target=\"_self\" rel=\"nofollow noopener\" title=\"https:\/\/elpais.com\/noticias\/pedro-munoz-seca\/\">Pedro Mu\u00f1oz Seca<\/a>, hijo del conde de los Gaitantes, Alfonso Uss\u00eda deja en herencia \u00e9l mismo a un humorista como \u00e9l, y un escritor formidable, que tambi\u00e9n se llama Alfonso, Alfonso Uss\u00eda, su hijo. <\/p>\n<p>M\u00e1s informaci\u00f3n<\/p>\n<p class=\"\">En otra vida el padre que ahora ha muerto hubiera sido un humorista ingl\u00e9s, como lo es su hijo, pero le toc\u00f3 la Espa\u00f1a de las herencias dif\u00edciles, aquellas que mezclaban lo que hab\u00eda sido el Mihura de El Sol con lo que fueron en la historia el grupo de <a href=\"https:\/\/elpais.com\/noticias\/la-codorniz\/\" target=\"_self\" rel=\"nofollow noopener\" title=\"https:\/\/elpais.com\/noticias\/la-codorniz\/\">La Codorniz<\/a> y su creador, \u00c1lvaro de Laiglesia. En este tiempo la pol\u00edtica, y sus antecedentes, hicieron de Uss\u00eda un humorista que, adem\u00e1s, era cr\u00edtico de lo que ocurr\u00eda, y no tan solo un humorista puro, como aquellos a los que, en definitiva, lleg\u00f3 a parecerse: los que, como Mihura, hac\u00edan risas que parec\u00edan inglesas. Era, por as\u00ed decirlo, el Mingote del humor dicho, una especie de dibujo hablado (o escrito) del <a href=\"https:\/\/elpais.com\/autor\/el-roto\/\" target=\"_self\" rel=\"nofollow noopener\" title=\"https:\/\/elpais.com\/autor\/el-roto\/\">Roto<\/a> o de <a href=\"https:\/\/elpais.com\/autor\/peridis\/\" target=\"_self\" rel=\"nofollow noopener\" title=\"https:\/\/elpais.com\/autor\/peridis\/\">Peridis<\/a>. <\/p>\n<p class=\"\">Uss\u00eda era, adem\u00e1s, un cultivador exquisito (a veces no tan comprendido) de la iron\u00eda, lo cual ha sido (y es) un problema grande en el pa\u00eds del mal humor y del peor encaje. Ni Tip ni Coll ni muchos de los que entonces acud\u00edan con \u00e9l a la radio (sobre todo) se esperaban que sus risas semanales crearan la mala uva en los que los escuchaban para exagerarlos, pues muchas veces eran m\u00e1s ben\u00e9volos sus humores que las s\u00e1tiras que los segu\u00edan. Salt\u00f3 por eso de unos medios a otros como si \u00e9l se lo estuviera buscando, cuando en realidad jam\u00e1s dej\u00f3 de ser el sat\u00edrico de sus primeras horas. <\/p>\n<p class=\"\">Esa Espa\u00f1a que lo escuchaban a \u00e9l y a sus ilustres acompa\u00f1antes (con <a href=\"https:\/\/elpais.com\/noticias\/luis-del-olmo\/\" target=\"_self\" rel=\"nofollow noopener\" title=\"https:\/\/elpais.com\/noticias\/luis-del-olmo\/\">Luis del Olmo<\/a>, sobre todo) se re\u00eda tambi\u00e9n, cada uno a su manera, con el Uss\u00eda de los peri\u00f3dicos, que era m\u00e1s de Mihura que de La Codorniz, y m\u00e1s del escritor puro que fue Uss\u00eda cuando no necesitaba de la pol\u00edtica (o de los pol\u00edticos) para ser genial y ocurrente, un s\u00e1tiro que tambi\u00e9n iba contra s\u00ed mismo.<\/p>\n<p class=\"\">Sus libros llevan su marchamo, desde sus titulares: Fustazos y Caricias, Sin acritud, Por fin entramos en Europa, Golfos, gafes y gorrones, Manual del ecologista co\u00f1azo\u2026 Sus premios son la esencia de su encuentro con el p\u00fablico, y su personaje m\u00e1s logrado, el marqu\u00e9s de Sotoancho, lo hicieron parte de la vida nacional de la s\u00e1tira que \u00e9l invent\u00f3, y de la realidad en la que se basaba. <\/p>\n<p class=\"\">Se re\u00eda del pa\u00eds, pero no siempre el pa\u00eds se rio con \u00e9l. Personajes que ten\u00edan tendencia a la co\u00f1a, como <a href=\"https:\/\/elpais.com\/noticias\/enrique-tierno-galvan\/\" target=\"_self\" rel=\"nofollow noopener\" title=\"https:\/\/elpais.com\/noticias\/enrique-tierno-galvan\/\">Tierno Galv\u00e1n<\/a> o como <a href=\"https:\/\/elpais.com\/noticias\/joaquin-leguina\/\" target=\"_self\" rel=\"nofollow noopener\" title=\"https:\/\/elpais.com\/noticias\/joaquin-leguina\/\">Joaqu\u00edn Leguina<\/a>, los llevaron a los tribunales, y seguramente despu\u00e9s fueron tambi\u00e9n sus amigos de la risa, pues Alfonso Uss\u00eda era uno escribiendo y otro era encontr\u00e1ndose con aquellos que lo tuvieran por enemigo hiriente. <\/p>\n<p class=\"\">Un hombre que pas\u00f3 a la historia como bonancible, pero que tambi\u00e9n ten\u00eda rejos inesperados, <a href=\"https:\/\/elpais.com\/noticias\/jose-luis-lopez-aranguren\/\" target=\"_self\" rel=\"nofollow noopener\" title=\"https:\/\/elpais.com\/noticias\/jose-luis-lopez-aranguren\/\">Jos\u00e9 Luis Aranguren<\/a>, lo llevo al pat\u00edbulo de las denuncias de entonces porque a \u00e9l se le ocurri\u00f3 llamarlo amarguren. Llam\u00f3 idiota y tonto a un dirigente catal\u00e1n de su disgusto, y este hombre decidi\u00f3 tambi\u00e9n llevarlo a los tribunales. Y no ser\u00eda el \u00fanico. Pero bastantes fueron los que se tomaron a mal su humor, que en definitiva no era otra cosa que animar con la vieja s\u00e1tira un nuevo modo de hacer de la vida pol\u00edtica una se\u00f1al lib\u00e9rrima de la libertad. El antecedente era Mihura, pero \u00e9ste ya no lo pod\u00eda defender.<\/p>\n<p class=\"\">Era, pues, un s\u00e1tiro de la pol\u00edtica que, por otra parte, no hac\u00eda otra cosa que re\u00edrse de un pa\u00eds en lo que \u00e9ste ten\u00eda de extravagante o de banal. Era el autor, por otra parte, de Co\u00f1ones del Reino de Espa\u00f1a, Cuentos disparatados o Del Coscorr\u00f3n a la seda, t\u00edtulos que, por otra parte, ya se\u00f1alaban el mundo de este ser que escribi\u00f3 esos libros y el de quienes los recibieron con enfado.<\/p>\n<p class=\"\">Fue pluma de varias cabeceras. Informaciones, Diario 16, Abc, La Raz\u00f3n\u2026 De este se fue porque no estaba de acuerdo con la pertenencia de la cabecera que tambi\u00e9n ostentaba el diario de Planeta. Y recal\u00f3 finalmente en El Debate\u2026 El director de este diario digital explic\u00f3 las razones de Alfonso Uss\u00eda para entrar en este otro barco de su vida de escritor y periodista: \u201cEl 29 de julio de 2021 invit\u00e9 a almorzar a Alfonso en el Real Club Mar\u00edtimo de Santander. Le cont\u00e9 el proyecto de renacimiento de El Debate y se apunt\u00f3 a nuestras filas con entusiasmo. Su abuelo, don Pedro Mu\u00f1oz Seca, hab\u00eda sido una de las firmas estrella de este diario hasta su asesinato en Paracuellos. Alguno de sus antiguos jefes nos advirti\u00f3 que nos iba a causar muchos disgustos\u201d. <\/p>\n<p class=\"\">En ese peri\u00f3dico culmin\u00f3 su carrera el que se hab\u00eda ido de Abc despu\u00e9s de que este diario se juntara con Vocento y, por tanto, pasara a ser parte del grupo vasco que controla El Correo.<\/p>\n<p class=\"\">Uss\u00eda estuvo, hasta el \u00faltimo suspiro, dictando a su hija el texto de cada d\u00eda. Hasta el martes, cuando ya no pudo m\u00e1s. Le sucede su hijo, que es de su estirpe, as\u00ed que queda Uss\u00eda para un buen rato. <\/p>\n","protected":false},"excerpt":{"rendered":"Alfonso Uss\u00eda, escritor y periodista, ha fallecido a los 77 a\u00f1os en Ruiloba, Cantabria. Le toc\u00f3 una Espa\u00f1a&hellip;\n","protected":false},"author":2,"featured_media":272640,"comment_status":"","ping_status":"","sticky":false,"template":"","format":"standard","meta":{"footnotes":""},"categories":[8],"tags":[66806,17,18,209,25,1598,24,13,14,11,19,20,9,10,15,16,724,2151,4041,23,12,21,22],"class_list":{"0":"post-272639","1":"post","2":"type-post","3":"status-publish","4":"format-standard","5":"has-post-thumbnail","7":"category-espana","8":"tag-alfonso-ussia","9":"tag-breaking-news","10":"tag-breakingnews","11":"tag-cultura","12":"tag-es","13":"tag-escritores","14":"tag-espana","15":"tag-featured-news","16":"tag-featurednews","17":"tag-headlines","18":"tag-latest-news","19":"tag-latestnews","20":"tag-news","21":"tag-noticias","22":"tag-noticias-destacadas","23":"tag-noticiasdestacadas","24":"tag-obituarios","25":"tag-periodismo","26":"tag-periodistas","27":"tag-spain","28":"tag-titulares","29":"tag-ultimas-noticias","30":"tag-ultimasnoticias"},"share_on_mastodon":{"url":"https:\/\/pubeurope.com\/@es\/115667483054707171","error":""},"_links":{"self":[{"href":"https:\/\/www.europesays.com\/es\/wp-json\/wp\/v2\/posts\/272639","targetHints":{"allow":["GET"]}}],"collection":[{"href":"https:\/\/www.europesays.com\/es\/wp-json\/wp\/v2\/posts"}],"about":[{"href":"https:\/\/www.europesays.com\/es\/wp-json\/wp\/v2\/types\/post"}],"author":[{"embeddable":true,"href":"https:\/\/www.europesays.com\/es\/wp-json\/wp\/v2\/users\/2"}],"replies":[{"embeddable":true,"href":"https:\/\/www.europesays.com\/es\/wp-json\/wp\/v2\/comments?post=272639"}],"version-history":[{"count":0,"href":"https:\/\/www.europesays.com\/es\/wp-json\/wp\/v2\/posts\/272639\/revisions"}],"wp:featuredmedia":[{"embeddable":true,"href":"https:\/\/www.europesays.com\/es\/wp-json\/wp\/v2\/media\/272640"}],"wp:attachment":[{"href":"https:\/\/www.europesays.com\/es\/wp-json\/wp\/v2\/media?parent=272639"}],"wp:term":[{"taxonomy":"category","embeddable":true,"href":"https:\/\/www.europesays.com\/es\/wp-json\/wp\/v2\/categories?post=272639"},{"taxonomy":"post_tag","embeddable":true,"href":"https:\/\/www.europesays.com\/es\/wp-json\/wp\/v2\/tags?post=272639"}],"curies":[{"name":"wp","href":"https:\/\/api.w.org\/{rel}","templated":true}]}}