{"id":272650,"date":"2025-12-05T14:51:13","date_gmt":"2025-12-05T14:51:13","guid":{"rendered":"https:\/\/www.europesays.com\/es\/272650\/"},"modified":"2025-12-05T14:51:13","modified_gmt":"2025-12-05T14:51:13","slug":"bertin-osborne-pone-fin-a-las-especulaciones-sobre-su-pelotazo-inmobiliario-y-su-casa-de-45-millones-de-euros-todo-es-mentira","status":"publish","type":"post","link":"https:\/\/www.europesays.com\/es\/272650\/","title":{"rendered":"Bert\u00edn Osborne pone fin a las especulaciones sobre su pelotazo inmobiliario y su casa de 4,5 millones de euros: \u201cTodo es mentira\u201d"},"content":{"rendered":"<p id=\"efozLrvM1f\" data-wc=\"101\">Falta de documentaci\u00f3n. O ausencia absoluta de ella. <strong>Bert\u00edn Osborne es contundente. Y categ\u00f3rico.<\/strong> Ni pone a la venta una mansi\u00f3n de mil metros cuadrados, ni se ha valorado en 4,5 millones de euros, ni est\u00e1 en La Florida, ni est\u00e1 especulando, ni est\u00e1 buscando comprador, ni se puede ver en el Idealista, ni mobiliario de lujo y \u00faltima tecnolog\u00eda.<strong>\u00a0Todo falso.\u00a0<\/strong><strong>\u201cMentira<\/strong><strong>\u201d.<\/strong> Nada de eso es, ni est\u00e1 pasando. Ni tampoco es posible que suceda en un futurible cercano. O lejano. Nada. Y todo, sencillamente, porque esa casa, que s\u00ed, que existe, no es de Bert\u00edn Osborne. No le pertenece.\u00a0<\/p>\n<p> <img src=\"https:\/\/www.europesays.com\/es\/wp-content\/uploads\/2025\/12\/199d0de654f3-dlu566117018.jpg\"   width=\"802\" height=\"1024\" loading=\"lazy\" decoding=\"async\" alt=\"Bert\u00edn Osborne llegando a la preboda de Constanza Villa-Mir en Sevilla el 4 de octubre de 2024\" fetchpriority=\"auto\" class=\"image ho-image\"\/>\u00a9 GTRESBert\u00edn Osborne ha zanjado de una vez la pol\u00e9mica en torno a la casa donde se hac\u00eda el programa &#8216;Mi casa es la tuya&#8217;<\/p>\n<p id=\"evBm0naZCH\" data-wc=\"162\">La noticia, como todo aquello que tiene que ver con el cantante de Como un vagabundo, se hac\u00eda viral en cuesti\u00f3n de minutos. Un\u00a0clickbait\u00a0de manual. Porque Bert\u00edn, para bien o para mal \u2014incluso mejor para mal, que la negatividad de las informaciones se estudia en las universidades de Periodismo\u2014, tiene tir\u00f3n. <strong>Todo lo que le rodea puede ser susceptible de noticia<\/strong>. Ya sean verdades como templos, ya sea busc\u00e1ndole tres pies al gato y haciendo retru\u00e9canos con sus declaraciones o, en este caso, echando mano de errores o informaciones incompletas, que no seremos nosotros quienes digamos que se act\u00faa de mala fe. Pero s\u00ed que, con cuatro trazos, hay veces que se pueden construir buenas historias. Otra cosa es que sean ciertas. Ya sabes \u201cno dejes que la realidad te destroce un buen titular\u201d \u00bfno? Pero es que <strong>a veces la falsedad es muy f\u00e1cil de demostrar. Basta con ir a la fuente. O al Registro de la Propiedad, vaya.<\/strong><\/p>\n<p> <img src=\"https:\/\/www.europesays.com\/es\/wp-content\/uploads\/2025\/12\/016402969fc1-dlu421907001.jpg\"   width=\"1024\" height=\"682\" loading=\"lazy\" decoding=\"async\" alt=\"El presentador y cantante Bert\u00edn Osborne durante la presentaci\u00f3n de su disco 'Yo deb\u00ed enamorarme de tu madre', en Madrid, 28 de noviembre de 2018\" fetchpriority=\"auto\" class=\"image ho-image\"\/>\u00a9 GTRESBert\u00edn Osborne present\u00f3 &#8216;Mi casa es la tuya&#8217; en Telecinco de 2016 a 2023<\/p>\n<p id=\"eiFikTH6tB\" data-wc=\"137\">Que el titular era demoledor. \u201cBert\u00edn Osborne pone a la venta su casa\u201d y los detalles que se daban a continuaci\u00f3n ten\u00edan toda la verosimilitud del mundo. Que si se trata de la vivienda en la que rodaron diferentes cap\u00edtulos del programa\u00a0<a class=\"hm-link ho-link\" href=\"https:\/\/www.hola.com\/actualidad\/20190919149766\/mi-casa-tuya-cancelacion-gt\/\" data-mrf-recirculation=\"article-body-link\" rel=\"nofollow noopener\" target=\"_blank\">Mi casa es la tuya<\/a>que si se ubica en La Florida, una de las colonias m\u00e1s exclusivas del norte de la capital, que si tiene m\u00e1s de mil metros de vivienda construidos, que si posee todo tipo de comodidades y la \u00faltima tecnolog\u00eda, que si cuenta con una parcela de 2.500 metros, con una master-suite de 44 metros cuadrados con ba\u00f1o completo, dos vestidores independientes, una cocina enorme (que la ve\u00edamos en la tele) un jard\u00edn, una piscina\u2026 Otra cosa muy distinta es que, siendo todo esto cierto, respondiera a la verdad \u00faltima (o primigenia).<\/p>\n<p> <img src=\"https:\/\/www.europesays.com\/es\/wp-content\/uploads\/2025\/12\/012d9a9d8ca7-bertin-osborne2-a.jpg\"   width=\"1024\" height=\"569\" loading=\"lazy\" decoding=\"async\" alt=\"bertin osborne2\" fetchpriority=\"auto\" class=\"image ho-image\"\/>Imagen del programa &#8216;Mi casa es la tuya&#8217;<\/p>\n<p> <img src=\"https:\/\/www.europesays.com\/es\/wp-content\/uploads\/2025\/12\/46c9ce3d8b23-banderas-bertin-turronero-gtres2.jpg\"   width=\"737\" height=\"1024\" loading=\"lazy\" decoding=\"async\" alt=\"Bert\u00edn Osborne en el estreno de 'Gypsy' en Madrid\" fetchpriority=\"auto\" class=\"image ho-image\"\/>\u00a9 GTRESBert\u00edn Osborne ahora triunfa en la televisi\u00f3n andaluza<\/p>\n<p id=\"e_IrsbbmlIb\" data-wc=\"86\"><strong>Y es que esa casa no es de Bert\u00edn. Nunca ha sido suya.<\/strong> Ni antes, ni durante, ni despu\u00e9s. Fin. Ergo, tampoco responde tampoco a ning\u00fan movimiento especulativo, ni se produce tras un acuerdo de manutenci\u00f3n con la madre de su hijo Arian David, <a class=\"hm-link ho-link\" href=\"https:\/\/www.hola.com\/actualidad\/20250821851199\/bertin-osborne-gabriela-guillen-posado-mas-sorprendente-video\/\" data-mrf-recirculation=\"article-body-link\" rel=\"nofollow noopener\" target=\"_blank\">Gabriela Guill\u00e9n\u2026\u00a0<\/a>Nada. Es m\u00e1s, Bert\u00edn ya no entra a seguir ahondando en explicaciones que, ya saben, si aclaras, oscureces. \u201cNi idea de ese tema\u201d,\u00a0dice el artista. \u201cEsa casa no es m\u00eda\u201d.\u00a0Y la apostilla no deja resquicio a la duda.<\/p>\n","protected":false},"excerpt":{"rendered":"Falta de documentaci\u00f3n. O ausencia absoluta de ella. Bert\u00edn Osborne es contundente. Y categ\u00f3rico. Ni pone a la&hellip;\n","protected":false},"author":2,"featured_media":272651,"comment_status":"","ping_status":"","sticky":false,"template":"","format":"standard","meta":{"footnotes":""},"categories":[174],"tags":[517,11194,255,146,147,25,24,256,23],"class_list":{"0":"post-272650","1":"post","2":"type-post","3":"status-publish","4":"format-standard","5":"has-post-thumbnail","7":"category-famosos","8":"tag-actualidad","9":"tag-bertin-osborne","10":"tag-celebrities","11":"tag-entertainment","12":"tag-entretenimiento","13":"tag-es","14":"tag-espana","15":"tag-famosos","16":"tag-spain"},"share_on_mastodon":{"url":"https:\/\/pubeurope.com\/@es\/115667526812522321","error":""},"_links":{"self":[{"href":"https:\/\/www.europesays.com\/es\/wp-json\/wp\/v2\/posts\/272650","targetHints":{"allow":["GET"]}}],"collection":[{"href":"https:\/\/www.europesays.com\/es\/wp-json\/wp\/v2\/posts"}],"about":[{"href":"https:\/\/www.europesays.com\/es\/wp-json\/wp\/v2\/types\/post"}],"author":[{"embeddable":true,"href":"https:\/\/www.europesays.com\/es\/wp-json\/wp\/v2\/users\/2"}],"replies":[{"embeddable":true,"href":"https:\/\/www.europesays.com\/es\/wp-json\/wp\/v2\/comments?post=272650"}],"version-history":[{"count":0,"href":"https:\/\/www.europesays.com\/es\/wp-json\/wp\/v2\/posts\/272650\/revisions"}],"wp:featuredmedia":[{"embeddable":true,"href":"https:\/\/www.europesays.com\/es\/wp-json\/wp\/v2\/media\/272651"}],"wp:attachment":[{"href":"https:\/\/www.europesays.com\/es\/wp-json\/wp\/v2\/media?parent=272650"}],"wp:term":[{"taxonomy":"category","embeddable":true,"href":"https:\/\/www.europesays.com\/es\/wp-json\/wp\/v2\/categories?post=272650"},{"taxonomy":"post_tag","embeddable":true,"href":"https:\/\/www.europesays.com\/es\/wp-json\/wp\/v2\/tags?post=272650"}],"curies":[{"name":"wp","href":"https:\/\/api.w.org\/{rel}","templated":true}]}}