{"id":272652,"date":"2025-12-05T14:54:14","date_gmt":"2025-12-05T14:54:14","guid":{"rendered":"https:\/\/www.europesays.com\/es\/272652\/"},"modified":"2025-12-05T14:54:14","modified_gmt":"2025-12-05T14:54:14","slug":"kiko-hernandez-se-aleja-del-universo-salvame-y-se-lanza-a-un-programa-tan-rompedor-como-lo-fue-gran-hermano-en-su-dia","status":"publish","type":"post","link":"https:\/\/www.europesays.com\/es\/272652\/","title":{"rendered":"Kiko Hern\u00e1ndez se aleja del universo &#8216;S\u00e1lvame&#8217; y se lanza a un programa \u00abtan rompedor como lo fue &#8216;Gran Hermano&#8217; en su d\u00eda\u00bb"},"content":{"rendered":"\n<p> En un panorama donde los viejos gigantes de la telerrealidad parecen perder fuelle, a excepci\u00f3n de Supervivientes, un nombre vuelve a colocarse en el centro del tablero medi\u00e1tico: <a href=\"https:\/\/www.elconfidencial.com\/television\/programas-tv\/2025-10-10\/no-somos-nadie-razon-ausencia-kiko-hernandez-ten_4225783\/\" target=\"_blank\" rel=\"nofollow noopener\"><strong>Kiko Hern\u00e1ndez<\/strong><\/a> El excolaborador de S\u00e1lvame, Ni que fu\u00e9ramos o Tent\u00e1culos, curtido en mil batallas televisivas, se convierte ahora en el maestro de ceremonias de <a href=\"https:\/\/www.elconfidencial.com\/television\/programas-tv\/2025-10-13\/la-casa-de-los-gemelos-polemico-reality-cancelado_4227438\/\" target=\"_blank\" rel=\"nofollow noopener\"><strong>La casa de los gemelos 2<\/strong><\/a>, el reality show creado por los hermanos Ramos que promete ser la gran sorpresa de este final de 2025 (se estrena este domingo 7 de diciembre en internet). <\/p>\n<p> Tras una primera edici\u00f3n que dur\u00f3 apenas nueve horas debido a los episodios de violencia y tensi\u00f3n extrema, pocos habr\u00edan apostado por una segunda temporada. Pero no contaban con un <a href=\"https:\/\/www.elconfidencial.com\/television\/programas-tv\/2025-12-01\/casa-gemelos-dos-concursantes_4258034\/\" target=\"_blank\" rel=\"nofollow noopener\">potente casting<\/a>, el apoyo de las redes sociales, un <strong>premio de 100.000 euros<\/strong> y ganas de hacer buen entretenimiento. <\/p>\n<p> El que fuera exconcursante de la tercera edici\u00f3n de Gran Hermano, ha explicado a trav\u00e9s de sus redes sociales por qu\u00e9 acepta este formato: <strong>\u00abEn el a\u00f1o 2000 innovamos la televisi\u00f3n con <\/strong><strong>GH<\/strong><strong>. <\/strong>Revolucionamos por completo la forma de entretener\u00bb. <\/p>\n<p> \u00abM\u00e1s de 50 millones de espectadores estaban pendientes. Desde entonces, la televisi\u00f3n ha cambiado: ahora se reparte entre el streaming, las plataformas y los canales tradicionales\u2026 y <strong>muchos de estos \u00faltimos han bajado la guardia hasta rozar el aburrimiento\u00bb, escribe.<\/strong> <\/p>\n<p> \u00abPor eso, cuando me proponen un proyecto verdaderamente innovador \u2014tan rompedor como lo fue Gran Hermano en su d\u00eda\u2014 algo dentro de m\u00ed se activa. Me presentan una <strong>idea divertida, absurda en el mejor sentido, un formato con el que puedes re\u00edr, desconectar, evadirte. <\/strong>Lo pones y te entretiene, te olvidas del mundo. Y eso, precisamente eso, es lo que me llena\u00bb, a\u00f1ade. <\/p>\n<blockquote class=\"instagram-media\" data-instgrm-captioned=\"\" data-instgrm-permalink=\"https:\/\/www.instagram.com\/p\/DR3H9c6DEcM\/?utm_source=ig_embed&amp;utm_campaign=loading\" data-instgrm-version=\"14\" style=\" background:#FFF; border:0; border-radius:3px; box-shadow:0 0 1px 0 rgba(0,0,0,0.5),0 1px 10px 0 rgba(0,0,0,0.15); margin: 1px; max-width:540px; min-width:326px; padding:0; width:99.375%; width:-webkit-calc(100% - 2px); width:calc(100% - 2px);\"\/>\n<p> \u00abPor eso he apostado por este proyecto. <strong>Gracias a los productores por confiar en m\u00ed como maestro de ceremonias y presentador. <\/strong>Apuesto por <strong>La Casa de los Gemelos 2<\/strong>, y ojal\u00e1 vengan muchas m\u00e1s ediciones a partir de \u00e9sta. Deseo que sea un \u00e9xito rotundo y que, desde hoy, no se hable de otra cosa que de <strong>La Casa de los Gemelos 2&#8243;<\/strong>, sentencia. <\/p>\n<p> Pero Kiko no estar\u00e1 solo. <strong>Lo acompa\u00f1an V\u00edctor Sandoval como El dictador y Coto Matamoros como El verdugo. <\/strong>De esta forma se juntan tres figuras que, juntas, evocan inevitablemente el esp\u00edritu m\u00e1s gamberro y emocional de S\u00e1lvame. <\/p>\n<p> Las redes lo han recibido como un <strong>reencuentro explosivo<\/strong>, ya que Kiko y Coto vuelven a compartir proyecto a\u00f1os despu\u00e9s de una relaci\u00f3n marcada por tensiones televisivas en Cr\u00f3nicas marcianas. \u00bfHabr\u00e1 revancha? \u00bfHabr\u00e1 reconciliaci\u00f3n? Internet ya toma posiciones con palomitas en mano. <\/p>\n<p> En un panorama donde los viejos gigantes de la telerrealidad parecen perder fuelle, a excepci\u00f3n de Supervivientes, un nombre vuelve a colocarse en el centro del tablero medi\u00e1tico: <a href=\"https:\/\/www.elconfidencial.com\/television\/programas-tv\/2025-10-10\/no-somos-nadie-razon-ausencia-kiko-hernandez-ten_4225783\/\" target=\"_blank\" rel=\"nofollow noopener\"><strong>Kiko Hern\u00e1ndez<\/strong><\/a> El excolaborador de S\u00e1lvame, Ni que fu\u00e9ramos o Tent\u00e1culos, curtido en mil batallas televisivas, se convierte ahora en el maestro de ceremonias de <a href=\"https:\/\/www.elconfidencial.com\/television\/programas-tv\/2025-10-13\/la-casa-de-los-gemelos-polemico-reality-cancelado_4227438\/\" target=\"_blank\" rel=\"nofollow noopener\"><strong>La casa de los gemelos 2<\/strong><\/a>, el reality show creado por los hermanos Ramos que promete ser la gran sorpresa de este final de 2025 (se estrena este domingo 7 de diciembre en internet). <\/p>\n<p>              <script async src=\"\/\/www.instagram.com\/embed.js\"><\/script><\/p>\n","protected":false},"excerpt":{"rendered":"En un panorama donde los viejos gigantes de la telerrealidad parecen perder fuelle, a excepci\u00f3n de Supervivientes, un&hellip;\n","protected":false},"author":2,"featured_media":272653,"comment_status":"","ping_status":"","sticky":false,"template":"","format":"standard","meta":{"footnotes":""},"categories":[171],"tags":[146,147,25,24,23,214],"class_list":{"0":"post-272652","1":"post","2":"type-post","3":"status-publish","4":"format-standard","5":"has-post-thumbnail","7":"category-tv","8":"tag-entertainment","9":"tag-entretenimiento","10":"tag-es","11":"tag-espana","12":"tag-spain","13":"tag-tv"},"share_on_mastodon":{"url":"https:\/\/pubeurope.com\/@es\/115667538079741739","error":""},"_links":{"self":[{"href":"https:\/\/www.europesays.com\/es\/wp-json\/wp\/v2\/posts\/272652","targetHints":{"allow":["GET"]}}],"collection":[{"href":"https:\/\/www.europesays.com\/es\/wp-json\/wp\/v2\/posts"}],"about":[{"href":"https:\/\/www.europesays.com\/es\/wp-json\/wp\/v2\/types\/post"}],"author":[{"embeddable":true,"href":"https:\/\/www.europesays.com\/es\/wp-json\/wp\/v2\/users\/2"}],"replies":[{"embeddable":true,"href":"https:\/\/www.europesays.com\/es\/wp-json\/wp\/v2\/comments?post=272652"}],"version-history":[{"count":0,"href":"https:\/\/www.europesays.com\/es\/wp-json\/wp\/v2\/posts\/272652\/revisions"}],"wp:featuredmedia":[{"embeddable":true,"href":"https:\/\/www.europesays.com\/es\/wp-json\/wp\/v2\/media\/272653"}],"wp:attachment":[{"href":"https:\/\/www.europesays.com\/es\/wp-json\/wp\/v2\/media?parent=272652"}],"wp:term":[{"taxonomy":"category","embeddable":true,"href":"https:\/\/www.europesays.com\/es\/wp-json\/wp\/v2\/categories?post=272652"},{"taxonomy":"post_tag","embeddable":true,"href":"https:\/\/www.europesays.com\/es\/wp-json\/wp\/v2\/tags?post=272652"}],"curies":[{"name":"wp","href":"https:\/\/api.w.org\/{rel}","templated":true}]}}