{"id":272654,"date":"2025-12-05T14:55:14","date_gmt":"2025-12-05T14:55:14","guid":{"rendered":"https:\/\/www.europesays.com\/es\/272654\/"},"modified":"2025-12-05T14:55:14","modified_gmt":"2025-12-05T14:55:14","slug":"cambio-para-siempre-nuestras-vidas","status":"publish","type":"post","link":"https:\/\/www.europesays.com\/es\/272654\/","title":{"rendered":"Cambi\u00f3 para siempre nuestras vidas"},"content":{"rendered":"<p class=\"paragraph\">A pesar de que hace casi tres d\u00e9cadas que separaron sus caminos, la llama de H\u00e9roes del Silencio <b>se mantiene muy viva <\/b>a ambos lados del Atl\u00e1ntico. <a href=\"https:\/\/www.heraldo.es\/noticias\/ocio-y-cultura\/2025\/11\/22\/invitacion-heroes-silencio-fans-zaragoza-banda-exposicion-1872551.html\" title=\"La invitaci\u00f3n de H\u00e9roes del Silencio a sus fans: &quot;En nombre de toda la banda, ser\u00e9is bienvenidos&quot;\" rel=\"nofollow noopener\" target=\"_blank\">Reediciones de sus discos, exposiciones, art\u00edculos y, sobre todo, una base de fans muy numerosa, alimentan la pasi\u00f3n por la banda zaragozana.\u00a0<\/a><\/p>\n<p class=\"paragraph\">Y cada una de las publicaciones del grupo en sus redes sociales oficiales es motivo de inter\u00e9s. En esta ocasi\u00f3n se han expresado para <b>celebrar el 35 aniversario del lanzamiento de Senderos de traici\u00f3n, <\/b>su segundo disco de estudio y su entrada por la puerta grande en las grandes ligas de la industria musical.\u00a0<\/p>\n<p class=\"paragraph\">En un escueto mensaje, el cuarteto zaragozano enfatiza la importancia que tuvo ese \u00e1lbum en su exitosa carrera: \u00abUn 4 de diciembre de 1990 se publicaba el \u00e1lbum que cambiar\u00eda para siempre nuestra carrera y nuestras vidas. Senderos de traici\u00f3n fue el segundo \u00e1lbum de estudio, y <b>nos abri\u00f3 dos puertas important\u00edsimas: la de Europa y la de Latinoam\u00e9rica\u00bb.<\/b> Unas palabras que denotan el valor que Enrique Bunbury, Joaqu\u00edn Cardiel, Juan Valdivia y Pedro Andreu le otorgan a esta obra.\u00a0<\/p>\n<p class=\"paragraph\">Aquel \u00e1lbum constituy\u00f3 su primer n\u00famero 1, logr\u00f3 unas ventas gigantescas y est\u00e1 considerado uno de los m\u00e1s importantes de la historia musical espa\u00f1ola. <b>Fue grabado en los m\u00edticos y hoy desaparecidos estudios Kirios<\/b>\u00a0de Madrid bajo la producci\u00f3n de Phil Manzanera y posteriormente fue mezclado en Metropolis Studios (Londres) con Keith Bessey como ingeniero de sonido y mezclas.<\/p>\n<p class=\"paragraph\">Senderos de traici\u00f3n fue adem\u00e1s el trabajo que dio <b>el pistoletazo de salida a la carrera internacional de la banda,<\/b> tanto en Latinoam\u00e9rica, terreno que ya otras bandas espa\u00f1olas hab\u00edan explorado con \u00e9xito, como, m\u00e1s dif\u00edcil todav\u00eda, en Europa, pese a cantar en castellano.<\/p>\n<p class=\"paragraph\">Pese a los recelos iniciales de su discogr\u00e1fica, el disco <b>vendi\u00f3 en su momento 250.000 copias en Alemania<\/b> y 100.000 en Italia. Desde entonces, se han publicado varias reediciones.\u00a0<\/p>\n","protected":false},"excerpt":{"rendered":"A pesar de que hace casi tres d\u00e9cadas que separaron sus caminos, la llama de H\u00e9roes del Silencio&hellip;\n","protected":false},"author":2,"featured_media":169954,"comment_status":"","ping_status":"","sticky":false,"template":"","format":"standard","meta":{"footnotes":""},"categories":[170],"tags":[9807,146,147,25,24,8047,184,185,23],"class_list":{"0":"post-272654","1":"post","2":"type-post","3":"status-publish","4":"format-standard","5":"has-post-thumbnail","7":"category-musica","8":"tag-aniversario","9":"tag-entertainment","10":"tag-entretenimiento","11":"tag-es","12":"tag-espana","13":"tag-heroes-del-silencio","14":"tag-music","15":"tag-musica","16":"tag-spain"},"share_on_mastodon":{"url":"https:\/\/pubeurope.com\/@es\/115667542054688557","error":""},"_links":{"self":[{"href":"https:\/\/www.europesays.com\/es\/wp-json\/wp\/v2\/posts\/272654","targetHints":{"allow":["GET"]}}],"collection":[{"href":"https:\/\/www.europesays.com\/es\/wp-json\/wp\/v2\/posts"}],"about":[{"href":"https:\/\/www.europesays.com\/es\/wp-json\/wp\/v2\/types\/post"}],"author":[{"embeddable":true,"href":"https:\/\/www.europesays.com\/es\/wp-json\/wp\/v2\/users\/2"}],"replies":[{"embeddable":true,"href":"https:\/\/www.europesays.com\/es\/wp-json\/wp\/v2\/comments?post=272654"}],"version-history":[{"count":0,"href":"https:\/\/www.europesays.com\/es\/wp-json\/wp\/v2\/posts\/272654\/revisions"}],"wp:featuredmedia":[{"embeddable":true,"href":"https:\/\/www.europesays.com\/es\/wp-json\/wp\/v2\/media\/169954"}],"wp:attachment":[{"href":"https:\/\/www.europesays.com\/es\/wp-json\/wp\/v2\/media?parent=272654"}],"wp:term":[{"taxonomy":"category","embeddable":true,"href":"https:\/\/www.europesays.com\/es\/wp-json\/wp\/v2\/categories?post=272654"},{"taxonomy":"post_tag","embeddable":true,"href":"https:\/\/www.europesays.com\/es\/wp-json\/wp\/v2\/tags?post=272654"}],"curies":[{"name":"wp","href":"https:\/\/api.w.org\/{rel}","templated":true}]}}