{"id":272659,"date":"2025-12-05T14:58:16","date_gmt":"2025-12-05T14:58:16","guid":{"rendered":"https:\/\/www.europesays.com\/es\/272659\/"},"modified":"2025-12-05T14:58:16","modified_gmt":"2025-12-05T14:58:16","slug":"sanidad-eleva-a-nivel-1-el-protocolo-por-gripe-ante-una-incidencia-que-triplica-la-del-ano-pasado","status":"publish","type":"post","link":"https:\/\/www.europesays.com\/es\/272659\/","title":{"rendered":"Sanidad eleva a nivel 1 el protocolo por gripe ante una incidencia que triplica la del a\u00f1o pasado"},"content":{"rendered":"<p> Se recomienda el uso de mascarilla en centros sanitarios ante la previsi\u00f3n de que el pico se adelante a las fechas navide\u00f1as. <img fetchpriority=\"high\" decoding=\"async\" width=\"1125\" height=\"844\" data-lazy-type=\"image\" src=\"https:\/\/www.europesays.com\/es\/wp-content\/uploads\/2025\/12\/G7Y4r2_X0AAl8an-edited.webp.webp\" alt=\"\" class=\"lazy lazy-hidden wp-image-610254\"  \/><\/p>\n<p>Sanidad eleva a nivel 1 el protocolo por gripe ante una incidencia que triplica la del a\u00f1o pasado \/ Foto: La Radio Canaria. <\/p>\n<p>Los niveles de incidencia de gripe contin\u00faan en ascenso en el Archipi\u00e9lago y se han <strong>multiplicado por tres respecto al mismo periodo del a\u00f1o pasado<\/strong>, seg\u00fan ha confirmado este martes el director del <strong>Servicio Canario de la Salud<\/strong> (SCS), <strong>Adasat Goya<\/strong>, en De La Noche Al D\u00eda de <strong>La Radio Canaria<\/strong>, con <strong>Est\u00edbaliz P\u00e9rez<\/strong>.<\/p>\n<p><a href=\"https:\/\/rtvc.es\/casos-noviembre-gripe-canarias-4-diciembre-2025\/\" rel=\"nofollow noopener\" target=\"_blank\">El crecimiento sostenido de los casos <\/a>ha llevado al <strong>Gobierno de Canarias<\/strong> a <strong>activar el nivel 1 del protocolo de respuesta<\/strong> acordado con el <strong>Ministerio de Sanidad.<\/strong> Aunque este cambio no implica nuevas obligaciones, s\u00ed <strong>refuerza las recomendaciones<\/strong>: uso de mascarilla en caso de s\u00edntomas y en centros sanitarios, adem\u00e1s de extremar la higiene de manos.<\/p>\n<p>\u201c<strong>Pasamos al nivel 1. Estamos en 70 casos de gripe por cada 100.000 habitantes y rondamos los 700 por cada 100.000 en infecciones respiratorias<\/strong>\u201d, detall\u00f3 Goya. <\/p>\n<p>Con estos datos, el SCS prev\u00e9 que el <strong>pico de la gripe podr\u00eda adelantarse<\/strong> y coincidir con las fiestas navide\u00f1as. \u201cSiempre las reuniones familiares o laborales incrementan la incidencia. En plenas fiestas estaremos en un punto \u00e1lgido\u201d, advirti\u00f3.<\/p>\n<p> <img loading=\"lazy\" decoding=\"async\" width=\"677\" height=\"479\" data-lazy-type=\"image\" src=\"https:\/\/www.europesays.com\/es\/wp-content\/uploads\/2025\/12\/HUC.webp.webp\" alt=\"El HUC analiza por primera vez en pr\u00e1ctica cl\u00ednica real el impacto de la intervenci\u00f3n terap\u00e9utica en la calidad de vida de estos pacientes\" class=\"lazy lazy-hidden wp-image-607452\"  \/><\/p>\n<p>Se recomienda el uso de mascarilla en centros sanitarios ante la previsi\u00f3n de que el pico se adelante a las fechas navide\u00f1as \/ Foto: Archivo RTVC. <strong>Urgencias con alta ocupaci\u00f3n, pero mejor preparadas<\/strong> <\/p>\n<p>El director del SCS explic\u00f3 tambi\u00e9n que, pese al aumento de la circulaci\u00f3n del virus, la presi\u00f3n asistencial es m\u00e1s favorable que la del pasado invierno. \u201c<strong>Aunque estemos en una situaci\u00f3n peor en incidencia, la respuesta est\u00e1 siendo mucho mejor<\/strong>\u201d, afirm\u00f3.<\/p>\n<p>Goya se\u00f1al\u00f3 que las <strong>urgencias hospitalarias ya muestran altos niveles de ocupaci\u00f3n<\/strong> en ambas provincias, pero destac\u00f3 que los centros sanitarios se encuentran \u201cmucho m\u00e1s preparados\u201d que el a\u00f1o anterior. Esto, dijo, se debe a las obras de renovaci\u00f3n y ampliaci\u00f3n de infraestructuras y a la <strong>contrataci\u00f3n de personal<\/strong>, que ha permitido <strong>duplicar los equipos de urgencias<\/strong> respecto a 2023.<\/p>\n<p>El responsable del SCS insisti\u00f3 en la importancia de mantener las medidas preventivas y record\u00f3 que el comportamiento de la gripe cada temporada est\u00e1 estrechamente ligado a los movimientos sociales y festivos.<\/p>\n<p>\u201c<strong>La previsi\u00f3n es que el pico llegue antes. Estamos avanzando r\u00e1pido<\/strong>, pero tenemos capacidad de respuesta\u201d, concluy\u00f3.<\/p>\n","protected":false},"excerpt":{"rendered":"Se recomienda el uso de mascarilla en centros sanitarios ante la previsi\u00f3n de que el pico se adelante&hellip;\n","protected":false},"author":2,"featured_media":272660,"comment_status":"","ping_status":"","sticky":false,"template":"","format":"standard","meta":{"footnotes":""},"categories":[92],"tags":[25,24,7749,165,66374,58057,62033,166,1811,23,12353],"class_list":{"0":"post-272659","1":"post","2":"type-post","3":"status-publish","4":"format-standard","5":"has-post-thumbnail","7":"category-salud","8":"tag-es","9":"tag-espana","10":"tag-gripe","11":"tag-health","12":"tag-la-radio-canaria","13":"tag-mascarillas","14":"tag-rtvc","15":"tag-salud","16":"tag-sanidad","17":"tag-spain","18":"tag-urgencias"},"share_on_mastodon":{"url":"https:\/\/pubeurope.com\/@es\/115667554310072085","error":""},"_links":{"self":[{"href":"https:\/\/www.europesays.com\/es\/wp-json\/wp\/v2\/posts\/272659","targetHints":{"allow":["GET"]}}],"collection":[{"href":"https:\/\/www.europesays.com\/es\/wp-json\/wp\/v2\/posts"}],"about":[{"href":"https:\/\/www.europesays.com\/es\/wp-json\/wp\/v2\/types\/post"}],"author":[{"embeddable":true,"href":"https:\/\/www.europesays.com\/es\/wp-json\/wp\/v2\/users\/2"}],"replies":[{"embeddable":true,"href":"https:\/\/www.europesays.com\/es\/wp-json\/wp\/v2\/comments?post=272659"}],"version-history":[{"count":0,"href":"https:\/\/www.europesays.com\/es\/wp-json\/wp\/v2\/posts\/272659\/revisions"}],"wp:featuredmedia":[{"embeddable":true,"href":"https:\/\/www.europesays.com\/es\/wp-json\/wp\/v2\/media\/272660"}],"wp:attachment":[{"href":"https:\/\/www.europesays.com\/es\/wp-json\/wp\/v2\/media?parent=272659"}],"wp:term":[{"taxonomy":"category","embeddable":true,"href":"https:\/\/www.europesays.com\/es\/wp-json\/wp\/v2\/categories?post=272659"},{"taxonomy":"post_tag","embeddable":true,"href":"https:\/\/www.europesays.com\/es\/wp-json\/wp\/v2\/tags?post=272659"}],"curies":[{"name":"wp","href":"https:\/\/api.w.org\/{rel}","templated":true}]}}