{"id":272661,"date":"2025-12-05T14:59:09","date_gmt":"2025-12-05T14:59:09","guid":{"rendered":"https:\/\/www.europesays.com\/es\/272661\/"},"modified":"2025-12-05T14:59:09","modified_gmt":"2025-12-05T14:59:09","slug":"leon-xiv-se-reune-con-el-actor-benigni-tu-pedro-habla-de-amor","status":"publish","type":"post","link":"https:\/\/www.europesays.com\/es\/272661\/","title":{"rendered":"Le\u00f3n XIV se re\u00fane con el actor Benigni: \u00abtu Pedro habla de amor\u00bb"},"content":{"rendered":"<p>El Pont\u00edfice ha visto en primicia algunos fragmentos del nuevo mon\u00f3logo del actor ganador de un \u00d3scar dedicado a \u00abPietro, un uomo nel vento\u00bb (Pedro, un hombre en el viento), que se emitir\u00e1 en la televisi\u00f3n italiana el pr\u00f3ximo 10 de diciembre. El Papa y el c\u00f3mico, adem\u00e1s de hablar del primer Vicario de Cristo, tambi\u00e9n han hablado de cine, de Dante y de San Agust\u00edn.<\/p>\n<p><b>Vatican News<\/b><\/p>\n<p>Le\u00f3n XIV se reuni\u00f3 esta tarde, 4 de diciembre, en el Palacio Apost\u00f3lico con el actor italiano Roberto Benigni.<\/p>\n<p>El Papa ha podido ver algunos extractos del mon\u00f3logo de Benigni sobre \u00abPietro, un uomo nel vento\u00bb, que se emitir\u00e1 en Rai1, de la televisi\u00f3n italiana, el pr\u00f3ximo 10 de diciembre en horario de m\u00e1xima audiencia. La pel\u00edcula se ha presentado esta ma\u00f1ana en primicia mundial a la prensa en el Museo MAXXI de Roma. Al final de la proyecci\u00f3n de la nueva obra de Benigni, el Pont\u00edfice ha exclamado: \u00abQu\u00e9 bonito, habla de amor\u00bb.<\/p>\n<p>Cine, Dante y San Agust\u00edn <\/p>\n<p>Durante el encuentro, el Pont\u00edfice y el actor italiano hablaron de cine, de la pel\u00edcula \u00abLa vida es bella\u00bb \u2014con la que Benigni gan\u00f3 el \u00d3scar en 1999 y que el Papa ha incluido recientemente entre sus cuatro pel\u00edculas favoritas\u2014 y de \u00abLa vida es maravillosa\u00bb, la pel\u00edcula navide\u00f1a del director estadounidense Frank Capra.\u00a0El Papa y Benigni tambi\u00e9n conversaron sobre la vida de San Pedro, Dante y San Agust\u00edn, la Divina Comedia y las Confesiones, el libro m\u00e1s famoso del obispo de Hipona.<\/p>\n<p>Tambi\u00e9n participaron en el encuentro el prefecto del Dicasterio para la Comunicaci\u00f3n, Paolo Ruffini; el director de Vatican Media, Stefano D&#8217;Agostini; Giampaolo Rossi, director general de la RAI; y Simona Ercolani, directora ejecutiva y creativa de Stand by Me, productora, junto con Vatican Media, del mon\u00f3logo \u00abPietro un uomo nel vento\u00bb (Pedro, un hombre en el viento).<\/p>\n<p>\u00a0<\/p>\n","protected":false},"excerpt":{"rendered":"El Pont\u00edfice ha visto en primicia algunos fragmentos del nuevo mon\u00f3logo del actor ganador de un \u00d3scar dedicado&hellip;\n","protected":false},"author":2,"featured_media":272662,"comment_status":"","ping_status":"","sticky":false,"template":"","format":"standard","meta":{"footnotes":""},"categories":[91],"tags":[177,402,146,147,25,24,628,400,23,403],"class_list":{"0":"post-272661","1":"post","2":"type-post","3":"status-publish","4":"format-standard","5":"has-post-thumbnail","7":"category-entretenimiento","8":"tag-cine","9":"tag-cultura-y-sociedad","10":"tag-entertainment","11":"tag-entretenimiento","12":"tag-es","13":"tag-espana","14":"tag-italia","15":"tag-papa-leon-xiv","16":"tag-spain","17":"tag-vaticano"},"share_on_mastodon":{"url":"https:\/\/pubeurope.com\/@es\/115667557778674243","error":""},"_links":{"self":[{"href":"https:\/\/www.europesays.com\/es\/wp-json\/wp\/v2\/posts\/272661","targetHints":{"allow":["GET"]}}],"collection":[{"href":"https:\/\/www.europesays.com\/es\/wp-json\/wp\/v2\/posts"}],"about":[{"href":"https:\/\/www.europesays.com\/es\/wp-json\/wp\/v2\/types\/post"}],"author":[{"embeddable":true,"href":"https:\/\/www.europesays.com\/es\/wp-json\/wp\/v2\/users\/2"}],"replies":[{"embeddable":true,"href":"https:\/\/www.europesays.com\/es\/wp-json\/wp\/v2\/comments?post=272661"}],"version-history":[{"count":0,"href":"https:\/\/www.europesays.com\/es\/wp-json\/wp\/v2\/posts\/272661\/revisions"}],"wp:featuredmedia":[{"embeddable":true,"href":"https:\/\/www.europesays.com\/es\/wp-json\/wp\/v2\/media\/272662"}],"wp:attachment":[{"href":"https:\/\/www.europesays.com\/es\/wp-json\/wp\/v2\/media?parent=272661"}],"wp:term":[{"taxonomy":"category","embeddable":true,"href":"https:\/\/www.europesays.com\/es\/wp-json\/wp\/v2\/categories?post=272661"},{"taxonomy":"post_tag","embeddable":true,"href":"https:\/\/www.europesays.com\/es\/wp-json\/wp\/v2\/tags?post=272661"}],"curies":[{"name":"wp","href":"https:\/\/api.w.org\/{rel}","templated":true}]}}