{"id":272667,"date":"2025-12-05T15:03:10","date_gmt":"2025-12-05T15:03:10","guid":{"rendered":"https:\/\/www.europesays.com\/es\/272667\/"},"modified":"2025-12-05T15:03:10","modified_gmt":"2025-12-05T15:03:10","slug":"macron-urge-mantener-el-esfuerzo-de-guerra-en-favor-de-ucrania-al-cierre-de-su-visita-en-china","status":"publish","type":"post","link":"https:\/\/www.europesays.com\/es\/272667\/","title":{"rendered":"Macron urge mantener el \u00abesfuerzo de guerra\u00bb en favor de Ucrania al cierre de su visita en China"},"content":{"rendered":"<p>    <img src=\"https:\/\/www.europesays.com\/es\/wp-content\/uploads\/2025\/12\/2025-12-05T143A033A14Z-90590676.jpg\" width=\"1024\" height=\"682\" alt=\"\" loading=\"eager\" decoding=\"sync\" fetchpriority=\"high\"\/><\/p>\n<p>            afp_tickers        <\/p>\n<p>        Este contenido fue publicado en    <\/p>\n<p>        05 diciembre 2025 &#8211; 15:03\n<\/p>\n<p>El presidente franc\u00e9s, Emmanuel Macron, pidi\u00f3 este viernes mantener \u00abel esfuerzo de guerra\u00bb en favor de Ucrania frente a Rusia y resistir a un \u00abesp\u00edritu de divisi\u00f3n\u00bb entre europeos y estadounidenses, al cierre de su visita en China.<\/p>\n<p>\u00abHay que mantener el esfuerzo de guerra, continuar las conversaciones que preparan la paz, pero aumentar la presi\u00f3n especialmente sobre la econom\u00eda rusa\u00bb, declar\u00f3 Macron a la prensa desde China, donde este viernes concluy\u00f3 una visita de Estado de tres d\u00edas.<\/p>\n<p>\u00abNo debemos ceder en absoluto a ning\u00fan esp\u00edritu de divisi\u00f3n entre europeos y estadounidenses. Necesitamos a Estados Unidos para lograr la paz. Estados Unidos nos necesita a nosotros para que esa paz sea s\u00f3lida y duradera\u00bb, a\u00f1adi\u00f3.<\/p>\n<p>Seg\u00fan el semanario alem\u00e1n Der Spiegel, Macron, el jefe del gobierno alem\u00e1n Friedrich Merz y otros dirigentes europeos han expresado su desconfianza hacia la administraci\u00f3n Trump, que intenta desde hace meses negociar el fin de la guerra en Ucrania.<\/p>\n<p>De acuerdo al mismo medio, Macron mencion\u00f3 el lunes, durante una conversaci\u00f3n telef\u00f3nica con sus hom\u00f3logos europeos y el presidente ucraniano Volodomir Zelenski, el riesgo \u00abde que Estados Unidos traicione a Ucrania sobre el tema territorial y sin que se d\u00e9 una garant\u00eda clara en materia de seguridad\u00bb.<\/p>\n<p>Macron no respondi\u00f3 a la pregunta de periodistas de si efectivamente habl\u00f3 de un riesgo de traici\u00f3n estadounidense.<\/p>\n<p>El presidente franc\u00e9s indic\u00f3 que mantuvo intercambios \u00aben profundidad\u00bb con el presidente chino, Xi Jinping, durante su estancia. Macron afirm\u00f3 haber \u00abvisto una voluntad del presidente (Xi) de contribuir a la estabilidad y a la paz\u00bb.<\/p>\n<p>Los pa\u00edses europeos han intentado presionar a Xi para que ayude a alcanzar un alto el fuego en Ucrania, cuya guerra con Rusia entra en su cuarto invierno.<\/p>\n<p>China suele hacer llamados al di\u00e1logo de paz y al respeto a la integridad territorial de todos los pa\u00edses, pero nunca ha condenado a Rusia por su invasi\u00f3n de 2022.<\/p>\n<p>Macron cerr\u00f3 su visita con un encuentro con estudiantes de la universidad de Chengdu, ante los cuales lanz\u00f3 un llamado a no \u00abceder a las sirenas de la divisi\u00f3n\u00bb, en referencia a las fracturas del orden internacional.<\/p>\n<p>vl-lal\/pt\/meb\/eg<\/p>\n","protected":false},"excerpt":{"rendered":"afp_tickers Este contenido fue publicado en 05 diciembre 2025 &#8211; 15:03 El presidente franc\u00e9s, Emmanuel Macron, pidi\u00f3 este&hellip;\n","protected":false},"author":2,"featured_media":272668,"comment_status":"","ping_status":"","sticky":false,"template":"","format":"standard","meta":{"footnotes":""},"categories":[42],"tags":[635,17,18,636,83,13,14,11,61,62,63,86,64,19,20,9,10,15,16,88,90,12,21,22,65,66,67],"class_list":{"0":"post-272667","1":"post","2":"type-post","3":"status-publish","4":"format-standard","5":"has-post-thumbnail","7":"category-internacional","8":"tag-armed-conflict","9":"tag-breaking-news","10":"tag-breakingnews","11":"tag-conflict","12":"tag-diplomacy","13":"tag-featured-news","14":"tag-featurednews","15":"tag-headlines","16":"tag-internacional","17":"tag-international","18":"tag-international-news","19":"tag-international-relations","20":"tag-internationalnews","21":"tag-latest-news","22":"tag-latestnews","23":"tag-news","24":"tag-noticias","25":"tag-noticias-destacadas","26":"tag-noticiasdestacadas","27":"tag-politics","28":"tag-ticker","29":"tag-titulares","30":"tag-ultimas-noticias","31":"tag-ultimasnoticias","32":"tag-world","33":"tag-world-news","34":"tag-worldnews"},"share_on_mastodon":{"url":"https:\/\/pubeurope.com\/@es\/115667573893983370","error":""},"_links":{"self":[{"href":"https:\/\/www.europesays.com\/es\/wp-json\/wp\/v2\/posts\/272667","targetHints":{"allow":["GET"]}}],"collection":[{"href":"https:\/\/www.europesays.com\/es\/wp-json\/wp\/v2\/posts"}],"about":[{"href":"https:\/\/www.europesays.com\/es\/wp-json\/wp\/v2\/types\/post"}],"author":[{"embeddable":true,"href":"https:\/\/www.europesays.com\/es\/wp-json\/wp\/v2\/users\/2"}],"replies":[{"embeddable":true,"href":"https:\/\/www.europesays.com\/es\/wp-json\/wp\/v2\/comments?post=272667"}],"version-history":[{"count":0,"href":"https:\/\/www.europesays.com\/es\/wp-json\/wp\/v2\/posts\/272667\/revisions"}],"wp:featuredmedia":[{"embeddable":true,"href":"https:\/\/www.europesays.com\/es\/wp-json\/wp\/v2\/media\/272668"}],"wp:attachment":[{"href":"https:\/\/www.europesays.com\/es\/wp-json\/wp\/v2\/media?parent=272667"}],"wp:term":[{"taxonomy":"category","embeddable":true,"href":"https:\/\/www.europesays.com\/es\/wp-json\/wp\/v2\/categories?post=272667"},{"taxonomy":"post_tag","embeddable":true,"href":"https:\/\/www.europesays.com\/es\/wp-json\/wp\/v2\/tags?post=272667"}],"curies":[{"name":"wp","href":"https:\/\/api.w.org\/{rel}","templated":true}]}}