{"id":272669,"date":"2025-12-05T15:04:11","date_gmt":"2025-12-05T15:04:11","guid":{"rendered":"https:\/\/www.europesays.com\/es\/272669\/"},"modified":"2025-12-05T15:04:11","modified_gmt":"2025-12-05T15:04:11","slug":"los-titulares-de-ocho-casetas-de-la-feria-de-sevilla-se-quedan-sin-ellas-para-la-edicion-de-2026","status":"publish","type":"post","link":"https:\/\/www.europesays.com\/es\/272669\/","title":{"rendered":"Los titulares de ocho casetas de la Feria de Sevilla se quedan sin ellas para la edici\u00f3n de 2026"},"content":{"rendered":"<p style=\"\">El pasado 15 de noviembre se cerr\u00f3 el plazo de solicitud habilitado por el Ayuntamiento de Sevilla para<strong> la adjudicaci\u00f3n de nuevas casetas en la Feria de Abril,<\/strong> una tr\u00e1mite que resulta fundamental para conservar la titularidad de las mismas y tambi\u00e9n para  &#8230; aquellos que llevan a\u00f1os optando a conseguir una de ellas. Una vez que los t\u00e9cnicos de la Delegaci\u00f3n de Fiestas Mayores han analizado toda las documentaciones presentadas, la Junta de Gobierno del Consistorio hispalense que se ha celebrado en la ma\u00f1ana de este viernes ha aprobado definitivamente la concesi\u00f3n de las licencias que estar\u00e1n en vigor en la semana de farolillos del pr\u00f3ximo 2026, con la principal novedad de que <strong>en esta ocasi\u00f3n han sido ocho los titulares actuales que han perdido el derecho a seguir disfrutando de las casetas<\/strong>.<\/p>\n<p class=\"voc-p\" style=\"\">Seg\u00fan se indica en el expediente al que ha tenido acceso ABC de Sevilla, los responsables de esas ocho casetas del recinto ferial de Los Remedios n<strong>o han presentado durante el plazo establecido la solicitud correspondiente para la renovaci\u00f3n de su titularidad<\/strong>, tal y como se recoge en una de los art\u00edculos de las bases publicadas por el Ayuntamiento hispalense. Una decisi\u00f3n que, en la pr\u00e1ctica, se entiende como una renuncia a las mismas, bien porque as\u00ed lo hayan decidido sus socios o, como ocurre en la mayor\u00eda de los casos, por un error u olvido que dif\u00edcilmente tiene ya marcha atr\u00e1s. Por ahora, <strong>no se tiene constancia de la ubicaci\u00f3n exacta de estas casetas que cambiar\u00e1n de titular a partir de la edici\u00f3n de 2026<\/strong>. Entre otras cosas, porque la cifra a\u00fan puede incrementarse cuando llegue el plazo para abonar las tasas en el mes de enero, donde suele producirse algunas bajas m\u00e1s por impagos.<\/p>\n<p class=\"voc-p\" style=\"\">Estas renuncias suponen la p\u00e9rdida de <strong>una caseta que durante d\u00e9cadas ha estado vinculada a una misma familia, un grupo de amigos o a una entidad<\/strong>, pero en el extremo contrario representa tambi\u00e9n una oportunidad para que quienes llevan a\u00f1os aspirando a las mismas en una casi interminable lista de espera tengan ahora la opci\u00f3n de conseguir el que es su gran objetivo. <strong>El pasado a\u00f1o, por ejemplo, fueron diez las nuevas casetas que se estrenaron en la Feria de 2025<\/strong>. Fue una edici\u00f3n casi de r\u00e9cord, pues no es habitual que se produzcan tantos cambios de titularidad. Tras el sorteo que se realiz\u00f3 en el mes de febrero, obtuvieron este &#8216;premio gordo&#8217; las solicitantes de &#8216;D&#8217;Aqu\u00ed venimos&#8230; Triana&#8217;, que llevaban 31 a\u00f1os de espera; &#8216;La Placita&#8217;, tras 30 a\u00f1os; y &#8216;El Carromato&#8217;, que tambi\u00e9n llevaba tres d\u00e9cadas aguardando, as\u00ed como &#8216;Las ni\u00f1as&#8217;. Lo lograron tambi\u00e9n dos entidades: &#8216;El manillar&#8217; (31 a\u00f1os de espera) y &#8216;Abu Al-Qasim&#8217;. Adem\u00e1s, &#8216;Gran Albero&#8217; recuper\u00f3 la que perdi\u00f3 hace a\u00f1os.<\/p>\n<p>\nLas solicitudes\n<\/p>\n<p class=\"voc-p\" style=\"\">De las 1.056 casetas que se extienden por las distintas calles del Real de la Feria, <strong>hay 1.049 de ellas que han presentado su solicitud de renovaci\u00f3n en tiempo y forma<\/strong>. Las ocho que quedan vacantes, y las que tambi\u00e9n podr\u00edan pasar a esa situaci\u00f3n tras el cierre del periodo de pagos, se han de repartir entre el resto de solicitudes de nueva titularidad que se han presentando en el plazo establecido. <strong>La Delegaci\u00f3n de Fiestas Mayores tiene constancia a d\u00eda de hoy del registro de 2.259 peticiones<\/strong> para hacerse con una caseta de la Feria de Abril a partir de la edici\u00f3n de 2026, algunas de ellas suman m\u00e1s de tres d\u00e9cadas de espera que alcanzar este hito.<\/p>\n<p class=\"voc-p\" style=\"\">En el desglose de las solicitudes se recoge que <strong>1.706 de ellas corresponden a la categor\u00eda denominada como &#8216;familiares&#8217;,<\/strong> mientras que otras 483 han sido presentadas por parte de entidades y asociaciones de la capital hispalense. La cifra total se completa con <strong>otras 70 solicitudes que provienen de aquellos titulares que las perdieron en su d\u00eda<\/strong> y que en estos momentos buscan volver a recuperarlas. Por porcentajes, las peticiones de casetas privadas (tanto las familiares como las de entidades) suponen un un 96,90 por ciento del total y las perdidas se quedan en s\u00f3lo un 3,10 por ciento. A su vez, dentro de las privadas, que en total ascienden 2.189 casetas, hay un 77,93 por ciento que ser\u00edan familiares y un 22,07 por ciento que pertenecen a asociaciones.<\/p>\n","protected":false},"excerpt":{"rendered":"El pasado 15 de noviembre se cerr\u00f3 el plazo de solicitud habilitado por el Ayuntamiento de Sevilla para&hellip;\n","protected":false},"author":2,"featured_media":272670,"comment_status":"","ping_status":"","sticky":false,"template":"","format":"standard","meta":{"footnotes":""},"categories":[8],"tags":[3076,17,18,33824,2197,25,24,13,14,599,11,19,20,9,10,15,16,2799,12287,1171,23,12,21,22],"class_list":{"0":"post-272669","1":"post","2":"type-post","3":"status-publish","4":"format-standard","5":"has-post-thumbnail","7":"category-espana","8":"tag-3076","9":"tag-breaking-news","10":"tag-breakingnews","11":"tag-casetas","12":"tag-edicion","13":"tag-es","14":"tag-espana","15":"tag-featured-news","16":"tag-featurednews","17":"tag-feria","18":"tag-headlines","19":"tag-latest-news","20":"tag-latestnews","21":"tag-news","22":"tag-noticias","23":"tag-noticias-destacadas","24":"tag-noticiasdestacadas","25":"tag-ocho","26":"tag-quedan","27":"tag-sevilla","28":"tag-spain","29":"tag-titulares","30":"tag-ultimas-noticias","31":"tag-ultimasnoticias"},"share_on_mastodon":{"url":"https:\/\/pubeurope.com\/@es\/115667577435733761","error":""},"_links":{"self":[{"href":"https:\/\/www.europesays.com\/es\/wp-json\/wp\/v2\/posts\/272669","targetHints":{"allow":["GET"]}}],"collection":[{"href":"https:\/\/www.europesays.com\/es\/wp-json\/wp\/v2\/posts"}],"about":[{"href":"https:\/\/www.europesays.com\/es\/wp-json\/wp\/v2\/types\/post"}],"author":[{"embeddable":true,"href":"https:\/\/www.europesays.com\/es\/wp-json\/wp\/v2\/users\/2"}],"replies":[{"embeddable":true,"href":"https:\/\/www.europesays.com\/es\/wp-json\/wp\/v2\/comments?post=272669"}],"version-history":[{"count":0,"href":"https:\/\/www.europesays.com\/es\/wp-json\/wp\/v2\/posts\/272669\/revisions"}],"wp:featuredmedia":[{"embeddable":true,"href":"https:\/\/www.europesays.com\/es\/wp-json\/wp\/v2\/media\/272670"}],"wp:attachment":[{"href":"https:\/\/www.europesays.com\/es\/wp-json\/wp\/v2\/media?parent=272669"}],"wp:term":[{"taxonomy":"category","embeddable":true,"href":"https:\/\/www.europesays.com\/es\/wp-json\/wp\/v2\/categories?post=272669"},{"taxonomy":"post_tag","embeddable":true,"href":"https:\/\/www.europesays.com\/es\/wp-json\/wp\/v2\/tags?post=272669"}],"curies":[{"name":"wp","href":"https:\/\/api.w.org\/{rel}","templated":true}]}}