{"id":272683,"date":"2025-12-05T15:15:17","date_gmt":"2025-12-05T15:15:17","guid":{"rendered":"https:\/\/www.europesays.com\/es\/272683\/"},"modified":"2025-12-05T15:15:17","modified_gmt":"2025-12-05T15:15:17","slug":"izaro-sorprende-con-la-edicion-de-un-disco-grabado-en-directo","status":"publish","type":"post","link":"https:\/\/www.europesays.com\/es\/272683\/","title":{"rendered":"Izaro sorprende con la edici\u00f3n de un disco grabado en directo"},"content":{"rendered":"<p>\n        <strong>Tras cantar en el acto de encendido de las luces de Navidad en Donostia<\/strong>, su ciudad de residencia, la vizcaina <a href=\"https:\/\/www.deia.eus\/tags\/izaro-andres\/\" title=\"Izaro Andr\u00e9s\" class=\"link copy\" rel=\"nofollow noopener\" target=\"_blank\">Izaro Andr\u00e9s<\/a> acaba de <strong>sorprender con la edici\u00f3n por sorpresa de un disco en directo grabado a finales del a\u00f1o pasado en la capital guipuzcoan<\/strong>a. El disco, que <a href=\"https:\/\/www.deia.eus\/cultura\/2025\/12\/05\/durangoko-azoka-abre-cita-cultural-10435630.html\" title=\"coincide con la inauguraci\u00f3n de Durangoko Azoka\" class=\"link copy\" rel=\"nofollow noopener\" target=\"_blank\">coincide con la inauguraci\u00f3n de Durangoko Azoka<\/a>, l<strong>leva el t\u00edtulo de <\/strong><strong>Kursaaletik Zuzenean<\/strong>.\n<\/p>\n<p class=\"article-body__text \">\n        El disco, del que no se hab\u00eda adelantado ninguna noticia al respecto, es<strong> resultado de las grabaciones de las dos actuaciones realizadas en el Auditorio Kursaal de Donostia los d\u00edas 22 y 23 de diciembre de 2024. <\/strong>En aquellas navidades, <strong>Izaro tambi\u00e9n anunci\u00f3 por sorpresa un disco que inclu\u00eda 8 villancicos originales y propios como \u201cmanera de celebrar una \u00e9poca que me encanta\u201d. <\/strong>\n<\/p>\n<p class=\"article-body__text \">\n        El disco actual, que recoge sus cl\u00e1sicos y varios de esos villancicos cantados en el Kursaal en torno a una mesa navide\u00f1a plantada en el escenario, se presenta en<strong> formato de disco\u2013libro <\/strong>\u2013con <strong>peque\u00f1o \u00e1lbum de fotos incluido\u2013, e incluye hasta 19 temas<\/strong>, del inicial Ihintza al postrero Urte berri on. Entre ambos, temas como Par\u00eds, Hainbeste, Limoiondo, Iparraldera, Zingirak, Ura eskuti eskura, Errefuxiatuena, Delirios, Olentzero&#8230;<\/p>\n","protected":false},"excerpt":{"rendered":"Tras cantar en el acto de encendido de las luces de Navidad en Donostia, su ciudad de residencia,&hellip;\n","protected":false},"author":2,"featured_media":272684,"comment_status":"","ping_status":"","sticky":false,"template":"","format":"standard","meta":{"footnotes":""},"categories":[174],"tags":[255,2125,12019,146,147,25,24,256,20936,26587,23],"class_list":{"0":"post-272683","1":"post","2":"type-post","3":"status-publish","4":"format-standard","5":"has-post-thumbnail","7":"category-famosos","8":"tag-celebrities","9":"tag-directo","10":"tag-disco","11":"tag-entertainment","12":"tag-entretenimiento","13":"tag-es","14":"tag-espana","15":"tag-famosos","16":"tag-grabado","17":"tag-izaro","18":"tag-spain"},"share_on_mastodon":{"url":"https:\/\/pubeurope.com\/@es\/115667620851496710","error":""},"_links":{"self":[{"href":"https:\/\/www.europesays.com\/es\/wp-json\/wp\/v2\/posts\/272683","targetHints":{"allow":["GET"]}}],"collection":[{"href":"https:\/\/www.europesays.com\/es\/wp-json\/wp\/v2\/posts"}],"about":[{"href":"https:\/\/www.europesays.com\/es\/wp-json\/wp\/v2\/types\/post"}],"author":[{"embeddable":true,"href":"https:\/\/www.europesays.com\/es\/wp-json\/wp\/v2\/users\/2"}],"replies":[{"embeddable":true,"href":"https:\/\/www.europesays.com\/es\/wp-json\/wp\/v2\/comments?post=272683"}],"version-history":[{"count":0,"href":"https:\/\/www.europesays.com\/es\/wp-json\/wp\/v2\/posts\/272683\/revisions"}],"wp:featuredmedia":[{"embeddable":true,"href":"https:\/\/www.europesays.com\/es\/wp-json\/wp\/v2\/media\/272684"}],"wp:attachment":[{"href":"https:\/\/www.europesays.com\/es\/wp-json\/wp\/v2\/media?parent=272683"}],"wp:term":[{"taxonomy":"category","embeddable":true,"href":"https:\/\/www.europesays.com\/es\/wp-json\/wp\/v2\/categories?post=272683"},{"taxonomy":"post_tag","embeddable":true,"href":"https:\/\/www.europesays.com\/es\/wp-json\/wp\/v2\/tags?post=272683"}],"curies":[{"name":"wp","href":"https:\/\/api.w.org\/{rel}","templated":true}]}}