{"id":272685,"date":"2025-12-05T15:16:17","date_gmt":"2025-12-05T15:16:17","guid":{"rendered":"https:\/\/www.europesays.com\/es\/272685\/"},"modified":"2025-12-05T15:16:17","modified_gmt":"2025-12-05T15:16:17","slug":"para-elegir-el-color-del-dormitorio-no-sigas-modas-observa-la-luz-5-minutos-por-la-manana-y-5-por-la-tarde","status":"publish","type":"post","link":"https:\/\/www.europesays.com\/es\/272685\/","title":{"rendered":"Para elegir el color del dormitorio no sigas modas, observa la luz 5 minutos por la ma\u00f1ana y 5 por la tarde"},"content":{"rendered":"<p>Si el color que elegimos para <a href=\"https:\/\/www.arquitecturaydiseno.es\/decoracion\/olvidate-pintar-blanco-paredes-casa-dos-interioristas-recomiendan-colores-para-pintar-paredes-casa-2026_12518\" rel=\"nofollow noopener\" target=\"_blank\">pintar las paredes<\/a> crea una atm\u00f3sfera espec\u00edfica, en el dormitorio su papel es a\u00fan m\u00e1s importante. La habitaci\u00f3n, como <a href=\"https:\/\/www.arquitecturaydiseno.es\/estilo-de-vida\/que-necesita-dormitorio-para-que-descanses-mejor-hablamos-expertos-que-mas-saben_6542\" rel=\"nofollow noopener\" target=\"_blank\">espacio destinado para el descanso<\/a>, requiere de tonalidades, accesorios y materiales que nos relajen en todos los sentidos.<\/p>\n<p>Ahora bien, \u00bfqu\u00e9 cambia cuando tenemos en cuenta la orientaci\u00f3n del dormitorio? Para la<strong> interiorista B\u00e1rbara Aurel<\/strong>l (@<a href=\"https:\/\/www.instagram.com\/barbaraaurell\/\" rel=\"nofollow noopener\" target=\"_blank\">barbaraaurell<\/a>), fundadora del <a href=\"https:\/\/espacioenblancoestudio.com\/\" rel=\"nofollow noopener\" target=\"_blank\">estudio Espacio en Blanco<\/a>, la respuesta es evidente: \u00abCuando trabajo un dormitorio,<strong> el color nunca es un gesto decorativo. Para m\u00ed es arquitectura emocional<\/strong>: la manera en que la luz entra, se mueve y transforma el espacio a lo largo del d\u00eda. Por eso la orientaci\u00f3n lo cambia todo. <strong>No todos los dormitorios hablan igual, y parte de mi trabajo es escucharlos<\/strong>\u00ab, asegura la experta.\u00a0<\/p>\n<p>&#13;<img loading=\"lazy\" decoding=\"async\"   src=\"https:\/\/www.europesays.com\/es\/wp-content\/uploads\/2025\/12\/proyecto-poble-nou-barbara-aurell-21_d662ea2a_251201113633_2000x1425.webp.webp\" alt=\"proyecto poble nou barbara aurell (21)\" class=\"lazyload\" width=\"2000\" height=\"1425\" data-aspectratio=\"2000\/1425\"\/><\/p>\n<p>Una paleta suave y serena para incitar al descanso.<\/p>\n<p>&#13;Doblecoco | Proyecto de Espacio en Blanco<br \/>\n Luz y color: la dupla inseparable<\/p>\n<p>En un dormitorio, \u00ab<strong>la luz es quien define el car\u00e1cter real del color<\/strong>\u00ab, nos explica B\u00e1rbara. \u00abUn tono puede ser c\u00e1lido, fresco o incluso plano seg\u00fan c\u00f3mo le llegue la luz. Por eso, antes de elegir, paro y observo la orientaci\u00f3n, la intensidad y el tipo de sombra que se genera. Solo entonces empiezo a trabajar la paleta ideal que invite a so\u00f1ar (despierto o no\u2026)\u00bb, comenta.\u00a0<\/p>\n<p><a href=\"https:\/\/www.arquitecturaydiseno.es\/estilo-de-vida\/estas-son-casas-que-habito-merce-rodoreda-largo-su-vida_12799\" data-ga4_event=\"custom_event\" data-ga4_event_name=\"click_intext\" data-ga4_link_url=\"https:\/\/www.arquitecturaydiseno.es\/estilo-de-vida\/estas-son-casas-que-habito-merce-rodoreda-largo-su-vida_12799\" data-ga4_link_text=\"merce_rodoreda_escritora_\u201cnunca_me_senti_tan_en_casa_como_en_la_de_mi_abuelo\u201d\" data-ga4_content_type=\"photo\" data-ga4_element=\"related\" rel=\"nofollow noopener\" target=\"_blank\">&#13;&#13;<img loading=\"lazy\" decoding=\"async\" src=\"https:\/\/www.europesays.com\/es\/wp-content\/uploads\/2025\/12\/merce-rodoreda-8_d61340e8_251205145947_600x600.webp.webp\" alt=\"merce rodoreda 8\" class=\"lazyload\" width=\"600\" height=\"600\" data-aspectratio=\"600\/600\"\/>&#13;&#13;<\/p>\n<p class=\"epigraph\">&#13;Noticia relacionada<\/p>\n<p class=\"title\">Merc\u00e8 Rodoreda, escritora: \u201cNunca me sent\u00ed tan en casa como en la de mi abuelo\u201d<\/p>\n<p><\/a><\/p>\n<p>Por otra parte, la interiorista hace \u00e9nfasis en la importancia de otros elementos. \u00ab<strong>El color no lo marca \u00fanicamente la pintura de las paredes<\/strong>. Lo construyen tambi\u00e9n los <strong>tejidos<\/strong>, las cortinas, el cabezal, incluso los peque\u00f1os detalles en la ropa de cama, los cojines, una manta\u2026 Hasta el pijama\u00bb, asegura. \u00ab<strong>La suma de todos ellos es lo que hace que una estancia sea mimosa, acogedora y te abrace<\/strong>. Que te haga sentirte a gusto. Que te permita dejar atr\u00e1s un d\u00eda intenso y encontrarte contigo misma\u00bb, reflexiona B\u00e1rbara.\u00a0<\/p>\n<p>&#13;<img loading=\"lazy\" decoding=\"async\"   src=\"https:\/\/www.europesays.com\/es\/wp-content\/uploads\/2025\/12\/reforma-de-piso-por-la-interiorista-barbara-aurell-en-barcelona_00000000_f86002e9_251201114302_2000x.webp\" alt=\"reforma de piso por la interiorista Barbara Aurell en Barcelona\" class=\"lazyload\" width=\"2000\" height=\"1415\" data-aspectratio=\"2000\/1415\"\/><\/p>\n<p>Tonos suaves y neutros generan una sensaci\u00f3n de amplitud y claridad.<\/p>\n<p>&#13;Proyecto de Espacio en Blanco<br \/>\n Colores para dormitorios orientados al norte<\/p>\n<p>Si pensamos en t\u00edpicas orientaciones, veremos que las estancias orientadas al norte tienden a ser m\u00e1s fr\u00edas. \u00ab<strong>Aqu\u00ed funcionan muy bien las gamas c\u00e1lidas y envolventes: tierras suaves, beiges con un punto rosado, gris topo, arcillas claras o verdes apagados con matiz c\u00e1lido<\/strong>\u00ab, aconseja la experta. \u00abSon colores que compensan la frialdad natural y generan un ambiente m\u00e1s \u00edntimo\u00bb, se\u00f1ala.\u00a0<\/p>\n<p>Adem\u00e1s de un buen dise\u00f1o crom\u00e1tico, recomiendo ocuparnos de<strong> texturas y materiales:<\/strong> \u00abEn estos dormitorios los tejidos son clave: texturas mimosas, fibras naturales, un buen cabezal tapizado\u2026 todo suma calidez\u00bb, subraya B\u00e1rbara.<\/p>\n<p>&#13;<img loading=\"lazy\" decoding=\"async\"   src=\"https:\/\/www.europesays.com\/es\/wp-content\/uploads\/2025\/12\/dormitorio-de-una-casa-en-barcelona-hecha-por-barbara-aurell-de-espacio-en-blanco_00000000_81eb37c2_.webp\" alt=\"Dormitorio de una casa en Barcelona hecha por Barbara aurell de Espacio en Blanco\" class=\"lazyload\" width=\"750\" height=\"1000\" data-aspectratio=\"750\/1000\"\/><\/p>\n<p>Un exquisito juego de texturas y colores elegantes.<\/p>\n<p>&#13;Mauricio Fuertes | Proyecto de GRASReyn\u00e9s Architecture Studio y Espacio en Blanco<br \/>\n Tonos ideales para dormitorios orientados al sur<\/p>\n<p>\u00ab<strong>En el sur <a href=\"https:\/\/www.arquitecturaydiseno.es\/decoracion\/ilumina-tu-casa-como-experto-estas-son-25-claves-fundamentales-para-que-luz-natural-entre-tu-hogar-raudales_7360\" rel=\"nofollow noopener\" target=\"_blank\">la luz es tan generosa<\/a> que a veces lo importante es rebajarla<\/strong>\u00ab, asegura la interiorista. Para la experta, funcionan muy bien los \u00ab<strong>tonos empolvados, neutros suaves, grises c\u00e1lidos y ciertos verdes o azules muy desaturados<\/strong> que aportan frescor sin enfriar\u00bb.\u00a0<\/p>\n<p>En estos casos, se debe mirar con perspectiva. <strong>\u00abAqu\u00ed suelo trabajar mucho la composici\u00f3n global<\/strong>: cortinas con ca\u00edda ligera, capas textiles que matizan la luz, una paleta que sostenga el exceso de luminosidad y lo convierta en calma\u00bb, explica B\u00e1rbara.\u00a0<\/p>\n<p>&#13;<img loading=\"lazy\" decoding=\"async\"   src=\"https:\/\/www.europesays.com\/es\/wp-content\/uploads\/2025\/12\/vivienda-30-sarria-reforma-barcelona-b-09_82d3b9b4_251201114803_741x1178.webp.webp\" alt=\"vivienda 30 Sarria reforma Barcelona B 09\" class=\"lazyload\" width=\"741\" height=\"1178\" data-aspectratio=\"741\/1178\"\/><\/p>\n<p>Tejidos de calidad para un buen descanso.<\/p>\n<p>&#13;Proyecto de Espacio en Blanco<br \/>\n Dormitorios dise\u00f1ados para el descanso<\/p>\n<p>Para la experta en interiorismo y color, las distintas tonalidades \u00abhablan al sistema nervioso antes que a los ojos\u00bb. Lo cierto es que en la habitaci\u00f3n, todo deber\u00eda llamarnos a pausar, descansar y reponer energ\u00edas. \u00abEn un dormitorio, <a href=\"https:\/\/www.arquitecturaydiseno.es\/decoracion\/colores-mas-relajantes-para-decorar-tu-dormitorio_10124\" rel=\"nofollow noopener\" target=\"_blank\"><strong>las paletas m\u00e1s reposadas<\/strong><\/a>, neutros matizados, tierras suaves, verdes calmados ayudan a bajar revoluciones. <strong>Evito tonos estridentes o muy saturados: estimulan demasiado. <\/strong>Un buen dormitorio acompa\u00f1a, envuelve y te invita a respirar m\u00e1s lento, a parar y reencontrarte\u00bb, afirma B\u00e1rbara.\u00a0<\/p>\n<p><a href=\"https:\/\/www.arquitecturaydiseno.es\/decoracion\/como-transformar-habitacion-hijos-cuando-se-van-casa_12741\" data-ga4_event=\"custom_event\" data-ga4_event_name=\"click_intext\" data-ga4_link_url=\"https:\/\/www.arquitecturaydiseno.es\/decoracion\/como-transformar-habitacion-hijos-cuando-se-van-casa_12741\" data-ga4_link_text=\"como_transformar_la_habitacion_de_los_hijos_cuando_se_van_de_casa\" data-ga4_content_type=\"photo\" data-ga4_element=\"related\" rel=\"nofollow noopener\" target=\"_blank\">&#13;&#13;<img loading=\"lazy\" decoding=\"async\" src=\"https:\/\/www.europesays.com\/es\/wp-content\/uploads\/2025\/12\/transformar-habitacion-hijos_1157b810_251203170244_600x600.webp.webp\" alt=\"transformar habitacion hijos\" class=\"lazyload\" width=\"600\" height=\"600\" data-aspectratio=\"600\/600\"\/>&#13;&#13;<\/p>\n<p class=\"epigraph\">&#13;Noticia relacionada<\/p>\n<p class=\"title\">C\u00f3mo transformar la habitaci\u00f3n de los hijos cuando se van de casa<\/p>\n<p><\/a>&#13;<img loading=\"lazy\" decoding=\"async\"   src=\"https:\/\/www.europesays.com\/es\/wp-content\/uploads\/2025\/12\/m-casas-mandri-espacioenblanco-6_94b6d21d_251201114724_1024x682.webp.webp\" alt=\"m casas mandri espacioenblanco 6\" class=\"lazyload\" width=\"1024\" height=\"682\" data-aspectratio=\"1024\/682\"\/><\/p>\n<p>Un toque art\u00edstico puede cambiarlo todo.<\/p>\n<p>&#13;Proyecto de Espacio en Blanco<\/p>\n<p>Para quien quiera pintar su dormitorio y no sepa por d\u00f3nde empezar,<strong> la experta aconseja \u00abno seguir modas ni copiar algo que has visto\u00bb. <\/strong>Para ella, lo primero que debemos hacer es observar la luz: \u00abCinco minutos por la ma\u00f1ana y cinco por la tarde. Despu\u00e9s, elegir colores que no solo gusten, sino que funcionen con esa luz y escucharte, a ver qu\u00e9 te transmiten\u00bb, explica.<\/p>\n<p>&#13;<\/p>\n<p>My Player placeholder<\/p>\n<p>\u00a1Haz clic en el v\u00eddeo!<\/p>\n<p class=\"by\">AYD<\/p>\n<p>Ideas para aprovechar el espacio en el dormitorio&#13;<img loading=\"lazy\" decoding=\"async\"   src=\"https:\/\/www.europesays.com\/es\/wp-content\/uploads\/2025\/12\/vivienda-24-marset-reforma-barcelona_eb8501d1_B08_251201115046_870x596.webp.webp\" alt=\"vivienda 24 Marset reforma Barcelona\" class=\"lazyload\" width=\"870\" height=\"596\" data-aspectratio=\"870\/596\"\/><\/p>\n<p>Un cabecero gris que combina muy bien con los tonos tierra del conjunto.<\/p>\n<p>&#13;Proyecto de Espacio en Blanco<\/p>\n<p>\u00abSi hay dudas, empieza por tonos neutros matizados y, sobre todo, ten en cuenta que <strong>los tejidos son los que terminan de definir el ambiente<\/strong>\u00ab, recalca B\u00e1rbara. \u00ab<strong>A veces un buen cabezal o unas cortinas bien elegidas transforman m\u00e1s que cualquier pintura<\/strong>. Al final, se trata de eso: crear un <strong>refugio <\/strong>donde volver a ti misma\u00bb, concluye.<\/p>\n<p><script async src=\"\/\/www.instagram.com\/embed.js\"><\/script><\/p>\n","protected":false},"excerpt":{"rendered":"Si el color que elegimos para pintar las paredes crea una atm\u00f3sfera espec\u00edfica, en el dormitorio su papel&hellip;\n","protected":false},"author":2,"featured_media":272686,"comment_status":"","ping_status":"","sticky":false,"template":"","format":"standard","meta":{"footnotes":""},"categories":[173],"tags":[229,233,231,230,232,234,146,147,25,24,23],"class_list":{"0":"post-272685","1":"post","2":"type-post","3":"status-publish","4":"format-standard","5":"has-post-thumbnail","7":"category-arte-y-diseno","8":"tag-arte","9":"tag-arte-y-diseno","10":"tag-arts","11":"tag-arts-and-design","12":"tag-design","13":"tag-diseno","14":"tag-entertainment","15":"tag-entretenimiento","16":"tag-es","17":"tag-espana","18":"tag-spain"},"share_on_mastodon":{"url":"https:\/\/pubeurope.com\/@es\/115667625264346312","error":""},"_links":{"self":[{"href":"https:\/\/www.europesays.com\/es\/wp-json\/wp\/v2\/posts\/272685","targetHints":{"allow":["GET"]}}],"collection":[{"href":"https:\/\/www.europesays.com\/es\/wp-json\/wp\/v2\/posts"}],"about":[{"href":"https:\/\/www.europesays.com\/es\/wp-json\/wp\/v2\/types\/post"}],"author":[{"embeddable":true,"href":"https:\/\/www.europesays.com\/es\/wp-json\/wp\/v2\/users\/2"}],"replies":[{"embeddable":true,"href":"https:\/\/www.europesays.com\/es\/wp-json\/wp\/v2\/comments?post=272685"}],"version-history":[{"count":0,"href":"https:\/\/www.europesays.com\/es\/wp-json\/wp\/v2\/posts\/272685\/revisions"}],"wp:featuredmedia":[{"embeddable":true,"href":"https:\/\/www.europesays.com\/es\/wp-json\/wp\/v2\/media\/272686"}],"wp:attachment":[{"href":"https:\/\/www.europesays.com\/es\/wp-json\/wp\/v2\/media?parent=272685"}],"wp:term":[{"taxonomy":"category","embeddable":true,"href":"https:\/\/www.europesays.com\/es\/wp-json\/wp\/v2\/categories?post=272685"},{"taxonomy":"post_tag","embeddable":true,"href":"https:\/\/www.europesays.com\/es\/wp-json\/wp\/v2\/tags?post=272685"}],"curies":[{"name":"wp","href":"https:\/\/api.w.org\/{rel}","templated":true}]}}