{"id":272687,"date":"2025-12-05T15:18:20","date_gmt":"2025-12-05T15:18:20","guid":{"rendered":"https:\/\/www.europesays.com\/es\/272687\/"},"modified":"2025-12-05T15:18:20","modified_gmt":"2025-12-05T15:18:20","slug":"el-disgusto-de-los-fans-de-valle-salvaje-por-la-cancelacion-del-capitulo-de-hoy-que-iba-a-revelar-el-destino-de-luisa","status":"publish","type":"post","link":"https:\/\/www.europesays.com\/es\/272687\/","title":{"rendered":"El disgusto de los fans de &#8216;Valle Salvaje&#8217; por la cancelaci\u00f3n del cap\u00edtulo de hoy que iba a revelar el destino de Luisa"},"content":{"rendered":"<p data-journey-content=\"true\" data-node-id=\"3\" class=\"css-6wxqfj emevuu60\">TVE vuelve a las andadas. Tras varias semanas en las que hab\u00edamos disfrutado de cierta estabilidad en la emisi\u00f3n de sus series diarias, ha vuelto a priorizar la actualidad por encima de sus apuestas fijas.<strong data-node-id=\"3.1\"> La 1 ha arrancado el mes de diciembre con alteraciones en su programaci\u00f3n y, una vez m\u00e1s, sus principales v\u00edctimas son las telenovelas de la tarde.<\/strong> El primer cambio fue el del pasado <a href=\"https:\/\/www.diezminutos.es\/telenovela\/espanolas\/a69588993\/la-promesa-capitulo-cancelacion-martes-2-diciembre\/\" target=\"_blank\" data-vars-ga-outbound-link=\"https:\/\/www.diezminutos.es\/telenovela\/espanolas\/a69588993\/la-promesa-capitulo-cancelacion-martes-2-diciembre\/\" data-vars-ga-ux-element=\"Hyperlink\" data-vars-ga-call-to-action=\"martes 2 de diciembre, en el que el partido de la Selecci\u00f3n Femenina de F\u00fatbol fue el reemplazo de &#039;La Promesa&#039;\" data-node-id=\"3.3\" class=\"body-link css-177bzfx emevuu60\" rel=\"nofollow noopener\">martes 2 de diciembre, en el que el partido de la Selecci\u00f3n Femenina de F\u00fatbol fue el reemplazo de &#8216;La Promesa&#8217;<\/a>. Pero, en esta ocasi\u00f3n, las cancelaciones afectan a las dos producciones de Bamb\u00fa, aunque la reacci\u00f3n de sus fans puede ser muy distinta debido a las alteraciones que suponen en el avance de sus tramas. Y es que, aunque <a href=\"https:\/\/www.diezminutos.es\/telenovela\/espanolas\/a69640453\/la-promesa-hoy-capitulo-730-cancelacion-tve-serie\/\" target=\"_blank\" data-vars-ga-outbound-link=\"https:\/\/www.diezminutos.es\/telenovela\/espanolas\/a69640453\/la-promesa-hoy-capitulo-730-cancelacion-tve-serie\/\" data-vars-ga-ux-element=\"Hyperlink\" data-vars-ga-call-to-action=\"&#039;La Promesa&#039; tambi\u00e9n sufre la cancelaci\u00f3n de su episodio del viernes 5 de diciembre\" data-node-id=\"3.5\" class=\"body-link css-177bzfx emevuu60\" rel=\"nofollow noopener\">&#8216;La Promesa&#8217; tambi\u00e9n sufre la cancelaci\u00f3n de su episodio del viernes 5 de diciembre<\/a>, ya vivi\u00f3 su semana grande hace unos d\u00edas, con la resoluci\u00f3n del secuestro de Lorenzo por parte de Curro. Sin embargo, los seguidores de &#8216;Valle Salvaje&#8217; estaban muy pendientes de los acontecimientos de la <a href=\"https:\/\/www.diezminutos.es\/telenovela\/espanolas\/a69572702\/valle-salvaje-avance-semanal-del-1-al-5-de-diciembre-tve\/\" target=\"_blank\" data-vars-ga-outbound-link=\"https:\/\/www.diezminutos.es\/telenovela\/espanolas\/a69572702\/valle-salvaje-avance-semanal-del-1-al-5-de-diciembre-tve\/\" data-vars-ga-ux-element=\"Hyperlink\" data-vars-ga-call-to-action=\"semana del 1 al 5 de diciembre\" data-node-id=\"3.7\" class=\"body-link css-177bzfx emevuu60\" rel=\"nofollow noopener\">semana del 1 al 5 de diciembre<\/a> pero, en el \u00faltimo momento,<strong data-node-id=\"3.9\"> el asunto que m\u00e1s nos ten\u00eda en vilo no se va a resolver, lo que anticipa un gran enfado para todos los fans por la cancelaci\u00f3n de &#8216;Valle Salvaje&#8217; del cap\u00edtulo de hoy, viernes 5 de diciembre.<\/strong><\/p>\n<p><img draggable=\"true\" alt=\"luisa en prision en 'valle salvaje'\" title=\"Luisa en prision en 'Valle Salvaje'\" loading=\"lazy\" width=\"4498\" height=\"3000\" decoding=\"async\" data-nimg=\"1\" style=\"color:transparent;width:100%;height:auto;\"   src=\"https:\/\/www.europesays.com\/es\/wp-content\/uploads\/2025\/12\/valle-salvaje-luisa-prision-6932a8da7049e.jpg\" class=\"css-0 e1g79fud0\"\/><\/p>\n<p>RTVE<\/p>\n<p>TVE da un nuevo disgusto a los fans de &#8216;Valle Salvaje&#8217; al retrasar la condena de Luisa por la cancelaci\u00f3n del cap\u00edtulo de hoy<\/p>\n<p data-journey-content=\"true\" data-node-id=\"9\" class=\"css-6wxqfj emevuu60\"><strong data-node-id=\"9.0\">Hemos pasado varios d\u00edas de sufrimiento por <\/strong><a href=\"https:\/\/www.diezminutos.es\/telenovela\/espanolas\/a69552164\/valle-salvaje-personaje-clave-esta-semana-telenovela-tve\/\" target=\"_blank\" data-vars-ga-outbound-link=\"https:\/\/www.diezminutos.es\/telenovela\/espanolas\/a69552164\/valle-salvaje-personaje-clave-esta-semana-telenovela-tve\/\" data-vars-ga-ux-element=\"Hyperlink\" data-vars-ga-call-to-action=\"Luisa. La joven est\u00e1 atravesando su peor momento\" data-node-id=\"9.1\" class=\"body-link css-177bzfx emevuu60\" rel=\"nofollow noopener\"><strong data-node-id=\"9.1.0\">Luisa.<\/strong> La joven est\u00e1 atravesando su peor momento<\/a>, y es que se ha visto envuelta en un caso de robo en el que los nobles de la Casa Grande han dado por hecho que es la responsable. Una talla de gran valor ha desaparecido y ella parec\u00eda la sospechosa principal, por lo que han ignorado las proclamaciones de inocencia que no ha parado de hacer. Tras quedar recluida en prisi\u00f3n, el desgaste del lugar y el trato de los carceleros se ha traducido en un deterioro importante en ella, que f\u00edsicamente est\u00e1 d\u00e9bil, aunque lo peor est\u00e1 en su cabeza. Pese a las visitas de Adriana (<a href=\"https:\/\/www.diezminutos.es\/telenovela\/espanolas\/a62295312\/rocio-suarez-de-puga-valle-salvaje-vida\/\" target=\"_blank\" data-vars-ga-outbound-link=\"https:\/\/www.diezminutos.es\/telenovela\/espanolas\/a62295312\/rocio-suarez-de-puga-valle-salvaje-vida\/\" data-vars-ga-ux-element=\"Hyperlink\" data-vars-ga-call-to-action=\"Roc\u00edo Su\u00e1rez de Puga\" data-node-id=\"9.3\" class=\"body-link css-177bzfx emevuu60\" rel=\"nofollow noopener\">Roc\u00edo Su\u00e1rez de Puga<\/a>) y su amado Alejo, la joven est\u00e1 cada vez m\u00e1s resignada a un destino fatal y, cuando, por fin, \u00edbamos a descubrir si salvar\u00eda la vida o no&#8230;<strong data-node-id=\"9.5\"> TVE ha dado al traste con nuestros planes.<\/strong><\/p>\n<p data-journey-content=\"true\" data-node-id=\"14\" class=\"css-6wxqfj emevuu60\">Y es que, efectivamente, <strong data-node-id=\"14.1\">la resoluci\u00f3n de la condena de Luisa tendr\u00e1 que esperar, al menos, hasta la pr\u00f3xima semana. <a href=\"https:\/\/www.diezminutos.es\/telenovela\/espanolas\/a69590541\/valle-salvaje-cancelacion-serie-capitulo-viernes-5-diciembre\/\" target=\"_blank\" data-vars-ga-outbound-link=\"https:\/\/www.diezminutos.es\/telenovela\/espanolas\/a69590541\/valle-salvaje-cancelacion-serie-capitulo-viernes-5-diciembre\/\" data-vars-ga-ux-element=\"Hyperlink\" data-vars-ga-call-to-action=\"La 1 ha cancelado la emisi\u00f3n del cap\u00edtulo previsto para hoy viernes 5 de diciembre de &#039;Valle Salvaje&#039;\" data-node-id=\"14.1.1\" class=\"body-link css-177bzfx emevuu60\" rel=\"nofollow noopener\">La 1 ha cancelado la emisi\u00f3n del cap\u00edtulo previsto para hoy viernes 5 de diciembre de &#8216;Valle Salvaje&#8217;<\/a> <\/strong><strong data-node-id=\"14.2\"\/>para ofrecer un evento de la actualidad deportiva. Y es que a lo largo de la tarde se podr\u00e1 ver en el canal principal del ente p\u00fablico el sorteo del Mundial 2026 de F\u00fatbol, que tendr\u00e1 su sede en Canad\u00e1, M\u00e9xico y Estados Unidos de forma conjunta. <\/p>\n<p><img draggable=\"true\" alt=\"valle salvaje\" title=\"Valle Salvaje\" loading=\"lazy\" width=\"2050\" height=\"1367\" decoding=\"async\" data-nimg=\"1\" style=\"color:transparent;width:100%;height:auto;\"   src=\"https:\/\/www.europesays.com\/es\/wp-content\/uploads\/2025\/12\/g7fw3oux0aas6k4-692ed1bda3a38.jpg\" class=\"css-0 e1g79fud0\"\/><\/p>\n<p>RTVE<\/p>\n<p data-journey-content=\"true\" data-node-id=\"18\" class=\"css-6wxqfj emevuu60\"><strong data-node-id=\"18.0\">De modo que, tras la emisi\u00f3n de &#8216;Directo al grano&#8217;, a las 17.55 asistiremos a la cita organizada por la FIFA en lugar de disfrutar de <\/strong><strong data-node-id=\"18.1\">&#8216;<a href=\"https:\/\/www.diezminutos.es\/telenovela-la-promesa\/\" target=\"_blank\" data-vars-ga-outbound-link=\"https:\/\/www.diezminutos.es\/telenovela-la-promesa\/\" data-vars-ga-ux-element=\"Hyperlink\" data-vars-ga-call-to-action=\"La Promesa\" data-node-id=\"18.1.1\" data-mrf-link=\"https:\/\/www.diezminutos.es\/telenovela-la-promesa\/\" data-mrf-recirculation-id=\"[Article] In Text Link_6\" class=\"body-link css-177bzfx emevuu60\" rel=\"nofollow noopener\">La Promesa<\/a>&#8216; y <\/strong><strong data-node-id=\"18.2\">&#8216;<a href=\"https:\/\/www.diezminutos.es\/valle-salvaje\/\" target=\"_blank\" data-vars-ga-outbound-link=\"https:\/\/www.diezminutos.es\/valle-salvaje\/\" data-vars-ga-ux-element=\"Hyperlink\" data-vars-ga-call-to-action=\"Valle Salvaje\" data-node-id=\"18.2.1\" data-mrf-link=\"https:\/\/www.diezminutos.es\/valle-salvaje\/\" data-mrf-recirculation-id=\"[Article] In Text Link_5\" class=\"body-link css-177bzfx emevuu60\" rel=\"nofollow noopener\">Valle Salvaje<\/a>&#8216;<\/strong>, aunque s\u00ed habr\u00e1 espacio para &#8216;Malas lenguas&#8217; y &#8216;Aqu\u00ed la Tierra&#8217;, que no sufren alteraciones. Podemos imaginar el enfado de los seguidores de la serie, que ven c\u00f3mo la agon\u00eda de Luisa se alarga en el tiempo, aunque pueden aferrarse a un consuelo y es que, con este cambio, las consecuencias del veredicto del juez podr\u00e1n verse en continuidad la pr\u00f3xima semana.<br data-node-id=\"18.4\"\/><\/p>\n<p><img src=\"https:\/\/www.europesays.com\/es\/wp-content\/uploads\/2025\/12\/1764947900_54_c846bc45-0529-47f5-9c7d-b54f2b3afed7_1682587735.file\" alt=\"Headshot of Nora C\u00e1mara\" title=\"Headshot of Nora C\u00e1mara\" width=\"100%\" height=\"100%\" decoding=\"async\" loading=\"lazy\" class=\"css-o0wq4v ev8dhu53\"\/><\/p>\n<p>Nora es experta en contenidos de cine y televisi\u00f3n en la web de Diez Minutos. Sus intereses personales y profesionales se cruzan en su labor en esta revista, pues dedica su tiempo a estar al d\u00eda en los \u00faltimos estrenos en salas y plataformas, tanto para no perd\u00e9rselos como para recomendarlos. Pero que nadie sufra, tambi\u00e9n desconecta con la m\u00fasica en directo, la lectura y los viajes. \u00a0<\/p>\n<p>Prescriptora audiovisual por verdadera afici\u00f3n, siempre est\u00e1 dispuesta a arrastrarte con ella al apasionante mundo de las sagas como Harry Potter, Star Wars o Marvel, as\u00ed como a sugerirte la \u00faltima serie adictiva que no debes perderte de Netflix, HBO Max, Disney+, Movistar+ y Amazon Prime Video. Eso s\u00ed, si tienes un arrebato de nostalgia, tambi\u00e9n te recordar\u00e1 el cl\u00e1sico perfecto para cualquier estado de \u00e1nimo o tem\u00e1tica que te interese, desde el musical o la ciencia ficci\u00f3n a las adaptaciones literarias.\u00a0<\/p>\n<p>Nora C\u00e1mara se gradu\u00f3 en Periodismo y Comunicaci\u00f3n Audiovisual en la Universidad Carlos III de Madrid en 2015, donde defini\u00f3 su pasi\u00f3n por los contenidos de cine y televisi\u00f3n. Continu\u00f3 su especializaci\u00f3n en estas materias con diversas formaciones de Guion de televisi\u00f3n y Cr\u00edtica cinematogr\u00e1fica, llev\u00e1ndole a mejorar su experiencia en las revistas del grupo HEARST Teleprograma, Supertele y Telenovela, antes de su llegada a Diez Minutos, hace dos a\u00f1os. \u00a0<\/p>\n","protected":false},"excerpt":{"rendered":"TVE vuelve a las andadas. Tras varias semanas en las que hab\u00edamos disfrutado de cierta estabilidad en la&hellip;\n","protected":false},"author":2,"featured_media":272688,"comment_status":"","ping_status":"","sticky":false,"template":"","format":"standard","meta":{"footnotes":""},"categories":[171],"tags":[253,146,147,25,24,23,214],"class_list":{"0":"post-272687","1":"post","2":"type-post","3":"status-publish","4":"format-standard","5":"has-post-thumbnail","7":"category-tv","8":"tag-discover","9":"tag-entertainment","10":"tag-entretenimiento","11":"tag-es","12":"tag-espana","13":"tag-spain","14":"tag-tv"},"share_on_mastodon":{"url":"https:\/\/pubeurope.com\/@es\/115667633027593639","error":""},"_links":{"self":[{"href":"https:\/\/www.europesays.com\/es\/wp-json\/wp\/v2\/posts\/272687","targetHints":{"allow":["GET"]}}],"collection":[{"href":"https:\/\/www.europesays.com\/es\/wp-json\/wp\/v2\/posts"}],"about":[{"href":"https:\/\/www.europesays.com\/es\/wp-json\/wp\/v2\/types\/post"}],"author":[{"embeddable":true,"href":"https:\/\/www.europesays.com\/es\/wp-json\/wp\/v2\/users\/2"}],"replies":[{"embeddable":true,"href":"https:\/\/www.europesays.com\/es\/wp-json\/wp\/v2\/comments?post=272687"}],"version-history":[{"count":0,"href":"https:\/\/www.europesays.com\/es\/wp-json\/wp\/v2\/posts\/272687\/revisions"}],"wp:featuredmedia":[{"embeddable":true,"href":"https:\/\/www.europesays.com\/es\/wp-json\/wp\/v2\/media\/272688"}],"wp:attachment":[{"href":"https:\/\/www.europesays.com\/es\/wp-json\/wp\/v2\/media?parent=272687"}],"wp:term":[{"taxonomy":"category","embeddable":true,"href":"https:\/\/www.europesays.com\/es\/wp-json\/wp\/v2\/categories?post=272687"},{"taxonomy":"post_tag","embeddable":true,"href":"https:\/\/www.europesays.com\/es\/wp-json\/wp\/v2\/tags?post=272687"}],"curies":[{"name":"wp","href":"https:\/\/api.w.org\/{rel}","templated":true}]}}