{"id":272703,"date":"2025-12-05T15:26:10","date_gmt":"2025-12-05T15:26:10","guid":{"rendered":"https:\/\/www.europesays.com\/es\/272703\/"},"modified":"2025-12-05T15:26:10","modified_gmt":"2025-12-05T15:26:10","slug":"la-ue-impone-una-multa-de-120-millones-de-euros-a-x-la-red-social-de-elon-musk","status":"publish","type":"post","link":"https:\/\/www.europesays.com\/es\/272703\/","title":{"rendered":"La UE impone una multa de 120 millones de euros a X, la red social de Elon Musk"},"content":{"rendered":"<p>    <img src=\"https:\/\/www.europesays.com\/es\/wp-content\/uploads\/2025\/12\/2025-12-05T123A343A07Z-90589975.jpg\" width=\"1024\" height=\"682\" alt=\"\" loading=\"eager\" decoding=\"sync\" fetchpriority=\"high\"\/><\/p>\n<p>            afp_tickers        <\/p>\n<p>        Este contenido fue publicado en    <\/p>\n<p>        05 diciembre 2025 &#8211; 13:34\n<\/p>\n<p>La Uni\u00f3n Europea impuso este viernes una multa de 120 millones de euros (casi 140 millones de d\u00f3lares) a la red social X, propiedad de Elon Musk, que podr\u00eda provocar otra confrontaci\u00f3n con el presidente estadounidense Donald Trump.<\/p>\n<p>La sanci\u00f3n corresponde a las infracciones notificadas en julio de 2024 a X, cuando la UE acus\u00f3 a la plataforma de enga\u00f1ar a los usuarios con el sistema de marca de verificaci\u00f3n azul -que supuestamente certifica las fuentes de informaci\u00f3n-, de no ser lo suficientemente transparente respecto a la publicidad y de no respetar la obligaci\u00f3n de acceso a los datos internos por parte de investigadores acreditados.<\/p>\n<p>Antes incluso de que se oficializara la decisi\u00f3n, el vicepresidente estadounidense JD Vance hab\u00eda denunciado los pasos que estaba dando la Uni\u00f3n Europea.\u00a0<\/p>\n<p>\u00abLa UE deber\u00eda defender la libertad de expresi\u00f3n en lugar de atacar a empresas estadounidenses por tonter\u00edas\u00bb, lanz\u00f3, una declaraci\u00f3n que Musk agradeci\u00f3 poco despu\u00e9s.<\/p>\n<p>La multa contra X \u00abno tiene nada que ver con la censura\u00bb, se\u00f1al\u00f3 la vicepresidenta de la Comisi\u00f3n Europea encargada de temas digitales, Henna Virkkunen, al ser preguntada por periodistas.\u00a0<\/p>\n<p>\u00abNo estamos aqu\u00ed para imponer las multas m\u00e1s altas. Estamos aqu\u00ed para asegurarnos de que nuestra legislaci\u00f3n digital se cumple\u00bb, agreg\u00f3 la responsable. \u00abSi acatas nuestras reglas, no te multamos: es tan simple como eso\u00bb, enfatiz\u00f3.<\/p>\n<p>Se trata de la primera sanci\u00f3n emitida por la Comisi\u00f3n Europea en el marco del Reglamento de Servicios Digitales (DSA), una ley aprobada hace dos a\u00f1os para luchar contra los contenidos ilegales y peligrosos en l\u00ednea.<\/p>\n<p>\u2013 Cariz pol\u00edtico \u2013<\/p>\n<p>Antes de que Musk comprase la plataforma en 2022, la red, que entonces se llamaba Twitter, otorgaba la marca azul (o \u00abtick azul\u00bb) a los usuarios tras un proceso de verificaci\u00f3n de identidad, destinado a evitar fraudes.<\/p>\n<p>Pero tras adquirirla por 44.000 millones de d\u00f3lares y rebautizarla \u00abX\u00bb, Elon Musk reserv\u00f3 esas etiquetas a los suscriptores de pago, lo cual podr\u00eda, seg\u00fan Bruselas, inducir a error a los usuarios.<\/p>\n<p>Por otro lado, la UE ampli\u00f3 su investigaci\u00f3n sobre X, al sospechar que no respeta sus obligaciones en materia de contenidos ilegales y desinformaci\u00f3n. Sin embargo, todav\u00eda no cerr\u00f3 su investigaci\u00f3n en ese frente.<\/p>\n<p>El caso adquiri\u00f3 un cariz pol\u00edtico por la fuerte cercan\u00eda entre Musk y el presidente estadounidense Donald Trump. Ambos hab\u00edan estado muy unidos hasta su\u00a0pelea el pasado junio.\u00a0<\/p>\n<p>En las \u00faltimas semanas, protagonizaron un nuevo acercamiento, pero no al nivel de antes.<\/p>\n<p>A finales de noviembre, un grupo de responsables estadounidenses viaj\u00f3 a Bruselas y pidi\u00f3 a la UE que suavizara esas leyes, a cambio de una reducci\u00f3n de los aranceles estadounidenses al acero europeo.<\/p>\n<p>Una propuesta rechazada por los europeos, que reafirmaron el derecho soberano del bloque a adoptar y aplicar sus propias leyes.<\/p>\n<p>fpo\/jca\/chl\/jvb\/hgs<\/p>\n","protected":false},"excerpt":{"rendered":"afp_tickers Este contenido fue publicado en 05 diciembre 2025 &#8211; 13:34 La Uni\u00f3n Europea impuso este viernes una&hellip;\n","protected":false},"author":2,"featured_media":272704,"comment_status":"","ping_status":"","sticky":false,"template":"","format":"standard","meta":{"footnotes":""},"categories":[42],"tags":[17,18,5797,13,14,66810,11,61,62,63,64,26325,11894,11895,19,20,7657,17067,66811,5798,9,10,15,16,1384,25890,90,12,11896,21,22,65,66,67],"class_list":{"0":"post-272703","1":"post","2":"type-post","3":"status-publish","4":"format-standard","5":"has-post-thumbnail","7":"category-internacional","8":"tag-breaking-news","9":"tag-breakingnews","10":"tag-culture","11":"tag-featured-news","12":"tag-featurednews","13":"tag-fine","14":"tag-headlines","15":"tag-internacional","16":"tag-international","17":"tag-international-news","18":"tag-internationalnews","19":"tag-investigation","20":"tag-judiciary-system-of-justice","21":"tag-justice-and-rights","22":"tag-latest-news","23":"tag-latestnews","24":"tag-law-and-order","25":"tag-law-enforcement","26":"tag-litigation","27":"tag-mass-media","28":"tag-news","29":"tag-noticias","30":"tag-noticias-destacadas","31":"tag-noticiasdestacadas","32":"tag-police","33":"tag-punishment","34":"tag-ticker","35":"tag-titulares","36":"tag-trials","37":"tag-ultimas-noticias","38":"tag-ultimasnoticias","39":"tag-world","40":"tag-world-news","41":"tag-worldnews"},"share_on_mastodon":{"url":"","error":"Validation failed: Text character limit of 500 exceeded"},"_links":{"self":[{"href":"https:\/\/www.europesays.com\/es\/wp-json\/wp\/v2\/posts\/272703","targetHints":{"allow":["GET"]}}],"collection":[{"href":"https:\/\/www.europesays.com\/es\/wp-json\/wp\/v2\/posts"}],"about":[{"href":"https:\/\/www.europesays.com\/es\/wp-json\/wp\/v2\/types\/post"}],"author":[{"embeddable":true,"href":"https:\/\/www.europesays.com\/es\/wp-json\/wp\/v2\/users\/2"}],"replies":[{"embeddable":true,"href":"https:\/\/www.europesays.com\/es\/wp-json\/wp\/v2\/comments?post=272703"}],"version-history":[{"count":0,"href":"https:\/\/www.europesays.com\/es\/wp-json\/wp\/v2\/posts\/272703\/revisions"}],"wp:featuredmedia":[{"embeddable":true,"href":"https:\/\/www.europesays.com\/es\/wp-json\/wp\/v2\/media\/272704"}],"wp:attachment":[{"href":"https:\/\/www.europesays.com\/es\/wp-json\/wp\/v2\/media?parent=272703"}],"wp:term":[{"taxonomy":"category","embeddable":true,"href":"https:\/\/www.europesays.com\/es\/wp-json\/wp\/v2\/categories?post=272703"},{"taxonomy":"post_tag","embeddable":true,"href":"https:\/\/www.europesays.com\/es\/wp-json\/wp\/v2\/tags?post=272703"}],"curies":[{"name":"wp","href":"https:\/\/api.w.org\/{rel}","templated":true}]}}