{"id":272705,"date":"2025-12-05T15:27:17","date_gmt":"2025-12-05T15:27:17","guid":{"rendered":"https:\/\/www.europesays.com\/es\/272705\/"},"modified":"2025-12-05T15:27:17","modified_gmt":"2025-12-05T15:27:17","slug":"el-jefe-de-gabinete-de-mazon-a-pradas-durante-lo-peor-de-la-dana-salo-de-confinar-nada-por-favor-calma-espana","status":"publish","type":"post","link":"https:\/\/www.europesays.com\/es\/272705\/","title":{"rendered":"El jefe de gabinete de Maz\u00f3n a Pradas durante lo peor de la dana: \u201cSalo, de confinar nada por favor. Calma\u201d | Espa\u00f1a"},"content":{"rendered":"<p class=\"\">La que fuera consellera de Emergencias durante la dana, Salom\u00e9 Pradas, inform\u00f3 durante el d\u00eda de la cat\u00e1strofe al expresident Carlos Maz\u00f3n y a su equipo de lo que estaba sucediendo aquel 29 de octubre de 2024, cuando la riada dej\u00f3 230 muertos, seg\u00fan los mensajes a los que ha tenido acceso EL PA\u00cdS. La cronolog\u00eda de esos wasaps revela que el departamento de Presidencia de la Generalitat manejaba informaci\u00f3n desde mediod\u00eda de la gravedad de la desgracia, pese a las m\u00faltiples versiones que ha dado el Consell en el \u00faltimo a\u00f1o. <\/p>\n<p>M\u00e1s informaci\u00f3n<\/p>\n<p class=\"\">El jefe de gabinete y mano derecha de Maz\u00f3n, Jos\u00e9 Manuel Cuenca, dio instrucciones a Pradas durante toda la jornada sobre c\u00f3mo gestionar la crisis. La exconsejera report\u00f3 a Cuenca a las 16.28, media hora antes del inicio de la reuni\u00f3n del Centro de Coordinaci\u00f3n Operativa Integrado (Cecopi), el \u00f3rgano que coordin\u00f3 la crisis, de que hab\u00eda sido informada de \u201cun fallecido en Utiel\u201d. <a href=\"https:\/\/elpais.com\/espana\/2025-11-17\/las-falsedades-de-mazon-en-la-comision-de-la-dana-en-el-congreso.html\" target=\"_blank\" rel=\"noreferrer nofollow noopener\" title=\"https:\/\/elpais.com\/espana\/2025-11-17\/las-falsedades-de-mazon-en-la-comision-de-la-dana-en-el-congreso.html\">Maz\u00f3n lleg\u00f3 a asegurar en la comisi\u00f3n de investigaci\u00f3n de la dana del Congreso de los Diputados que nadie le inform\u00f3 de ninguna v\u00edctima hasta la<\/a>s cinco de la madrugada del d\u00eda siguiente a la cat\u00e1strofe. <\/p>\n<p class=\"\">Cuando se registra el mensaje entre Pradas y Cuenca, Maz\u00f3n se encontraba en el c\u00e9ntrico restaurante El Ventorro con la periodista Maribel Vilaplana, donde disfrut\u00f3 de un almuerzo de casi cuatro horas. <\/p>\n<p class=\"\">A las 19.54 horas, en lo peor de la dana, tras el desbordamiento del barranco el Poyo, g\u00e9nesis de la inundaci\u00f3n que sepult\u00f3 municipios como Catarroja o Paiporta, Cuenca le dice a la entonces consejera: \u201cSalo. De confinar nada por favor. Calma\u201d. Y Pradas, contesta: \u201cEst\u00e1 la cosas [sic.] muy mal\u201d. \u201cYa mujer\u201d, responde Cuenca. Pradas insiste en que hay \u201cdesbordamientos por toda la provincia\u201d. Y el jefe de gabinete de Maz\u00f3n, le dice: \u201cPero confirmar una provincia es una barbaridad. Una cosa es zonificar comarcas: Ribera Alta, Hoya de Bu\u00f1ol, Costera, en fin, pero no toda la provincia\u201d.<\/p>\n<p class=\"\">Entre las misivas, Pradas avis\u00f3 de que iban a <a href=\"https:\/\/elpais.com\/espana\/comunidad-valenciana\/2025-11-07\/la-generalitat-tenia-un-borrador-del-es-alert-por-la-dana-a-las-1837-horas-aunque-lo-envio-hora-y-media-despues.html\" target=\"_blank\" rel=\"noreferrer nofollow noopener\" title=\"https:\/\/elpais.com\/espana\/comunidad-valenciana\/2025-11-07\/la-generalitat-tenia-un-borrador-del-es-alert-por-la-dana-a-las-1837-horas-aunque-lo-envio-hora-y-media-despues.html\">mandar el Es-Alert<\/a>, la alerta masiva a m\u00f3viles: \u201cVamos a enviar mensaje de precauci\u00f3n a todos\u201d. Y respondi\u00f3: \u201cEs que poco se queda fuera. Y comunicaciones afecta a todos. Estamos en ello: pedir precauci\u00f3n a todos, confinamiento [de] \u00e1reas afectadas y alejamiento (subir plantas) unos cuantos municipios\u201d. El primer Es Alert se remiti\u00f3 a las 20.11 horas, cuando 155 personas hab\u00edan fallecido, y no ped\u00eda a la poblaci\u00f3n subir a las primeras plantas. M\u00e1s de la mitad de los fallecidos perdieron la vida en bajos y garajes. La jueza que instruye la causa ha criticado en decenas de autos este error. <\/p>\n<p class=\"\">\u201cSalom\u00e9, para confinar hace falta un estado de alarma. Y eso lo decreta la chica que tienes al lado, la delegada [en referencia a Pilar Bernab\u00e9, delegada del Gobierno en la comunidad]. Calma\u201d, escribi\u00f3 Cuenca a Pradas a las 20.08, solo tres minutos antes del env\u00edo de la alerta a m\u00f3viles y cuando, <a href=\"https:\/\/elpais.com\/espana\/2025-10-26\/como-donde-y-a-que-hora-murieron-las-229-victimas-de-la-dana.html\" target=\"_self\" rel=\"nofollow noopener\" title=\"https:\/\/elpais.com\/espana\/2025-10-26\/como-donde-y-a-que-hora-murieron-las-229-victimas-de-la-dana.html\">seg\u00fan la investigaci\u00f3n de EL PA\u00cdS<\/a>, ya hab\u00edan muerto al menos 156 personas y otras 37 se encontraban en una situaci\u00f3n cr\u00edtica.<\/p>\n<p class=\"\">El Cecopi remiti\u00f3 el aviso a m\u00f3viles a las 20.11: \u201cAlerta de Protecci\u00f3n Civil por las fuertes lluvias. Como medida preventiva se debe evitar cualquier tipo de desplazamiento. Est\u00e9n atentos a futuros avisos\u201d. Cuatro minutos m\u00e1s tarde, Cuenca anunci\u00f3 que Maz\u00f3n estaba llegando a L\u2019Eliana \u2014\u201cJa aplega el Presi\u201d (\u201cYa llega el presi\u201d)\u2014 y Pradas le indic\u00f3 que se pod\u00eda decretar el confinamiento \u201cpor la ley de emergencias\u201d, algo que Cuenca zanj\u00f3 con un: \u201cLl\u00e9vate a\u00e7o del cap, per favor\u201d (Qu\u00edtate eso de la cabeza). Posteriormente, Pradas le envi\u00f3 un mensaje de audio y le comunic\u00f3 que la Confederaci\u00f3n Hidrogr\u00e1fica iba a decretar el nivel 3. \u201cVamos a aconsejar. Solo en comarcas afectadas\u201d, a\u00f1adi\u00f3 a las 20.19.<\/p>\n<p class=\"\">Poco antes de enviar la alerta, a las 20.15, Pradas manda un audio de 27 segundos a Cuenca en valenciano. \u201cSon tres medidas diferentes. Hemos pedido evitar el desplazamiento por toda la provincia de Valencia. Y vamos a decretar el confinamiento en La Ribera Alta, Baja, L\u2019Horta Sud y la Hoya de Bu\u00f1ol. Y dentro de esas comarcas, pediremos que se eleven a pisos superiores en aquellos municipios y viviendas que est\u00e9n pr\u00f3ximas a entornos de r\u00edos y barrancos\u201d. <\/p>\n<p class=\"\">Por otra parte, la jueza de Catarroja ha acordado este viernes citar a declarar como testigo a Jos\u00e9 Miguel Basset, que era jefe del Consorcio Provincial de Bomberos durante la dana. Este profesional, ya jubilado, lleg\u00f3 a reconocer que sus efectivos se retiraron el d\u00eda de la desgraci del barranco del Poyo a las 15.00 horas \u201cporque hab\u00eda ganas de comer\u201d. La magistrada ha fijado su comparecencia para el 14 y el 19 de enero. <\/p>\n","protected":false},"excerpt":{"rendered":"La que fuera consellera de Emergencias durante la dana, Salom\u00e9 Pradas, inform\u00f3 durante el d\u00eda de la cat\u00e1strofe&hellip;\n","protected":false},"author":2,"featured_media":272706,"comment_status":"","ping_status":"","sticky":false,"template":"","format":"standard","meta":{"footnotes":""},"categories":[8],"tags":[17,18,2007,242,1681,4978,25,24,13,14,11,4274,734,2158,19,20,9,10,15,16,55278,23,12,21,22,235],"class_list":{"0":"post-272705","1":"post","2":"type-post","3":"status-publish","4":"format-standard","5":"has-post-thumbnail","7":"category-espana","8":"tag-breaking-news","9":"tag-breakingnews","10":"tag-carlos-mazon","11":"tag-comunidad-valenciana","12":"tag-dana","13":"tag-emergencias","14":"tag-es","15":"tag-espana","16":"tag-featured-news","17":"tag-featurednews","18":"tag-headlines","19":"tag-inundaciones-dana-octubre-2024","20":"tag-investigacion-judicial","21":"tag-justicia","22":"tag-latest-news","23":"tag-latestnews","24":"tag-news","25":"tag-noticias","26":"tag-noticias-destacadas","27":"tag-noticiasdestacadas","28":"tag-salome-pradas","29":"tag-spain","30":"tag-titulares","31":"tag-ultimas-noticias","32":"tag-ultimasnoticias","33":"tag-valencia"},"share_on_mastodon":{"url":"https:\/\/pubeurope.com\/@es\/115667668042534318","error":""},"_links":{"self":[{"href":"https:\/\/www.europesays.com\/es\/wp-json\/wp\/v2\/posts\/272705","targetHints":{"allow":["GET"]}}],"collection":[{"href":"https:\/\/www.europesays.com\/es\/wp-json\/wp\/v2\/posts"}],"about":[{"href":"https:\/\/www.europesays.com\/es\/wp-json\/wp\/v2\/types\/post"}],"author":[{"embeddable":true,"href":"https:\/\/www.europesays.com\/es\/wp-json\/wp\/v2\/users\/2"}],"replies":[{"embeddable":true,"href":"https:\/\/www.europesays.com\/es\/wp-json\/wp\/v2\/comments?post=272705"}],"version-history":[{"count":0,"href":"https:\/\/www.europesays.com\/es\/wp-json\/wp\/v2\/posts\/272705\/revisions"}],"wp:featuredmedia":[{"embeddable":true,"href":"https:\/\/www.europesays.com\/es\/wp-json\/wp\/v2\/media\/272706"}],"wp:attachment":[{"href":"https:\/\/www.europesays.com\/es\/wp-json\/wp\/v2\/media?parent=272705"}],"wp:term":[{"taxonomy":"category","embeddable":true,"href":"https:\/\/www.europesays.com\/es\/wp-json\/wp\/v2\/categories?post=272705"},{"taxonomy":"post_tag","embeddable":true,"href":"https:\/\/www.europesays.com\/es\/wp-json\/wp\/v2\/tags?post=272705"}],"curies":[{"name":"wp","href":"https:\/\/api.w.org\/{rel}","templated":true}]}}