{"id":272711,"date":"2025-12-05T15:33:22","date_gmt":"2025-12-05T15:33:22","guid":{"rendered":"https:\/\/www.europesays.com\/es\/272711\/"},"modified":"2025-12-05T15:33:22","modified_gmt":"2025-12-05T15:33:22","slug":"serena-williams-niega-que-vaya-a-volver","status":"publish","type":"post","link":"https:\/\/www.europesays.com\/es\/272711\/","title":{"rendered":"Serena Williams niega que vaya a volver"},"content":{"rendered":"<p>La estadounidense Serena Williams, una de las mejores tenistas de la historia, neg\u00f3 que vaya a volver a jugar al tenis pese a registrarse en el sistema antidopaje de la ITIA, la agencia internacional que vela por la integridad en el tenis.<\/p>\n<p>\u00abNo, no voy a volver, esto es una locura\u00bb, reconoci\u00f3 en redes sociales la estadounidense poco tiempo despu\u00e9s de que se viralizase que en octubre entr\u00f3 en el registro de la ITIA, lo que daba pistas a una posible vuelta al circuito dentro de seis meses.<\/p>\n<p>La ganadora de 23 Grand Slams no juega desde 2022, pero evit\u00f3 utilizar la palabra \u00abretirada\u00bb cuando anunci\u00f3 su adi\u00f3s del deporte profesional, lo que siempre ha dejado la puerta abierta a un retorno.<\/p>\n<p>La atleta estadounidense de 44 a\u00f1os fue incluida en el \u00faltimo registro del sistema antidopaje de la ITIA, mediante el cual los tenistas que est\u00e9n en \u00e9l tienen que proveer su localizaci\u00f3n y ciertos datos para someterse a controles peri\u00f3dicos. La jugadora no ha especificado por qu\u00e9 si no tiene intenci\u00f3n de jugar se ha registrado en este sistema.<\/p>\n<p>Una vez dentro de este sistema, y en caso de que estuviera interesada en volver, Serena tendr\u00eda que esperar seis meses para poder competir a nivel profesional.<\/p>\n<p>\u00abNos ha notificado que quiere estar de vuelta en el sistema. No s\u00e9 si esto quiere decir que va a volver o si quiere darse esa oportunidad. Lo \u00fanico que puedo decir es que est\u00e1 de vuelta en el sistema y tendr\u00e1 que registrar sus localizaciones\u00bb, dijo en declaraciones al \u00abNew York Times\u00bb, Adrian Bassett portavoz de la ITIA.<\/p>\n<p>La fecha de incorporaciones de Serena al sistema de la ITIA es el 6 de octubre, por lo que podr\u00eda volver a jugar al tenis a partir de abril de 2026.\u00a0<\/p>\n","protected":false},"excerpt":{"rendered":"La estadounidense Serena Williams, una de las mejores tenistas de la historia, neg\u00f3 que vaya a volver a&hellip;\n","protected":false},"author":2,"featured_media":272712,"comment_status":"","ping_status":"","sticky":false,"template":"","format":"standard","meta":{"footnotes":""},"categories":[274],"tags":[11485,168,16580,25,24,1911,23,167,327,326],"class_list":{"0":"post-272711","1":"post","2":"type-post","3":"status-publish","4":"format-standard","5":"has-post-thumbnail","7":"category-tenis","8":"tag-atletismo","9":"tag-deportes","10":"tag-dopaje","11":"tag-es","12":"tag-espana","13":"tag-serena-williams","14":"tag-spain","15":"tag-sports","16":"tag-tenis","17":"tag-tennis"},"share_on_mastodon":{"url":"https:\/\/pubeurope.com\/@es\/115667691390716746","error":""},"_links":{"self":[{"href":"https:\/\/www.europesays.com\/es\/wp-json\/wp\/v2\/posts\/272711","targetHints":{"allow":["GET"]}}],"collection":[{"href":"https:\/\/www.europesays.com\/es\/wp-json\/wp\/v2\/posts"}],"about":[{"href":"https:\/\/www.europesays.com\/es\/wp-json\/wp\/v2\/types\/post"}],"author":[{"embeddable":true,"href":"https:\/\/www.europesays.com\/es\/wp-json\/wp\/v2\/users\/2"}],"replies":[{"embeddable":true,"href":"https:\/\/www.europesays.com\/es\/wp-json\/wp\/v2\/comments?post=272711"}],"version-history":[{"count":0,"href":"https:\/\/www.europesays.com\/es\/wp-json\/wp\/v2\/posts\/272711\/revisions"}],"wp:featuredmedia":[{"embeddable":true,"href":"https:\/\/www.europesays.com\/es\/wp-json\/wp\/v2\/media\/272712"}],"wp:attachment":[{"href":"https:\/\/www.europesays.com\/es\/wp-json\/wp\/v2\/media?parent=272711"}],"wp:term":[{"taxonomy":"category","embeddable":true,"href":"https:\/\/www.europesays.com\/es\/wp-json\/wp\/v2\/categories?post=272711"},{"taxonomy":"post_tag","embeddable":true,"href":"https:\/\/www.europesays.com\/es\/wp-json\/wp\/v2\/tags?post=272711"}],"curies":[{"name":"wp","href":"https:\/\/api.w.org\/{rel}","templated":true}]}}