{"id":272719,"date":"2025-12-05T15:38:08","date_gmt":"2025-12-05T15:38:08","guid":{"rendered":"https:\/\/www.europesays.com\/es\/272719\/"},"modified":"2025-12-05T15:38:08","modified_gmt":"2025-12-05T15:38:08","slug":"richard-gere-rompe-su-silencio-sobre-su-veto-en-los-oscar-durante-decadas","status":"publish","type":"post","link":"https:\/\/www.europesays.com\/es\/272719\/","title":{"rendered":"Richard Gere rompe su silencio sobre su veto en los Oscar durante d\u00e9cadas"},"content":{"rendered":"<p id=\"edP4iJ2Chj\" data-wc=\"108\">Richard Gere ha hablado abiertamente sobre un hecho que ocurri\u00f3 durante la gala de entrega de los Premios Oscar, del a\u00f1o 1993, y que tuvo graves consecuencias para \u00e9l. <a class=\"hm-link ho-link\" href=\"https:\/\/www.hola.com\/actualidad\/20251122868968\/richard-gere-se-convierte-en-el-protagonista-inesperado-de-la-navidad\/\" data-mrf-recirculation=\"article-body-link\" rel=\"nofollow noopener\" target=\"_blank\">El actor, de 76 a\u00f1os<\/a>, ha reconocido al medio estadounidense Variety \u00a0los motivos por los que, en su opini\u00f3n, ha estado vetado durante d\u00e9cadas, despu\u00e9s de pronunciar un improvisado discurso durante la ceremonia, a la que fue acompa\u00f1ado con su pareja de entonces, Cindy Crawford. \u00a0Gere ten\u00eda previsto anunciar a los nominados a mejor direcci\u00f3n de arte, pero aprovech\u00f3 el momento para lanzar una denuncia en favor de los derechos humanos. \u00bfQuieres conocer su opini\u00f3n sobre este controvertido asunto?<\/p>\n","protected":false},"excerpt":{"rendered":"Richard Gere ha hablado abiertamente sobre un hecho que ocurri\u00f3 durante la gala de entrega de los Premios&hellip;\n","protected":false},"author":2,"featured_media":272720,"comment_status":"","ping_status":"","sticky":false,"template":"","format":"standard","meta":{"footnotes":""},"categories":[174],"tags":[517,255,146,147,25,24,256,20279,23],"class_list":{"0":"post-272719","1":"post","2":"type-post","3":"status-publish","4":"format-standard","5":"has-post-thumbnail","7":"category-famosos","8":"tag-actualidad","9":"tag-celebrities","10":"tag-entertainment","11":"tag-entretenimiento","12":"tag-es","13":"tag-espana","14":"tag-famosos","15":"tag-richard-gere","16":"tag-spain"},"share_on_mastodon":{"url":"https:\/\/pubeurope.com\/@es\/115667715075564131","error":""},"_links":{"self":[{"href":"https:\/\/www.europesays.com\/es\/wp-json\/wp\/v2\/posts\/272719","targetHints":{"allow":["GET"]}}],"collection":[{"href":"https:\/\/www.europesays.com\/es\/wp-json\/wp\/v2\/posts"}],"about":[{"href":"https:\/\/www.europesays.com\/es\/wp-json\/wp\/v2\/types\/post"}],"author":[{"embeddable":true,"href":"https:\/\/www.europesays.com\/es\/wp-json\/wp\/v2\/users\/2"}],"replies":[{"embeddable":true,"href":"https:\/\/www.europesays.com\/es\/wp-json\/wp\/v2\/comments?post=272719"}],"version-history":[{"count":0,"href":"https:\/\/www.europesays.com\/es\/wp-json\/wp\/v2\/posts\/272719\/revisions"}],"wp:featuredmedia":[{"embeddable":true,"href":"https:\/\/www.europesays.com\/es\/wp-json\/wp\/v2\/media\/272720"}],"wp:attachment":[{"href":"https:\/\/www.europesays.com\/es\/wp-json\/wp\/v2\/media?parent=272719"}],"wp:term":[{"taxonomy":"category","embeddable":true,"href":"https:\/\/www.europesays.com\/es\/wp-json\/wp\/v2\/categories?post=272719"},{"taxonomy":"post_tag","embeddable":true,"href":"https:\/\/www.europesays.com\/es\/wp-json\/wp\/v2\/tags?post=272719"}],"curies":[{"name":"wp","href":"https:\/\/api.w.org\/{rel}","templated":true}]}}