{"id":272721,"date":"2025-12-05T15:39:26","date_gmt":"2025-12-05T15:39:26","guid":{"rendered":"https:\/\/www.europesays.com\/es\/272721\/"},"modified":"2025-12-05T15:39:26","modified_gmt":"2025-12-05T15:39:26","slug":"los-lux-2025-premian-un-ano-mas-la-mejor-fotografia-profesional-de-espana","status":"publish","type":"post","link":"https:\/\/www.europesays.com\/es\/272721\/","title":{"rendered":"Los LUX 2025 premian un a\u00f1o m\u00e1s la mejor fotograf\u00eda profesional de Espa\u00f1a"},"content":{"rendered":"<p>Como cada a\u00f1o por estas fechas la<a href=\"https:\/\/afpe.pro\" rel=\"nofollow noopener\" target=\"_blank\"> Asociaci\u00f3n de Fot\u00f3grafos Profesionales de Espa\u00f1a (AFPE)<\/a> ha celebrado su particular ceremonia en el Disseny Hub de Barcelona para entregar los <a href=\"https:\/\/premioslux.com\" rel=\"nofollow noopener\" target=\"_blank\">Premios Lux 2025, <\/a>que llegan ya a su edici\u00f3n n\u00famero 33.<\/p>\n<p><img fetchpriority=\"high\" decoding=\"async\" data-attachment-id=\"84183\" data-permalink=\"https:\/\/photolari.com\/los-lux-2025-premian-un-ano-mas-la-mejor-fotografia-profesional-de-espana\/afp41_01_fromatos-lux_2025\/\" data-orig-file=\"https:\/\/www.europesays.com\/es\/wp-content\/uploads\/2025\/12\/cartel-premios-lux-2025.jpg\" data-orig-size=\"1200,1500\" data-comments-opened=\"1\" data-image-meta=\"{&quot;aperture&quot;:&quot;0&quot;,&quot;credit&quot;:&quot;&quot;,&quot;camera&quot;:&quot;&quot;,&quot;caption&quot;:&quot;&quot;,&quot;created_timestamp&quot;:&quot;0&quot;,&quot;copyright&quot;:&quot;&quot;,&quot;focal_length&quot;:&quot;0&quot;,&quot;iso&quot;:&quot;0&quot;,&quot;shutter_speed&quot;:&quot;0&quot;,&quot;title&quot;:&quot;AFP41_01_fromatos lux_2025&quot;,&quot;orientation&quot;:&quot;1&quot;}\" data-image-title=\"AFP41_01_fromatos lux_2025\" data-image-description=\"\" data-image-caption=\"\" data-medium-file=\"https:\/\/photolari.com\/wp-content\/uploads\/2025\/12\/cartel-premios-lux-2025-240x300.jpg\" data-large-file=\"https:\/\/photolari.com\/wp-content\/uploads\/2025\/12\/cartel-premios-lux-2025-824x1030.jpg\" class=\"alignnone size-full wp-image-84183\" src=\"https:\/\/www.europesays.com\/es\/wp-content\/uploads\/2025\/12\/cartel-premios-lux-2025.jpg\" alt=\"AFP41_01_fromatos lux_2025\" width=\"1200\" height=\"1500\"  \/><\/p>\n<p>\nPublicidad&#13;<br \/>\n  &#13;\n<\/p>\n<p>Seg\u00fan la organizaci\u00f3n, las emociones, las sensibilidad y la esencia de lo humano son aquello que marca la diferencia en estos tiempos en los que la IA amenaza con cambiarlo todo. Las consecuencias de la DANA en Valencia capturadas por Rafa Fierres en \u201cAusencias\u201d o los momentos de gran impacto social y documental fotografiados por Cristina Becerra Lorenzo o Alberto De la Fuente son claros ejemplos de ello.\u00a0<\/p>\n<p><img loading=\"lazy\" decoding=\"async\" data-attachment-id=\"84177\" data-permalink=\"https:\/\/photolari.com\/los-lux-2025-premian-un-ano-mas-la-mejor-fotografia-profesional-de-espana\/lux-plata-rafa-fierres-1\/\" data-orig-file=\"https:\/\/www.europesays.com\/es\/wp-content\/uploads\/2025\/12\/lux-plata-rafa-fierres-1.jpg\" data-orig-size=\"1200,755\" data-comments-opened=\"1\" data-image-meta=\"{&quot;aperture&quot;:&quot;0&quot;,&quot;credit&quot;:&quot;&quot;,&quot;camera&quot;:&quot;&quot;,&quot;caption&quot;:&quot;&quot;,&quot;created_timestamp&quot;:&quot;0&quot;,&quot;copyright&quot;:&quot;RFG 1968&quot;,&quot;focal_length&quot;:&quot;0&quot;,&quot;iso&quot;:&quot;0&quot;,&quot;shutter_speed&quot;:&quot;0&quot;,&quot;title&quot;:&quot;&quot;,&quot;orientation&quot;:&quot;1&quot;}\" data-image-title=\"LUX PLATA \u2013 Rafa Fierres 1\" data-image-description=\"\" data-image-caption=\"&lt;p&gt;LUX PLATA -Rafa Fierres&lt;\/p&gt;&#10;\" data-medium-file=\"https:\/\/photolari.com\/wp-content\/uploads\/2025\/12\/lux-plata-rafa-fierres-1-300x189.jpg\" data-large-file=\"https:\/\/photolari.com\/wp-content\/uploads\/2025\/12\/lux-plata-rafa-fierres-1-1030x648.jpg\" class=\"size-full wp-image-84177\" src=\"https:\/\/www.europesays.com\/es\/wp-content\/uploads\/2025\/12\/lux-plata-rafa-fierres-1.jpg\" alt=\"LUX PLATA \u2013 Rafa Fierres 1\" width=\"1200\" height=\"755\"  \/>LUX PLATA -Rafa Fierres<br \/>\n<img loading=\"lazy\" decoding=\"async\" data-attachment-id=\"84181\" data-permalink=\"https:\/\/photolari.com\/los-lux-2025-premian-un-ano-mas-la-mejor-fotografia-profesional-de-espana\/lux-oro-alberto-de-la-fuente-3\/\" data-orig-file=\"https:\/\/www.europesays.com\/es\/wp-content\/uploads\/2025\/12\/lux-oro-alberto-de-la-fuente-2.jpg\" data-orig-size=\"1200,801\" data-comments-opened=\"1\" data-image-meta=\"{&quot;aperture&quot;:&quot;2.5&quot;,&quot;credit&quot;:&quot;ALBERTODELAFUENTE&quot;,&quot;camera&quot;:&quot;NIKON D750&quot;,&quot;caption&quot;:&quot;&quot;,&quot;created_timestamp&quot;:&quot;1519144133&quot;,&quot;copyright&quot;:&quot;ADFFOTOGRAFIA.COM&quot;,&quot;focal_length&quot;:&quot;35&quot;,&quot;iso&quot;:&quot;500&quot;,&quot;shutter_speed&quot;:&quot;0.001&quot;,&quot;title&quot;:&quot;&quot;,&quot;orientation&quot;:&quot;1&quot;}\" data-image-title=\"LUX ORO \u2013 Alberto De La Fuente\" data-image-description=\"\" data-image-caption=\"\" data-medium-file=\"https:\/\/photolari.com\/wp-content\/uploads\/2025\/12\/lux-oro-alberto-de-la-fuente-2-300x200.jpg\" data-large-file=\"https:\/\/photolari.com\/wp-content\/uploads\/2025\/12\/lux-oro-alberto-de-la-fuente-2-1030x688.jpg\" class=\"wp-image-84181 size-full\" src=\"https:\/\/www.europesays.com\/es\/wp-content\/uploads\/2025\/12\/lux-oro-alberto-de-la-fuente-2.jpg\" alt=\"LUX ORO \u2013 Alberto De La Fuente\" width=\"1200\" height=\"801\"  \/>LUX ORO \u2013 Alberto De La Fuente<\/p>\n<p>Eva M. Vives Jim\u00e9nez y Marta Lluci\u00e0 presidentas del jurando han elogiado el nivel y valor visual de las obra galardonadas de este a\u00f1o, destacando el talento emergente de la fot\u00f3grafa Uri Reis, Lux Junior, por realizar \u201cuna serie muy bien ejecutada, con una edici\u00f3n muy fina y una idea preciosa\u201d.<\/p>\n<p><img loading=\"lazy\" decoding=\"async\" data-attachment-id=\"84142\" data-permalink=\"https:\/\/photolari.com\/los-lux-2025-premian-un-ano-mas-la-mejor-fotografia-profesional-de-espana\/lux-junior-uri-reis-1\/\" data-orig-file=\"https:\/\/www.europesays.com\/es\/wp-content\/uploads\/2025\/12\/lux-junior-uri-reis-1.jpg\" data-orig-size=\"1200,801\" data-comments-opened=\"1\" data-image-meta=\"{&quot;aperture&quot;:&quot;0&quot;,&quot;credit&quot;:&quot;&quot;,&quot;camera&quot;:&quot;&quot;,&quot;caption&quot;:&quot;&quot;,&quot;created_timestamp&quot;:&quot;0&quot;,&quot;copyright&quot;:&quot;&quot;,&quot;focal_length&quot;:&quot;0&quot;,&quot;iso&quot;:&quot;0&quot;,&quot;shutter_speed&quot;:&quot;0&quot;,&quot;title&quot;:&quot;&quot;,&quot;orientation&quot;:&quot;1&quot;}\" data-image-title=\"LUX JUNIOR \u2013 Uri Reis 1\" data-image-description=\"\" data-image-caption=\"\" data-medium-file=\"https:\/\/photolari.com\/wp-content\/uploads\/2025\/12\/lux-junior-uri-reis-1-300x200.jpg\" data-large-file=\"https:\/\/photolari.com\/wp-content\/uploads\/2025\/12\/lux-junior-uri-reis-1-1030x688.jpg\" class=\"alignnone size-full wp-image-84142\" src=\"https:\/\/www.europesays.com\/es\/wp-content\/uploads\/2025\/12\/lux-junior-uri-reis-1.jpg\" alt=\"LUX JUNIOR \u2013 Uri Reis 1\" width=\"1200\" height=\"801\"  \/><\/p>\n<p>En esta edici\u00f3n Photolari se ha ocupado de \u00a0presentar la ceremonia, una ocasi\u00f3n que Iker y \u00c1lvaro han aprovechado para vestir sus mejores galas y entretener al paciente p\u00fablico con sus habituales y p\u00e9simos chistes.<\/p>\n<p><img loading=\"lazy\" decoding=\"async\" data-attachment-id=\"84198\" data-permalink=\"https:\/\/photolari.com\/los-lux-2025-premian-un-ano-mas-la-mejor-fotografia-profesional-de-espana\/iker-alvaro-lux-2025-presentadores_baja\/\" data-orig-file=\"https:\/\/www.europesays.com\/es\/wp-content\/uploads\/2025\/12\/iker-alvaro-lux-2025-presentadores-baja.jpg\" data-orig-size=\"1200,800\" data-comments-opened=\"1\" data-image-meta=\"{&quot;aperture&quot;:&quot;1.6&quot;,&quot;credit&quot;:&quot;&quot;,&quot;camera&quot;:&quot;iPhone 17&quot;,&quot;caption&quot;:&quot;&quot;,&quot;created_timestamp&quot;:&quot;1764868656&quot;,&quot;copyright&quot;:&quot;&quot;,&quot;focal_length&quot;:&quot;5.960000038147&quot;,&quot;iso&quot;:&quot;160&quot;,&quot;shutter_speed&quot;:&quot;0.028571428571429&quot;,&quot;title&quot;:&quot;&quot;,&quot;orientation&quot;:&quot;1&quot;}\" data-image-title=\"Iker \u00c1lvaro Lux 2025 presentadores_baja\" data-image-description=\"\" data-image-caption=\"\" data-medium-file=\"https:\/\/photolari.com\/wp-content\/uploads\/2025\/12\/iker-alvaro-lux-2025-presentadores-baja-300x200.jpg\" data-large-file=\"https:\/\/photolari.com\/wp-content\/uploads\/2025\/12\/iker-alvaro-lux-2025-presentadores-baja-1030x687.jpg\" class=\"alignnone size-full wp-image-84198\" src=\"https:\/\/www.europesays.com\/es\/wp-content\/uploads\/2025\/12\/iker-alvaro-lux-2025-presentadores-baja.jpg\" alt=\"Iker \u00c1lvaro Lux 2025 presentadores_baja\" width=\"1200\" height=\"800\"  \/><\/p>\n<p>Estas son las fotograf\u00edas ganadoras de los Premios Lux 2025:\u00a0<\/p>\n<p><b>Publicidad<\/b><br \/>\n<img loading=\"lazy\" decoding=\"async\" data-attachment-id=\"84164\" data-permalink=\"https:\/\/photolari.com\/los-lux-2025-premian-un-ano-mas-la-mejor-fotografia-profesional-de-espana\/lux-oro-pep-avila\/\" data-orig-file=\"https:\/\/www.europesays.com\/es\/wp-content\/uploads\/2025\/12\/lux-oro-pep-avila.jpg\" data-orig-size=\"1200,800\" data-comments-opened=\"1\" data-image-meta=\"{&quot;aperture&quot;:&quot;0&quot;,&quot;credit&quot;:&quot;&quot;,&quot;camera&quot;:&quot;Jpeg File&quot;,&quot;caption&quot;:&quot;&quot;,&quot;created_timestamp&quot;:&quot;1759493713&quot;,&quot;copyright&quot;:&quot;&quot;,&quot;focal_length&quot;:&quot;0&quot;,&quot;iso&quot;:&quot;0&quot;,&quot;shutter_speed&quot;:&quot;0&quot;,&quot;title&quot;:&quot;&quot;,&quot;orientation&quot;:&quot;1&quot;}\" data-image-title=\"LUX ORO \u2013 Pep Avila\" data-image-description=\"\" data-image-caption=\"&lt;p&gt;LUX ORO \u2013 Pep Avila&lt;\/p&gt;&#10;\" data-medium-file=\"https:\/\/photolari.com\/wp-content\/uploads\/2025\/12\/lux-oro-pep-avila-300x200.jpg\" data-large-file=\"https:\/\/photolari.com\/wp-content\/uploads\/2025\/12\/lux-oro-pep-avila-1030x687.jpg\" class=\"size-full wp-image-84164\" src=\"https:\/\/www.europesays.com\/es\/wp-content\/uploads\/2025\/12\/lux-oro-pep-avila.jpg\" alt=\"LUX ORO \u2013 Pep Avila\" width=\"1200\" height=\"800\"  \/>LUX ORO \u2013 Pep Avila<br \/>\n<img loading=\"lazy\" decoding=\"async\" data-attachment-id=\"84165\" data-permalink=\"https:\/\/photolari.com\/los-lux-2025-premian-un-ano-mas-la-mejor-fotografia-profesional-de-espana\/screenshot-77\/\" data-orig-file=\"https:\/\/www.europesays.com\/es\/wp-content\/uploads\/2025\/12\/lux-plata-francesc-alvarez-gallego.jpg\" data-orig-size=\"1200,1674\" data-comments-opened=\"1\" data-image-meta=\"{&quot;aperture&quot;:&quot;0&quot;,&quot;credit&quot;:&quot;&quot;,&quot;camera&quot;:&quot;&quot;,&quot;caption&quot;:&quot;Screenshot&quot;,&quot;created_timestamp&quot;:&quot;1758574000&quot;,&quot;copyright&quot;:&quot;&quot;,&quot;focal_length&quot;:&quot;0&quot;,&quot;iso&quot;:&quot;0&quot;,&quot;shutter_speed&quot;:&quot;0&quot;,&quot;title&quot;:&quot;Screenshot&quot;,&quot;orientation&quot;:&quot;1&quot;}\" data-image-title=\"LUX PLATA \u2013 Francesc \u00c1lvarez Gallego\" data-image-description=\"\" data-image-caption=\"&lt;p&gt;LUX PLATA \u2013 Francesc \u00c1lvarez Gallego&lt;\/p&gt;&#10;\" data-medium-file=\"https:\/\/photolari.com\/wp-content\/uploads\/2025\/12\/lux-plata-francesc-alvarez-gallego-215x300.jpg\" data-large-file=\"https:\/\/photolari.com\/wp-content\/uploads\/2025\/12\/lux-plata-francesc-alvarez-gallego-738x1030.jpg\" class=\"size-full wp-image-84165\" src=\"https:\/\/www.europesays.com\/es\/wp-content\/uploads\/2025\/12\/lux-plata-francesc-alvarez-gallego.jpg\" alt=\"\" width=\"1200\" height=\"1674\"  \/>LUX PLATA \u2013 Francesc \u00c1lvarez Gallego<br \/>\n<img loading=\"lazy\" decoding=\"async\" data-attachment-id=\"84161\" data-permalink=\"https:\/\/photolari.com\/los-lux-2025-premian-un-ano-mas-la-mejor-fotografia-profesional-de-espana\/lux-bronce-igor-cortadellas-tirikendo-y-marc-campa\/\" data-orig-file=\"https:\/\/www.europesays.com\/es\/wp-content\/uploads\/2025\/12\/lux-bronce-igor-cortadellas-tirikendo-y-marc-campa.jpg\" data-orig-size=\"1200,1200\" data-comments-opened=\"1\" data-image-meta=\"{&quot;aperture&quot;:&quot;13&quot;,&quot;credit&quot;:&quot;&quot;,&quot;camera&quot;:&quot;Canon EOS 5D Mark IV&quot;,&quot;caption&quot;:&quot;&quot;,&quot;created_timestamp&quot;:&quot;1742475030&quot;,&quot;copyright&quot;:&quot;&quot;,&quot;focal_length&quot;:&quot;50&quot;,&quot;iso&quot;:&quot;100&quot;,&quot;shutter_speed&quot;:&quot;0.01&quot;,&quot;title&quot;:&quot;&quot;,&quot;orientation&quot;:&quot;1&quot;}\" data-image-title=\"LUX BRONCE \u2013 Igor Cortadellas-Tirikendo y Marc Camp\u00e0\" data-image-description=\"\" data-image-caption=\"&lt;p&gt;LUX BRONCE \u2013 Igor Cortadellas-Tirikendo y Marc Camp\u00e0&lt;\/p&gt;&#10;\" data-medium-file=\"https:\/\/photolari.com\/wp-content\/uploads\/2025\/12\/lux-bronce-igor-cortadellas-tirikendo-y-marc-campa-300x300.jpg\" data-large-file=\"https:\/\/photolari.com\/wp-content\/uploads\/2025\/12\/lux-bronce-igor-cortadellas-tirikendo-y-marc-campa-1030x1030.jpg\" class=\"size-full wp-image-84161\" src=\"https:\/\/www.europesays.com\/es\/wp-content\/uploads\/2025\/12\/lux-bronce-igor-cortadellas-tirikendo-y-marc-campa.jpg\" alt=\"LUX BRONCE \u2013 Igor Cortadellas-Tirikendo y Marc Camp\u00e0\" width=\"1200\" height=\"1200\"  \/>LUX BRONCE \u2013 Igor Cortadellas-Tirikendo y Marc Camp\u00e0<br \/>\n<b>Arquitectura e Interiorismo<\/b><br \/>\n<img loading=\"lazy\" decoding=\"async\" data-attachment-id=\"84137\" data-permalink=\"https:\/\/photolari.com\/los-lux-2025-premian-un-ano-mas-la-mejor-fotografia-profesional-de-espana\/lux-oro-alfonso-batalla\/\" data-orig-file=\"https:\/\/www.europesays.com\/es\/wp-content\/uploads\/2025\/12\/lux-oro-alfonso-batalla.jpg\" data-orig-size=\"1200,900\" data-comments-opened=\"1\" data-image-meta=\"{&quot;aperture&quot;:&quot;0&quot;,&quot;credit&quot;:&quot;&quot;,&quot;camera&quot;:&quot;&quot;,&quot;caption&quot;:&quot;&quot;,&quot;created_timestamp&quot;:&quot;0&quot;,&quot;copyright&quot;:&quot;peopleinpixels sl&quot;,&quot;focal_length&quot;:&quot;0&quot;,&quot;iso&quot;:&quot;0&quot;,&quot;shutter_speed&quot;:&quot;0&quot;,&quot;title&quot;:&quot;&quot;,&quot;orientation&quot;:&quot;1&quot;}\" data-image-title=\"LUX ORO \u2013 Alfonso Batalla\" data-image-description=\"\" data-image-caption=\"&lt;p&gt;LUX ORO \u2013 Alfonso Batalla&lt;\/p&gt;&#10;\" data-medium-file=\"https:\/\/photolari.com\/wp-content\/uploads\/2025\/12\/lux-oro-alfonso-batalla-300x225.jpg\" data-large-file=\"https:\/\/photolari.com\/wp-content\/uploads\/2025\/12\/lux-oro-alfonso-batalla-1030x773.jpg\" class=\"size-full wp-image-84137\" src=\"https:\/\/www.europesays.com\/es\/wp-content\/uploads\/2025\/12\/lux-oro-alfonso-batalla.jpg\" alt=\"LUX ORO \u2013 Alfonso Batalla\" width=\"1200\" height=\"900\"  \/>LUX ORO \u2013 Alfonso Batalla<br \/>\n<img loading=\"lazy\" decoding=\"async\" data-attachment-id=\"84138\" data-permalink=\"https:\/\/photolari.com\/los-lux-2025-premian-un-ano-mas-la-mejor-fotografia-profesional-de-espana\/default-4\/\" data-orig-file=\"https:\/\/www.europesays.com\/es\/wp-content\/uploads\/2025\/12\/lux-plata-pol-viladoms.jpg\" data-orig-size=\"1200,1680\" data-comments-opened=\"1\" data-image-meta=\"{&quot;aperture&quot;:&quot;1.7&quot;,&quot;credit&quot;:&quot;&quot;,&quot;camera&quot;:&quot;FC8482&quot;,&quot;caption&quot;:&quot;default&quot;,&quot;created_timestamp&quot;:&quot;1729143761&quot;,&quot;copyright&quot;:&quot;&quot;,&quot;focal_length&quot;:&quot;6.72&quot;,&quot;iso&quot;:&quot;100&quot;,&quot;shutter_speed&quot;:&quot;0.003125&quot;,&quot;title&quot;:&quot;default&quot;,&quot;orientation&quot;:&quot;1&quot;}\" data-image-title=\"default\" data-image-description=\"\" data-image-caption=\"&lt;p&gt;LUX PLATA  \u2013 Pol Viladoms&lt;\/p&gt;&#10;\" data-medium-file=\"https:\/\/photolari.com\/wp-content\/uploads\/2025\/12\/lux-plata-pol-viladoms-214x300.jpg\" data-large-file=\"https:\/\/photolari.com\/wp-content\/uploads\/2025\/12\/lux-plata-pol-viladoms-736x1030.jpg\" class=\"size-full wp-image-84138\" src=\"https:\/\/www.europesays.com\/es\/wp-content\/uploads\/2025\/12\/lux-plata-pol-viladoms.jpg\" alt=\"default\" width=\"1200\" height=\"1680\"  \/>LUX PLATA \u2013 Pol Viladoms<br \/>\n<img loading=\"lazy\" decoding=\"async\" data-attachment-id=\"84136\" data-permalink=\"https:\/\/photolari.com\/los-lux-2025-premian-un-ano-mas-la-mejor-fotografia-profesional-de-espana\/lux-bronce-salvador-carbo\/\" data-orig-file=\"https:\/\/www.europesays.com\/es\/wp-content\/uploads\/2025\/12\/lux-bronce-salvador-carbo.jpg\" data-orig-size=\"1200,800\" data-comments-opened=\"1\" data-image-meta=\"{&quot;aperture&quot;:&quot;0&quot;,&quot;credit&quot;:&quot;&quot;,&quot;camera&quot;:&quot;&quot;,&quot;caption&quot;:&quot;&quot;,&quot;created_timestamp&quot;:&quot;0&quot;,&quot;copyright&quot;:&quot;Salva Carbo\\rT. +34 615 27 66 28&quot;,&quot;focal_length&quot;:&quot;0&quot;,&quot;iso&quot;:&quot;0&quot;,&quot;shutter_speed&quot;:&quot;0&quot;,&quot;title&quot;:&quot;&quot;,&quot;orientation&quot;:&quot;1&quot;}\" data-image-title=\"LUX BRONCE Salvador \u2013 Carb\u00f3\" data-image-description=\"\" data-image-caption=\"&lt;p&gt;LUX BRONCE \u2013 Salvador Carb\u00f3&lt;\/p&gt;&#10;\" data-medium-file=\"https:\/\/photolari.com\/wp-content\/uploads\/2025\/12\/lux-bronce-salvador-carbo-300x200.jpg\" data-large-file=\"https:\/\/photolari.com\/wp-content\/uploads\/2025\/12\/lux-bronce-salvador-carbo-1030x687.jpg\" class=\"size-full wp-image-84136\" src=\"https:\/\/www.europesays.com\/es\/wp-content\/uploads\/2025\/12\/lux-bronce-salvador-carbo.jpg\" alt=\"LUX BRONCE Salvador \u2013 Carb\u00f3\" width=\"1200\" height=\"800\"  \/>LUX BRONCE \u2013 Salvador Carb\u00f3<br \/>\n<b>Reportaje Documental<\/b><br \/>\n<img loading=\"lazy\" decoding=\"async\" data-attachment-id=\"84176\" data-permalink=\"https:\/\/photolari.com\/los-lux-2025-premian-un-ano-mas-la-mejor-fotografia-profesional-de-espana\/lux-oro-alberto-de-la-fuente-2\/\" data-orig-file=\"https:\/\/www.europesays.com\/es\/wp-content\/uploads\/2025\/12\/lux-oro-alberto-de-la-fuente-1.jpg\" data-orig-size=\"1200,801\" data-comments-opened=\"1\" data-image-meta=\"{&quot;aperture&quot;:&quot;4&quot;,&quot;credit&quot;:&quot;ALBERTODELAFUENTE&quot;,&quot;camera&quot;:&quot;NIKON D750&quot;,&quot;caption&quot;:&quot;&quot;,&quot;created_timestamp&quot;:&quot;1519144279&quot;,&quot;copyright&quot;:&quot;ADFFOTOGRAFIA.COM&quot;,&quot;focal_length&quot;:&quot;35&quot;,&quot;iso&quot;:&quot;500&quot;,&quot;shutter_speed&quot;:&quot;0.00125&quot;,&quot;title&quot;:&quot;&quot;,&quot;orientation&quot;:&quot;1&quot;}\" data-image-title=\"LUX ORO \u2013 Alberto De La Fuente\" data-image-description=\"\" data-image-caption=\"&lt;p&gt;LUX ORO \u2013 Alberto De La Fuente&lt;\/p&gt;&#10;\" data-medium-file=\"https:\/\/photolari.com\/wp-content\/uploads\/2025\/12\/lux-oro-alberto-de-la-fuente-1-300x200.jpg\" data-large-file=\"https:\/\/photolari.com\/wp-content\/uploads\/2025\/12\/lux-oro-alberto-de-la-fuente-1-1030x688.jpg\" class=\"size-full wp-image-84176\" src=\"https:\/\/www.europesays.com\/es\/wp-content\/uploads\/2025\/12\/lux-oro-alberto-de-la-fuente-1.jpg\" alt=\"LUX ORO \u2013 Alberto De La Fuente\" width=\"1200\" height=\"801\"  \/>LUX ORO \u2013 Alberto De La Fuente<br \/>\n<img loading=\"lazy\" decoding=\"async\" data-attachment-id=\"84178\" data-permalink=\"https:\/\/photolari.com\/los-lux-2025-premian-un-ano-mas-la-mejor-fotografia-profesional-de-espana\/lux-plata-rafa-fierres\/\" data-orig-file=\"https:\/\/www.europesays.com\/es\/wp-content\/uploads\/2025\/12\/lux-plata-rafa-fierres.jpg\" data-orig-size=\"1200,755\" data-comments-opened=\"1\" data-image-meta=\"{&quot;aperture&quot;:&quot;0&quot;,&quot;credit&quot;:&quot;&quot;,&quot;camera&quot;:&quot;&quot;,&quot;caption&quot;:&quot;&quot;,&quot;created_timestamp&quot;:&quot;0&quot;,&quot;copyright&quot;:&quot;RFG 1968&quot;,&quot;focal_length&quot;:&quot;0&quot;,&quot;iso&quot;:&quot;0&quot;,&quot;shutter_speed&quot;:&quot;0&quot;,&quot;title&quot;:&quot;&quot;,&quot;orientation&quot;:&quot;1&quot;}\" data-image-title=\"LUX PLATA -Rafa Fierres\" data-image-description=\"\" data-image-caption=\"&lt;p&gt;LUX PLATA -Rafa Fierres&lt;\/p&gt;&#10;\" data-medium-file=\"https:\/\/photolari.com\/wp-content\/uploads\/2025\/12\/lux-plata-rafa-fierres-300x189.jpg\" data-large-file=\"https:\/\/photolari.com\/wp-content\/uploads\/2025\/12\/lux-plata-rafa-fierres-1030x648.jpg\" class=\"size-full wp-image-84178\" src=\"https:\/\/www.europesays.com\/es\/wp-content\/uploads\/2025\/12\/lux-plata-rafa-fierres.jpg\" alt=\"LUX PLATA -Rafa Fierres\" width=\"1200\" height=\"755\"  \/>LUX PLATA -Rafa Fierres<br \/>\n<img loading=\"lazy\" decoding=\"async\" data-attachment-id=\"84175\" data-permalink=\"https:\/\/photolari.com\/los-lux-2025-premian-un-ano-mas-la-mejor-fotografia-profesional-de-espana\/lux-bronce-marcos-rodriguez\/\" data-orig-file=\"https:\/\/www.europesays.com\/es\/wp-content\/uploads\/2025\/12\/lux-bronce-marcos-rodriguez.jpg\" data-orig-size=\"1200,800\" data-comments-opened=\"1\" data-image-meta=\"{&quot;aperture&quot;:&quot;1.4&quot;,&quot;credit&quot;:&quot;Marcos Rodriguez&quot;,&quot;camera&quot;:&quot;ILCE-1&quot;,&quot;caption&quot;:&quot;&quot;,&quot;created_timestamp&quot;:&quot;1752240726&quot;,&quot;copyright&quot;:&quot;Marcos Rodriguez&quot;,&quot;focal_length&quot;:&quot;35&quot;,&quot;iso&quot;:&quot;1250&quot;,&quot;shutter_speed&quot;:&quot;0.016666666666667&quot;,&quot;title&quot;:&quot;&quot;,&quot;orientation&quot;:&quot;1&quot;}\" data-image-title=\"LUX BRONCE \u2013 Marcos Rodr\u00edguez\" data-image-description=\"\" data-image-caption=\"&lt;p&gt;LUX BRONCE \u2013 Marcos Rodr\u00edguez&lt;\/p&gt;&#10;\" data-medium-file=\"https:\/\/photolari.com\/wp-content\/uploads\/2025\/12\/lux-bronce-marcos-rodriguez-300x200.jpg\" data-large-file=\"https:\/\/photolari.com\/wp-content\/uploads\/2025\/12\/lux-bronce-marcos-rodriguez-1030x687.jpg\" class=\"size-full wp-image-84175\" src=\"https:\/\/www.europesays.com\/es\/wp-content\/uploads\/2025\/12\/lux-bronce-marcos-rodriguez.jpg\" alt=\"LUX BRONCE \u2013 Marcos Rodr\u00edguez\" width=\"1200\" height=\"800\"  \/>LUX BRONCE \u2013 Marcos Rodr\u00edguez<br \/>\n<b>Paisaje y Naturaleza<\/b><br \/>\n<img loading=\"lazy\" decoding=\"async\" data-attachment-id=\"84157\" data-permalink=\"https:\/\/photolari.com\/los-lux-2025-premian-un-ano-mas-la-mejor-fotografia-profesional-de-espana\/lux-oro-alberto-de-la-fuente\/\" data-orig-file=\"https:\/\/www.europesays.com\/es\/wp-content\/uploads\/2025\/12\/lux-oro-alberto-de-la-fuente.jpg\" data-orig-size=\"1200,800\" data-comments-opened=\"1\" data-image-meta=\"{&quot;aperture&quot;:&quot;7.1&quot;,&quot;credit&quot;:&quot;ROBERTO OURO TUBIO&quot;,&quot;camera&quot;:&quot;Canon EOS R6&quot;,&quot;caption&quot;:&quot;&quot;,&quot;created_timestamp&quot;:&quot;1742148026&quot;,&quot;copyright&quot;:&quot;ROBERTO OURO TUBIO 44832062W&quot;,&quot;focal_length&quot;:&quot;60&quot;,&quot;iso&quot;:&quot;100&quot;,&quot;shutter_speed&quot;:&quot;124&quot;,&quot;title&quot;:&quot;&quot;,&quot;orientation&quot;:&quot;1&quot;}\" data-image-title=\"LUX ORO \u2013 Alberto De La Fuente\" data-image-description=\"\" data-image-caption=\"\" data-medium-file=\"https:\/\/photolari.com\/wp-content\/uploads\/2025\/12\/lux-oro-alberto-de-la-fuente-300x200.jpg\" data-large-file=\"https:\/\/photolari.com\/wp-content\/uploads\/2025\/12\/lux-oro-alberto-de-la-fuente-1030x687.jpg\" class=\"wp-image-84157 size-full\" src=\"https:\/\/www.europesays.com\/es\/wp-content\/uploads\/2025\/12\/lux-oro-alberto-de-la-fuente.jpg\" alt=\"LUX ORO - Roberto Ouro Tub\u00edo\" width=\"1200\" height=\"800\"  \/>LUX ORO \u2013 Roberto Ouro Tub\u00edo<br \/>\n<img loading=\"lazy\" decoding=\"async\" data-attachment-id=\"84158\" data-permalink=\"https:\/\/photolari.com\/los-lux-2025-premian-un-ano-mas-la-mejor-fotografia-profesional-de-espana\/lux-plata-ferran-aguilar-anton\/\" data-orig-file=\"https:\/\/www.europesays.com\/es\/wp-content\/uploads\/2025\/12\/lux-plata-ferran-aguilar-anton.jpg\" data-orig-size=\"1200,1799\" data-comments-opened=\"1\" data-image-meta=\"{&quot;aperture&quot;:&quot;8&quot;,&quot;credit&quot;:&quot;&quot;,&quot;camera&quot;:&quot;NIKON D850&quot;,&quot;caption&quot;:&quot;&quot;,&quot;created_timestamp&quot;:&quot;1756217785&quot;,&quot;copyright&quot;:&quot;&quot;,&quot;focal_length&quot;:&quot;105&quot;,&quot;iso&quot;:&quot;800&quot;,&quot;shutter_speed&quot;:&quot;0.004&quot;,&quot;title&quot;:&quot;&quot;,&quot;orientation&quot;:&quot;1&quot;}\" data-image-title=\"LUX PLATA \u2013 Ferran Aguilar Anton\" data-image-description=\"\" data-image-caption=\"\" data-medium-file=\"https:\/\/photolari.com\/wp-content\/uploads\/2025\/12\/lux-plata-ferran-aguilar-anton-200x300.jpg\" data-large-file=\"https:\/\/photolari.com\/wp-content\/uploads\/2025\/12\/lux-plata-ferran-aguilar-anton-687x1030.jpg\" class=\"wp-image-84158 size-full\" src=\"https:\/\/www.europesays.com\/es\/wp-content\/uploads\/2025\/12\/lux-plata-ferran-aguilar-anton.jpg\" alt=\"LUX PLATA \u2013 Ferran Aguilar Anton\" width=\"1200\" height=\"1799\"  \/>LUX PLATA \u2013 Ferran Aguilar Anton<br \/>\n<img loading=\"lazy\" decoding=\"async\" data-attachment-id=\"84156\" data-permalink=\"https:\/\/photolari.com\/los-lux-2025-premian-un-ano-mas-la-mejor-fotografia-profesional-de-espana\/lux-bronce-juan-jose-gonzalez-vega\/\" data-orig-file=\"https:\/\/www.europesays.com\/es\/wp-content\/uploads\/2025\/12\/lux-bronce-juan-jose-gonzalez-vega.jpg\" data-orig-size=\"1200,800\" data-comments-opened=\"1\" data-image-meta=\"{&quot;aperture&quot;:&quot;2.8&quot;,&quot;credit&quot;:&quot;&quot;,&quot;camera&quot;:&quot;Canon EOS R5&quot;,&quot;caption&quot;:&quot;&quot;,&quot;created_timestamp&quot;:&quot;1735731211&quot;,&quot;copyright&quot;:&quot;&quot;,&quot;focal_length&quot;:&quot;124&quot;,&quot;iso&quot;:&quot;320&quot;,&quot;shutter_speed&quot;:&quot;0.0002&quot;,&quot;title&quot;:&quot;&quot;,&quot;orientation&quot;:&quot;1&quot;}\" data-image-title=\"LUX BRONCE \u2013 Juan Jos\u00e9 Gonz\u00e1lez Vega\" data-image-description=\"\" data-image-caption=\"&lt;p&gt;LUX BRONCE \u2013 Juan Jos\u00e9 Gonz\u00e1lez Vega&lt;\/p&gt;&#10;\" data-medium-file=\"https:\/\/photolari.com\/wp-content\/uploads\/2025\/12\/lux-bronce-juan-jose-gonzalez-vega-300x200.jpg\" data-large-file=\"https:\/\/photolari.com\/wp-content\/uploads\/2025\/12\/lux-bronce-juan-jose-gonzalez-vega-1030x687.jpg\" class=\"size-full wp-image-84156\" src=\"https:\/\/www.europesays.com\/es\/wp-content\/uploads\/2025\/12\/lux-bronce-juan-jose-gonzalez-vega.jpg\" alt=\"LUX BRONCE \u2013 Juan Jos\u00e9 Gonz\u00e1lez Vega\" width=\"1200\" height=\"800\"  \/>LUX BRONCE \u2013 Juan Jos\u00e9 Gonz\u00e1lez Vega<br \/>\n<b>Bodeg\u00f3n<\/b><br \/>\n<img loading=\"lazy\" decoding=\"async\" data-attachment-id=\"84144\" data-permalink=\"https:\/\/photolari.com\/los-lux-2025-premian-un-ano-mas-la-mejor-fotografia-profesional-de-espana\/lux-oro-nando-esteva\/\" data-orig-file=\"https:\/\/www.europesays.com\/es\/wp-content\/uploads\/2025\/12\/lux-oro-nando-esteva.jpg\" data-orig-size=\"1200,1799\" data-comments-opened=\"1\" data-image-meta=\"{&quot;aperture&quot;:&quot;5.6&quot;,&quot;credit&quot;:&quot;&quot;,&quot;camera&quot;:&quot;GFX 100&quot;,&quot;caption&quot;:&quot;&quot;,&quot;created_timestamp&quot;:&quot;1758715778&quot;,&quot;copyright&quot;:&quot;&quot;,&quot;focal_length&quot;:&quot;63&quot;,&quot;iso&quot;:&quot;500&quot;,&quot;shutter_speed&quot;:&quot;0.008&quot;,&quot;title&quot;:&quot;&quot;,&quot;orientation&quot;:&quot;1&quot;}\" data-image-title=\"LUX ORO \u2013 Nando Esteva\" data-image-description=\"\" data-image-caption=\"\" data-medium-file=\"https:\/\/photolari.com\/wp-content\/uploads\/2025\/12\/lux-oro-nando-esteva-200x300.jpg\" data-large-file=\"https:\/\/photolari.com\/wp-content\/uploads\/2025\/12\/lux-oro-nando-esteva-687x1030.jpg\" class=\"wp-image-84144 size-full\" src=\"https:\/\/www.europesays.com\/es\/wp-content\/uploads\/2025\/12\/lux-oro-nando-esteva.jpg\" alt=\"LUX ORO \u2013 Nando Esteva\" width=\"1200\" height=\"1799\"  \/>LUX ORO \u2013 Nando Esteva<br \/>\n<img loading=\"lazy\" decoding=\"async\" data-attachment-id=\"84145\" data-permalink=\"https:\/\/photolari.com\/los-lux-2025-premian-un-ano-mas-la-mejor-fotografia-profesional-de-espana\/lux-plata-pablo-mellino\/\" data-orig-file=\"https:\/\/www.europesays.com\/es\/wp-content\/uploads\/2025\/12\/lux-plata-pablo-mellino.jpg\" data-orig-size=\"1200,1799\" data-comments-opened=\"1\" data-image-meta=\"{&quot;aperture&quot;:&quot;16&quot;,&quot;credit&quot;:&quot;&quot;,&quot;camera&quot;:&quot;ILCE-7RM4A&quot;,&quot;caption&quot;:&quot;&quot;,&quot;created_timestamp&quot;:&quot;1736778805&quot;,&quot;copyright&quot;:&quot;&quot;,&quot;focal_length&quot;:&quot;70&quot;,&quot;iso&quot;:&quot;100&quot;,&quot;shutter_speed&quot;:&quot;0.008&quot;,&quot;title&quot;:&quot;&quot;,&quot;orientation&quot;:&quot;1&quot;}\" data-image-title=\"LUX PLATA \u2013 Pablo Mellino\" data-image-description=\"\" data-image-caption=\"&lt;p&gt;LUX PLATA \u2013 Pablo Mellino&lt;\/p&gt;&#10;\" data-medium-file=\"https:\/\/photolari.com\/wp-content\/uploads\/2025\/12\/lux-plata-pablo-mellino-200x300.jpg\" data-large-file=\"https:\/\/photolari.com\/wp-content\/uploads\/2025\/12\/lux-plata-pablo-mellino-687x1030.jpg\" class=\"size-full wp-image-84145\" src=\"https:\/\/www.europesays.com\/es\/wp-content\/uploads\/2025\/12\/lux-plata-pablo-mellino.jpg\" alt=\"LUX PLATA \u2013 Pablo Mellino\" width=\"1200\" height=\"1799\"  \/>LUX PLATA \u2013 Pablo Mellino<br \/>\n<img loading=\"lazy\" decoding=\"async\" data-attachment-id=\"84141\" data-permalink=\"https:\/\/photolari.com\/los-lux-2025-premian-un-ano-mas-la-mejor-fotografia-profesional-de-espana\/lux-bronce-josep-morato\/\" data-orig-file=\"https:\/\/www.europesays.com\/es\/wp-content\/uploads\/2025\/12\/lux-bronce-josep-morato.jpg\" data-orig-size=\"1200,800\" data-comments-opened=\"1\" data-image-meta=\"{&quot;aperture&quot;:&quot;9&quot;,&quot;credit&quot;:&quot;JOSEP MORATO&quot;,&quot;camera&quot;:&quot;X-T3&quot;,&quot;caption&quot;:&quot;&quot;,&quot;created_timestamp&quot;:&quot;1740376741&quot;,&quot;copyright&quot;:&quot;&quot;,&quot;focal_length&quot;:&quot;55&quot;,&quot;iso&quot;:&quot;160&quot;,&quot;shutter_speed&quot;:&quot;0.005&quot;,&quot;title&quot;:&quot;&quot;,&quot;orientation&quot;:&quot;1&quot;}\" data-image-title=\"LUX BRONCE \u2013 Josep Morat\u00f3\" data-image-description=\"\" data-image-caption=\"&lt;p&gt;LUX BRONCE \u2013 Josep Morat\u00f3&lt;\/p&gt;&#10;\" data-medium-file=\"https:\/\/photolari.com\/wp-content\/uploads\/2025\/12\/lux-bronce-josep-morato-300x200.jpg\" data-large-file=\"https:\/\/photolari.com\/wp-content\/uploads\/2025\/12\/lux-bronce-josep-morato-1030x687.jpg\" class=\"size-full wp-image-84141\" src=\"https:\/\/www.europesays.com\/es\/wp-content\/uploads\/2025\/12\/lux-bronce-josep-morato.jpg\" alt=\"LUX BRONCE \u2013 Josep Morat\u00f3\" width=\"1200\" height=\"800\"  \/>LUX BRONCE \u2013 Josep Morat\u00f3<br \/>\n<b>Reportaje Social<\/b><br \/>\n<img loading=\"lazy\" decoding=\"async\" data-attachment-id=\"84172\" data-permalink=\"https:\/\/photolari.com\/los-lux-2025-premian-un-ano-mas-la-mejor-fotografia-profesional-de-espana\/lux-oro-cristina-becerra-lorenzo\/\" data-orig-file=\"https:\/\/www.europesays.com\/es\/wp-content\/uploads\/2025\/12\/lux-oro-cristina-becerra-lorenzo.jpg\" data-orig-size=\"1200,1799\" data-comments-opened=\"1\" data-image-meta=\"{&quot;aperture&quot;:&quot;5&quot;,&quot;credit&quot;:&quot;Criss Becerra Fotogafia&quot;,&quot;camera&quot;:&quot;NIKON D750&quot;,&quot;caption&quot;:&quot;&quot;,&quot;created_timestamp&quot;:&quot;1504445654&quot;,&quot;copyright&quot;:&quot;Criss Becerra&quot;,&quot;focal_length&quot;:&quot;40&quot;,&quot;iso&quot;:&quot;400&quot;,&quot;shutter_speed&quot;:&quot;0.0025&quot;,&quot;title&quot;:&quot;&quot;,&quot;orientation&quot;:&quot;1&quot;}\" data-image-title=\"LUX ORO \u2013 Cristina Becerra Lorenzo\" data-image-description=\"\" data-image-caption=\"&lt;p&gt;LUX ORO \u2013 Cristina Becerra Lorenzo&lt;\/p&gt;&#10;\" data-medium-file=\"https:\/\/photolari.com\/wp-content\/uploads\/2025\/12\/lux-oro-cristina-becerra-lorenzo-200x300.jpg\" data-large-file=\"https:\/\/photolari.com\/wp-content\/uploads\/2025\/12\/lux-oro-cristina-becerra-lorenzo-687x1030.jpg\" class=\"size-full wp-image-84172\" src=\"https:\/\/www.europesays.com\/es\/wp-content\/uploads\/2025\/12\/lux-oro-cristina-becerra-lorenzo.jpg\" alt=\"LUX ORO \u2013 Cristina Becerra Lorenzo\" width=\"1200\" height=\"1799\"  \/>LUX ORO \u2013 Cristina Becerra Lorenzo<br \/>\n<img loading=\"lazy\" decoding=\"async\" data-attachment-id=\"84173\" data-permalink=\"https:\/\/photolari.com\/los-lux-2025-premian-un-ano-mas-la-mejor-fotografia-profesional-de-espana\/lux-plata-sergio-cardena-diaz\/\" data-orig-file=\"https:\/\/www.europesays.com\/es\/wp-content\/uploads\/2025\/12\/lux-plata-sergio-cardena-diaz.jpg\" data-orig-size=\"1200,800\" data-comments-opened=\"1\" data-image-meta=\"{&quot;aperture&quot;:&quot;1.8&quot;,&quot;credit&quot;:&quot;Sergio Cardena&quot;,&quot;camera&quot;:&quot;Canon EOS R6m2&quot;,&quot;caption&quot;:&quot;&quot;,&quot;created_timestamp&quot;:&quot;1746873008&quot;,&quot;copyright&quot;:&quot;La Regleta Producciones&quot;,&quot;focal_length&quot;:&quot;35&quot;,&quot;iso&quot;:&quot;3200&quot;,&quot;shutter_speed&quot;:&quot;0.004&quot;,&quot;title&quot;:&quot;&quot;,&quot;orientation&quot;:&quot;1&quot;}\" data-image-title=\"LUX PLATA \u2013 Sergio Carde\u00f1a Diaz\" data-image-description=\"\" data-image-caption=\"&lt;p&gt;LUX PLATA \u2013 Sergio Carde\u00f1a Diaz&lt;\/p&gt;&#10;\" data-medium-file=\"https:\/\/photolari.com\/wp-content\/uploads\/2025\/12\/lux-plata-sergio-cardena-diaz-300x200.jpg\" data-large-file=\"https:\/\/photolari.com\/wp-content\/uploads\/2025\/12\/lux-plata-sergio-cardena-diaz-1030x687.jpg\" class=\"size-full wp-image-84173\" src=\"https:\/\/www.europesays.com\/es\/wp-content\/uploads\/2025\/12\/lux-plata-sergio-cardena-diaz.jpg\" alt=\"LUX PLATA \u2013 Sergio Carde\u00f1a Diaz\" width=\"1200\" height=\"800\"  \/>LUX PLATA \u2013 Sergio Carde\u00f1a Diaz<br \/>\n<img loading=\"lazy\" decoding=\"async\" data-attachment-id=\"84171\" data-permalink=\"https:\/\/photolari.com\/los-lux-2025-premian-un-ano-mas-la-mejor-fotografia-profesional-de-espana\/lux-bronce-arse-buzz\/\" data-orig-file=\"https:\/\/www.europesays.com\/es\/wp-content\/uploads\/2025\/12\/lux-bronce-arse-buzz.jpg\" data-orig-size=\"1200,800\" data-comments-opened=\"1\" data-image-meta=\"{&quot;aperture&quot;:&quot;2.5&quot;,&quot;credit&quot;:&quot;&quot;,&quot;camera&quot;:&quot;X-Pro3&quot;,&quot;caption&quot;:&quot;&quot;,&quot;created_timestamp&quot;:&quot;1724991585&quot;,&quot;copyright&quot;:&quot;&quot;,&quot;focal_length&quot;:&quot;23&quot;,&quot;iso&quot;:&quot;200&quot;,&quot;shutter_speed&quot;:&quot;0.0005&quot;,&quot;title&quot;:&quot;&quot;,&quot;orientation&quot;:&quot;1&quot;}\" data-image-title=\"LUX BRONCE \u2013 Arse Buzz\" data-image-description=\"\" data-image-caption=\"&lt;p&gt;LUX BRONCE \u2013 Arse Buzz&lt;\/p&gt;&#10;\" data-medium-file=\"https:\/\/photolari.com\/wp-content\/uploads\/2025\/12\/lux-bronce-arse-buzz-300x200.jpg\" data-large-file=\"https:\/\/photolari.com\/wp-content\/uploads\/2025\/12\/lux-bronce-arse-buzz-1030x687.jpg\" class=\"size-full wp-image-84171\" src=\"https:\/\/www.europesays.com\/es\/wp-content\/uploads\/2025\/12\/lux-bronce-arse-buzz.jpg\" alt=\"LUX BRONCE \u2013 Arse Buzz\" width=\"1200\" height=\"800\"  \/>LUX BRONCE \u2013 Arse Buzz<br \/>\n<b>Moda y Belleza<\/b><br \/>\n<img loading=\"lazy\" decoding=\"async\" data-attachment-id=\"84150\" data-permalink=\"https:\/\/photolari.com\/los-lux-2025-premian-un-ano-mas-la-mejor-fotografia-profesional-de-espana\/lux-oro-guillermo-junquera-jimenez\/\" data-orig-file=\"https:\/\/www.europesays.com\/es\/wp-content\/uploads\/2025\/12\/lux-oro-guillermo-junquera-jimenez.jpg\" data-orig-size=\"1200,960\" data-comments-opened=\"1\" data-image-meta=\"{&quot;aperture&quot;:&quot;9&quot;,&quot;credit&quot;:&quot;&quot;,&quot;camera&quot;:&quot;ILCE-7RM4&quot;,&quot;caption&quot;:&quot;&quot;,&quot;created_timestamp&quot;:&quot;1725878402&quot;,&quot;copyright&quot;:&quot;&quot;,&quot;focal_length&quot;:&quot;70&quot;,&quot;iso&quot;:&quot;100&quot;,&quot;shutter_speed&quot;:&quot;0.01&quot;,&quot;title&quot;:&quot;&quot;,&quot;orientation&quot;:&quot;1&quot;}\" data-image-title=\"LUX ORO \u2013 Guillermo Junquera Jim\u00e9nez\" data-image-description=\"\" data-image-caption=\"&lt;p&gt;LUX ORO \u2013 Guillermo Junquera Jim\u00e9nez&lt;\/p&gt;&#10;\" data-medium-file=\"https:\/\/photolari.com\/wp-content\/uploads\/2025\/12\/lux-oro-guillermo-junquera-jimenez-300x240.jpg\" data-large-file=\"https:\/\/photolari.com\/wp-content\/uploads\/2025\/12\/lux-oro-guillermo-junquera-jimenez-1030x824.jpg\" class=\"size-full wp-image-84150\" src=\"https:\/\/www.europesays.com\/es\/wp-content\/uploads\/2025\/12\/lux-oro-guillermo-junquera-jimenez.jpg\" alt=\"LUX ORO \u2013 Guillermo Junquera Jim\u00e9nez\" width=\"1200\" height=\"960\"  \/>LUX ORO \u2013 Guillermo Junquera Jim\u00e9nez<br \/>\n<img loading=\"lazy\" decoding=\"async\" data-attachment-id=\"84153\" data-permalink=\"https:\/\/photolari.com\/los-lux-2025-premian-un-ano-mas-la-mejor-fotografia-profesional-de-espana\/lux-plata-pablo-grimaret-igeno\/\" data-orig-file=\"https:\/\/www.europesays.com\/es\/wp-content\/uploads\/2025\/12\/lux-plata-pablo-grimaret-igeno.jpg\" data-orig-size=\"1200,1799\" data-comments-opened=\"1\" data-image-meta=\"{&quot;aperture&quot;:&quot;0&quot;,&quot;credit&quot;:&quot;&quot;,&quot;camera&quot;:&quot;Jpeg File&quot;,&quot;caption&quot;:&quot;&quot;,&quot;created_timestamp&quot;:&quot;1743981570&quot;,&quot;copyright&quot;:&quot;PABLOGRIMARET.COM&quot;,&quot;focal_length&quot;:&quot;0&quot;,&quot;iso&quot;:&quot;0&quot;,&quot;shutter_speed&quot;:&quot;0&quot;,&quot;title&quot;:&quot;&quot;,&quot;orientation&quot;:&quot;1&quot;}\" data-image-title=\"LUX PLATA -Pablo Grimaret Ige\u00f1o\" data-image-description=\"\" data-image-caption=\"&lt;p&gt;LUX PLATA -Pablo Grimaret Ige\u00f1o&lt;\/p&gt;&#10;\" data-medium-file=\"https:\/\/photolari.com\/wp-content\/uploads\/2025\/12\/lux-plata-pablo-grimaret-igeno-200x300.jpg\" data-large-file=\"https:\/\/photolari.com\/wp-content\/uploads\/2025\/12\/lux-plata-pablo-grimaret-igeno-687x1030.jpg\" class=\"size-full wp-image-84153\" src=\"https:\/\/www.europesays.com\/es\/wp-content\/uploads\/2025\/12\/lux-plata-pablo-grimaret-igeno.jpg\" alt=\"LUX PLATA -Pablo Grimaret Ige\u00f1o\" width=\"1200\" height=\"1799\"  \/>LUX PLATA -Pablo Grimaret Ige\u00f1o<br \/>\n<img loading=\"lazy\" decoding=\"async\" data-attachment-id=\"84148\" data-permalink=\"https:\/\/photolari.com\/los-lux-2025-premian-un-ano-mas-la-mejor-fotografia-profesional-de-espana\/lux-bronce-david-vicho\/\" data-orig-file=\"https:\/\/www.europesays.com\/es\/wp-content\/uploads\/2025\/12\/lux-bronce-david-vicho.jpg\" data-orig-size=\"1200,1798\" data-comments-opened=\"1\" data-image-meta=\"{&quot;aperture&quot;:&quot;9&quot;,&quot;credit&quot;:&quot;&quot;,&quot;camera&quot;:&quot;Canon EOS R5&quot;,&quot;caption&quot;:&quot;&quot;,&quot;created_timestamp&quot;:&quot;1693069794&quot;,&quot;copyright&quot;:&quot;&quot;,&quot;focal_length&quot;:&quot;24&quot;,&quot;iso&quot;:&quot;1000&quot;,&quot;shutter_speed&quot;:&quot;0.003125&quot;,&quot;title&quot;:&quot;&quot;,&quot;orientation&quot;:&quot;1&quot;}\" data-image-title=\"LUX BRONCE \u2013 David Vicho\" data-image-description=\"\" data-image-caption=\"&lt;p&gt;LUX BRONCE \u2013 David Vicho&lt;\/p&gt;&#10;\" data-medium-file=\"https:\/\/photolari.com\/wp-content\/uploads\/2025\/12\/lux-bronce-david-vicho-200x300.jpg\" data-large-file=\"https:\/\/photolari.com\/wp-content\/uploads\/2025\/12\/lux-bronce-david-vicho-687x1030.jpg\" class=\"size-full wp-image-84148\" src=\"https:\/\/www.europesays.com\/es\/wp-content\/uploads\/2025\/12\/lux-bronce-david-vicho.jpg\" alt=\"LUX BRONCE \u2013 David Vicho\" width=\"1200\" height=\"1798\"  \/>LUX BRONCE \u2013 David Vicho<br \/>\n<b>Retrato<\/b><br \/>\n<img loading=\"lazy\" decoding=\"async\" data-attachment-id=\"84151\" data-permalink=\"https:\/\/photolari.com\/los-lux-2025-premian-un-ano-mas-la-mejor-fotografia-profesional-de-espana\/lux-oro-pablo-grimaret-igeno\/\" data-orig-file=\"https:\/\/www.europesays.com\/es\/wp-content\/uploads\/2025\/12\/lux-oro-pablo-grimaret-igeno.jpg\" data-orig-size=\"1200,1799\" data-comments-opened=\"1\" data-image-meta=\"{&quot;aperture&quot;:&quot;0&quot;,&quot;credit&quot;:&quot;&quot;,&quot;camera&quot;:&quot;Jpeg File&quot;,&quot;caption&quot;:&quot;&quot;,&quot;created_timestamp&quot;:&quot;1758835368&quot;,&quot;copyright&quot;:&quot;PABLOGRIMARET.COM&quot;,&quot;focal_length&quot;:&quot;0&quot;,&quot;iso&quot;:&quot;0&quot;,&quot;shutter_speed&quot;:&quot;0&quot;,&quot;title&quot;:&quot;&quot;,&quot;orientation&quot;:&quot;1&quot;}\" data-image-title=\"LUX ORO -Pablo Grimaret Ige\u00f1o\" data-image-description=\"\" data-image-caption=\"&lt;p&gt;LUX ORO -Pablo Grimaret Ige\u00f1o&lt;\/p&gt;&#10;\" data-medium-file=\"https:\/\/photolari.com\/wp-content\/uploads\/2025\/12\/lux-oro-pablo-grimaret-igeno-200x300.jpg\" data-large-file=\"https:\/\/photolari.com\/wp-content\/uploads\/2025\/12\/lux-oro-pablo-grimaret-igeno-687x1030.jpg\" class=\"size-full wp-image-84151\" src=\"https:\/\/www.europesays.com\/es\/wp-content\/uploads\/2025\/12\/lux-oro-pablo-grimaret-igeno.jpg\" alt=\"LUX ORO -Pablo Grimaret Ige\u00f1o\" width=\"1200\" height=\"1799\"  \/>LUX ORO -Pablo Grimaret Ige\u00f1o<br \/>\n<img loading=\"lazy\" decoding=\"async\" data-attachment-id=\"84152\" data-permalink=\"https:\/\/photolari.com\/los-lux-2025-premian-un-ano-mas-la-mejor-fotografia-profesional-de-espana\/lux-plata-teresa-elvira-berkel\/\" data-orig-file=\"https:\/\/www.europesays.com\/es\/wp-content\/uploads\/2025\/12\/lux-plata-teresa-elvira-berkel.jpg\" data-orig-size=\"1200,800\" data-comments-opened=\"1\" data-image-meta=\"{&quot;aperture&quot;:&quot;4.8&quot;,&quot;credit&quot;:&quot;&quot;,&quot;camera&quot;:&quot;NIKON D5300&quot;,&quot;caption&quot;:&quot;&quot;,&quot;created_timestamp&quot;:&quot;1637428013&quot;,&quot;copyright&quot;:&quot;&quot;,&quot;focal_length&quot;:&quot;50&quot;,&quot;iso&quot;:&quot;800&quot;,&quot;shutter_speed&quot;:&quot;0.00625&quot;,&quot;title&quot;:&quot;&quot;,&quot;orientation&quot;:&quot;1&quot;}\" data-image-title=\"LUX PLATA \u2013 Teresa Elvira Berkel\" data-image-description=\"\" data-image-caption=\"&lt;p&gt;LUX PLATA \u2013 Teresa Elvira Berkel&lt;\/p&gt;&#10;\" data-medium-file=\"https:\/\/photolari.com\/wp-content\/uploads\/2025\/12\/lux-plata-teresa-elvira-berkel-300x200.jpg\" data-large-file=\"https:\/\/photolari.com\/wp-content\/uploads\/2025\/12\/lux-plata-teresa-elvira-berkel-1030x687.jpg\" class=\"size-full wp-image-84152\" src=\"https:\/\/www.europesays.com\/es\/wp-content\/uploads\/2025\/12\/lux-plata-teresa-elvira-berkel.jpg\" alt=\"LUX PLATA \u2013 Teresa Elvira Berkel\" width=\"1200\" height=\"800\"  \/>LUX PLATA \u2013 Teresa Elvira Berkel<br \/>\n<img loading=\"lazy\" decoding=\"async\" data-attachment-id=\"84149\" data-permalink=\"https:\/\/photolari.com\/los-lux-2025-premian-un-ano-mas-la-mejor-fotografia-profesional-de-espana\/lux-bronce-miguel-angel-cruzado-gomez\/\" data-orig-file=\"https:\/\/www.europesays.com\/es\/wp-content\/uploads\/2025\/12\/lux-bronce-miguel-angel-cruzado-gomez.jpg\" data-orig-size=\"1200,900\" data-comments-opened=\"1\" data-image-meta=\"{&quot;aperture&quot;:&quot;0&quot;,&quot;credit&quot;:&quot;&quot;,&quot;camera&quot;:&quot;&quot;,&quot;caption&quot;:&quot;&quot;,&quot;created_timestamp&quot;:&quot;0&quot;,&quot;copyright&quot;:&quot;&quot;,&quot;focal_length&quot;:&quot;0&quot;,&quot;iso&quot;:&quot;0&quot;,&quot;shutter_speed&quot;:&quot;0&quot;,&quot;title&quot;:&quot;&quot;,&quot;orientation&quot;:&quot;1&quot;}\" data-image-title=\"LUX BRONCE \u2013 Miguel \u00c1ngel Cruzado G\u00f3mez\" data-image-description=\"\" data-image-caption=\"&lt;p&gt;LUX BRONCE \u2013 Miguel \u00c1ngel Cruzado G\u00f3mez&lt;\/p&gt;&#10;\" data-medium-file=\"https:\/\/photolari.com\/wp-content\/uploads\/2025\/12\/lux-bronce-miguel-angel-cruzado-gomez-300x225.jpg\" data-large-file=\"https:\/\/photolari.com\/wp-content\/uploads\/2025\/12\/lux-bronce-miguel-angel-cruzado-gomez-1030x773.jpg\" class=\"size-full wp-image-84149\" src=\"https:\/\/www.europesays.com\/es\/wp-content\/uploads\/2025\/12\/lux-bronce-miguel-angel-cruzado-gomez.jpg\" alt=\"LUX BRONCE \u2013 Miguel \u00c1ngel Cruzado G\u00f3mez\" width=\"1200\" height=\"900\"  \/>LUX BRONCE \u2013 Miguel \u00c1ngel Cruzado G\u00f3mez<br \/>\n<b>Proyecto Personal<\/b><br \/>\n<img loading=\"lazy\" decoding=\"async\" data-attachment-id=\"84163\" data-permalink=\"https:\/\/photolari.com\/los-lux-2025-premian-un-ano-mas-la-mejor-fotografia-profesional-de-espana\/lux-oro-emilio-barrionuevo\/\" data-orig-file=\"https:\/\/www.europesays.com\/es\/wp-content\/uploads\/2025\/12\/lux-oro-emilio-barrionuevo.jpg\" data-orig-size=\"1200,1799\" data-comments-opened=\"1\" data-image-meta=\"{&quot;aperture&quot;:&quot;6.3&quot;,&quot;credit&quot;:&quot;&quot;,&quot;camera&quot;:&quot;ILCE-7RM2&quot;,&quot;caption&quot;:&quot;&quot;,&quot;created_timestamp&quot;:&quot;1737205062&quot;,&quot;copyright&quot;:&quot;&quot;,&quot;focal_length&quot;:&quot;26&quot;,&quot;iso&quot;:&quot;320&quot;,&quot;shutter_speed&quot;:&quot;0.005&quot;,&quot;title&quot;:&quot;&quot;,&quot;orientation&quot;:&quot;1&quot;}\" data-image-title=\"LUX ORO \u2013 Emilio Barrionuevo\" data-image-description=\"\" data-image-caption=\"\" data-medium-file=\"https:\/\/photolari.com\/wp-content\/uploads\/2025\/12\/lux-oro-emilio-barrionuevo-200x300.jpg\" data-large-file=\"https:\/\/photolari.com\/wp-content\/uploads\/2025\/12\/lux-oro-emilio-barrionuevo-687x1030.jpg\" class=\"wp-image-84163 size-full\" src=\"https:\/\/www.europesays.com\/es\/wp-content\/uploads\/2025\/12\/lux-oro-emilio-barrionuevo.jpg\" alt=\"LUX ORO \u2013 Emilio Barrionuevo\" width=\"1200\" height=\"1799\"  \/>LUX ORO \u2013 Emilio Barrionuevo<br \/>\n<img loading=\"lazy\" decoding=\"async\" data-attachment-id=\"84166\" data-permalink=\"https:\/\/photolari.com\/los-lux-2025-premian-un-ano-mas-la-mejor-fotografia-profesional-de-espana\/lux-plata-marcal-font-vila\/\" data-orig-file=\"https:\/\/www.europesays.com\/es\/wp-content\/uploads\/2025\/12\/lux-plata-marcal-font-vila.jpg\" data-orig-size=\"1200,1799\" data-comments-opened=\"1\" data-image-meta=\"{&quot;aperture&quot;:&quot;9&quot;,&quot;credit&quot;:&quot;&quot;,&quot;camera&quot;:&quot;Canon EOS R5&quot;,&quot;caption&quot;:&quot;&quot;,&quot;created_timestamp&quot;:&quot;1744453756&quot;,&quot;copyright&quot;:&quot;&quot;,&quot;focal_length&quot;:&quot;70&quot;,&quot;iso&quot;:&quot;100&quot;,&quot;shutter_speed&quot;:&quot;0.003125&quot;,&quot;title&quot;:&quot;&quot;,&quot;orientation&quot;:&quot;1&quot;}\" data-image-title=\"LUX PLATA \u2013 Mar\u00e7al Font Vila\" data-image-description=\"\" data-image-caption=\"\" data-medium-file=\"https:\/\/photolari.com\/wp-content\/uploads\/2025\/12\/lux-plata-marcal-font-vila-200x300.jpg\" data-large-file=\"https:\/\/photolari.com\/wp-content\/uploads\/2025\/12\/lux-plata-marcal-font-vila-687x1030.jpg\" class=\"wp-image-84166 size-full\" src=\"https:\/\/www.europesays.com\/es\/wp-content\/uploads\/2025\/12\/lux-plata-marcal-font-vila.jpg\" alt=\"LUX PLATA \u2013 Mar\u00e7al Font Vila\" width=\"1200\" height=\"1799\"  \/>LUX PLATA \u2013 Mar\u00e7al Font Vila<br \/>\n<img loading=\"lazy\" decoding=\"async\" data-attachment-id=\"84162\" data-permalink=\"https:\/\/photolari.com\/los-lux-2025-premian-un-ano-mas-la-mejor-fotografia-profesional-de-espana\/lux-bronce-juan-palomino-bautista\/\" data-orig-file=\"https:\/\/www.europesays.com\/es\/wp-content\/uploads\/2025\/12\/lux-bronce-juan-palomino-bautista.jpg\" data-orig-size=\"1200,857\" data-comments-opened=\"1\" data-image-meta=\"{&quot;aperture&quot;:&quot;2.8&quot;,&quot;credit&quot;:&quot;&quot;,&quot;camera&quot;:&quot;NIKON D5&quot;,&quot;caption&quot;:&quot;&quot;,&quot;created_timestamp&quot;:&quot;1751392580&quot;,&quot;copyright&quot;:&quot;&quot;,&quot;focal_length&quot;:&quot;35&quot;,&quot;iso&quot;:&quot;400&quot;,&quot;shutter_speed&quot;:&quot;0.033333333333333&quot;,&quot;title&quot;:&quot;&quot;,&quot;orientation&quot;:&quot;1&quot;}\" data-image-title=\"LUX BRONCE -Juan Palomino Bautista\" data-image-description=\"\" data-image-caption=\"\" data-medium-file=\"https:\/\/photolari.com\/wp-content\/uploads\/2025\/12\/lux-bronce-juan-palomino-bautista-300x214.jpg\" data-large-file=\"https:\/\/photolari.com\/wp-content\/uploads\/2025\/12\/lux-bronce-juan-palomino-bautista-1030x736.jpg\" class=\"wp-image-84162 size-full\" src=\"https:\/\/www.europesays.com\/es\/wp-content\/uploads\/2025\/12\/lux-bronce-juan-palomino-bautista.jpg\" alt=\"LUX BRONCE -Juan Palomino Bautista\" width=\"1200\" height=\"857\"  \/>LUX BRONCE -Juan Palomino Bautista<br \/>\n<b>LUX Junior<\/b><br \/>\n<img loading=\"lazy\" decoding=\"async\" data-attachment-id=\"84143\" data-permalink=\"https:\/\/photolari.com\/los-lux-2025-premian-un-ano-mas-la-mejor-fotografia-profesional-de-espana\/lux-junior-uri-reis\/\" data-orig-file=\"https:\/\/www.europesays.com\/es\/wp-content\/uploads\/2025\/12\/lux-junior-uri-reis.jpg\" data-orig-size=\"1200,801\" data-comments-opened=\"1\" data-image-meta=\"{&quot;aperture&quot;:&quot;0&quot;,&quot;credit&quot;:&quot;&quot;,&quot;camera&quot;:&quot;&quot;,&quot;caption&quot;:&quot;&quot;,&quot;created_timestamp&quot;:&quot;0&quot;,&quot;copyright&quot;:&quot;&quot;,&quot;focal_length&quot;:&quot;0&quot;,&quot;iso&quot;:&quot;0&quot;,&quot;shutter_speed&quot;:&quot;0&quot;,&quot;title&quot;:&quot;&quot;,&quot;orientation&quot;:&quot;1&quot;}\" data-image-title=\"LUX JUNIOR \u2013 Uri Reis\" data-image-description=\"\" data-image-caption=\"\" data-medium-file=\"https:\/\/photolari.com\/wp-content\/uploads\/2025\/12\/lux-junior-uri-reis-300x200.jpg\" data-large-file=\"https:\/\/photolari.com\/wp-content\/uploads\/2025\/12\/lux-junior-uri-reis-1030x688.jpg\" class=\"wp-image-84143 size-full\" src=\"https:\/\/www.europesays.com\/es\/wp-content\/uploads\/2025\/12\/lux-junior-uri-reis.jpg\" alt=\"LUX JUNIOR \u2013 Uri Reis\" width=\"1200\" height=\"801\"  \/>LUX JUNIOR \u2013 Uri Reis<\/p>\n<p>\n\tRelacionado<\/p>\n","protected":false},"excerpt":{"rendered":"Como cada a\u00f1o por estas fechas la Asociaci\u00f3n de Fot\u00f3grafos Profesionales de Espa\u00f1a (AFPE) ha celebrado su particular&hellip;\n","protected":false},"author":2,"featured_media":272722,"comment_status":"","ping_status":"","sticky":false,"template":"","format":"standard","meta":{"footnotes":""},"categories":[173],"tags":[229,233,231,230,48059,232,234,146,147,25,24,37698,66812,23],"class_list":{"0":"post-272721","1":"post","2":"type-post","3":"status-publish","4":"format-standard","5":"has-post-thumbnail","7":"category-arte-y-diseno","8":"tag-arte","9":"tag-arte-y-diseno","10":"tag-arts","11":"tag-arts-and-design","12":"tag-concurso-fotografia","13":"tag-design","14":"tag-diseno","15":"tag-entertainment","16":"tag-entretenimiento","17":"tag-es","18":"tag-espana","19":"tag-premios-fotografia","20":"tag-premios-lux","21":"tag-spain"},"share_on_mastodon":{"url":"https:\/\/pubeurope.com\/@es\/115667719841101007","error":""},"_links":{"self":[{"href":"https:\/\/www.europesays.com\/es\/wp-json\/wp\/v2\/posts\/272721","targetHints":{"allow":["GET"]}}],"collection":[{"href":"https:\/\/www.europesays.com\/es\/wp-json\/wp\/v2\/posts"}],"about":[{"href":"https:\/\/www.europesays.com\/es\/wp-json\/wp\/v2\/types\/post"}],"author":[{"embeddable":true,"href":"https:\/\/www.europesays.com\/es\/wp-json\/wp\/v2\/users\/2"}],"replies":[{"embeddable":true,"href":"https:\/\/www.europesays.com\/es\/wp-json\/wp\/v2\/comments?post=272721"}],"version-history":[{"count":0,"href":"https:\/\/www.europesays.com\/es\/wp-json\/wp\/v2\/posts\/272721\/revisions"}],"wp:featuredmedia":[{"embeddable":true,"href":"https:\/\/www.europesays.com\/es\/wp-json\/wp\/v2\/media\/272722"}],"wp:attachment":[{"href":"https:\/\/www.europesays.com\/es\/wp-json\/wp\/v2\/media?parent=272721"}],"wp:term":[{"taxonomy":"category","embeddable":true,"href":"https:\/\/www.europesays.com\/es\/wp-json\/wp\/v2\/categories?post=272721"},{"taxonomy":"post_tag","embeddable":true,"href":"https:\/\/www.europesays.com\/es\/wp-json\/wp\/v2\/tags?post=272721"}],"curies":[{"name":"wp","href":"https:\/\/api.w.org\/{rel}","templated":true}]}}