{"id":272723,"date":"2025-12-05T15:41:13","date_gmt":"2025-12-05T15:41:13","guid":{"rendered":"https:\/\/www.europesays.com\/es\/272723\/"},"modified":"2025-12-05T15:41:13","modified_gmt":"2025-12-05T15:41:13","slug":"zona-gemelos-impulsa-su-reality-con-kiko-hernandez-victor-sandoval-y-coto-matamoros-un-tridente-que-reaviva-el-espiritu-de-salvame-marca","status":"publish","type":"post","link":"https:\/\/www.europesays.com\/es\/272723\/","title":{"rendered":"Zona Gemelos impulsa su reality con Kiko Hern\u00e1ndez, V\u00edctor Sandoval y Coto Matamoros: un tridente que reaviva el esp\u00edritu de \u2018S\u00e1lvame\u2019 &#8211; MARCA"},"content":{"rendered":"<ol>\n<li><a href=\"https:\/\/news.google.com\/rss\/articles\/CBMi_AFBVV95cUxQZnRsQ0FkSUxSQWRZel81SmM0Z3lmT1Y1RVhSXzVzU25ZOUQybEFBd1pCNTZQXzA5RVBJaGpUM0ljTVN6M2RGNzkxZngwbG4yTV9GYTlUaE9fTmluNmNkNlhhRzFDUXc3WE15T0lDbWlMSk1qXy1LUHFkODJiOUU1UGRMbkdNdFBHYlpEdUpyMlUzSGM0eFBnR0x5TERsWHNQM2x2MmY0T1JHQ3pxd0pKZVRUdFlXby1yN0ZXWm91Y1YwWUNsMkNGTjU0RGV5NldFaXRucnlSOWw0VGRqQy05QlYxaW5XMEJyTG85Y1VNQkdMVW5QSnFYRlFjVG7SAfwBQVVfeXFMUDNwa3Q5SXFQY2FoNVk3UUNiWDVFaDJRYndrcjN1NURSODd2REdsV2dEdzN2Rk5QR09kNGNkSlQ5alA5UVdXd3hzTGM1NVRNX0pkOFYzemJaTmtkREZMNERVTG5NUjV2WEJUdHNuOEpRYzRtbnlpUE5YN3kycno0ckZ6UzFzekxYNEZ0UGRqdmRiTHhLcEZOMGUwVXJVdXBOWmNyaUtlUU1zVFlYeFdodUt4RmZ3TWxyMW1XT2Nqd2plbHB2dDE1VFpHY3RTUVNjdjlyanVvbnBYVExMRXE5T0taVnNHdTBuQndnN29uV2FjLVhseGtLeUV1ZGdp?oc=5\" target=\"_blank\" rel=\"nofollow noopener\">Zona Gemelos impulsa su reality con Kiko Hern\u00e1ndez, V\u00edctor Sandoval y Coto Matamoros: un tridente que reaviva el esp\u00edritu de \u2018S\u00e1lvame\u2019<\/a>&nbsp;&nbsp;MARCA<\/li>\n<li><a href=\"https:\/\/news.google.com\/rss\/articles\/CBMi4wFBVV95cUxNdlZQWk5EYzZGT2pzMXluN3RFT1JEQTc5SWpaaXdUdHJZS2tjaUpqQ2ZFcUtzeW1nUVZITEs1a1FtS2RzNnhBZ2o4XzUwdThCMi0wRjltTmpvamR1R21hMjJWeE5La0RtQUk3dHM1WFZSTGE3MFpXT1hUbzBuaU9FS0ZPMFpLMUtZV2ktTEsxREZ1MkNrdFllb0dBdjQwaXNsekJGNFlENXNRTmhpRVF1QUZ3eEZxQjM3aUhJV0dBckFtQ0VIQ014WWRrYnFIUjdMQkJJZ29ISWpURkFaQ09lTE14Zw?oc=5\" target=\"_blank\" rel=\"nofollow noopener\">V\u00edctor Sandoval y Coto Matamoros fichan por &#8216;La casa de los gemelos 2&#8217; con Kiko Hern\u00e1ndez como maestro de ceremonias<\/a>&nbsp;&nbsp;20Minutos<\/li>\n<li><a href=\"https:\/\/news.google.com\/rss\/articles\/CBMiywFBVV95cUxQbzRtRDllbEg0M1lHOEdKcDNlZ0h2OE5PeWdhakJvV2g0OGlDYUVVejlyUjV6c3otQmRrZk9RSlRqYmMwOWxZSjVfUV9qVEhRek9NN0hNWWh0Yi0tcDUwZGpnYnNGNnpPckg2Qnh6eWRsbjVOS3VqTk9HNGlnajJ4T3pXWmQ3R215dmFoR1psTDFfUVA2ZHMtUVlueElIR1daSjRxaGFGS0dCNGdNb044NmdLT0laOHRfVmowaVZaZXBDUHpFcGVoNGs3UdIB0AFBVV95cUxPM0RhcTNOREN2eWRaa0FRN05tVDVEZVF3V09WWnp0cHNhTWRxRjFIUVJMNDlFQ2k5RVQ0dGtVTF9KMDI5ejhDX21xY1QwT2lWWlp5OUF0RXV3X01IVWMyMGIteXRQN2hrbU5WM3JWOTd5RkpOcnpQM3hYa2xCNHJDM1hBWXhwMm1kV3VjOVF1NXFoZlpnMEcyanFncXI3T2EyMnRRTUhMWHhndHRRdy0xb1ZEZFhZZ2ZzbXNTRWcwYmoxQ001T1lsRFlVMHNxYndM?oc=5\" target=\"_blank\" rel=\"nofollow noopener\">Ya tenemos seis participantes m\u00e1s confirmados para &#8216;La casa de los gemelos 2&#8217; y tres fichajazos bomba (de verdad) con pasado en Telecinco<\/a>&nbsp;&nbsp;El Peri\u00f3dico<\/li>\n<li><a href=\"https:\/\/news.google.com\/rss\/articles\/CBMi3gFBVV95cUxPUDRaYzlfZFNway1nekFHR2pEWHZWSEZ0S3BvWjZxOEFRVWdMSnYzaVViQU5pY2tJS2JZVzJ3Y2d0ME1PRVR2WXBEeFBsd0QwdW1yeUNmZjJvb1ZNbF96ZGZ2RTREX0YyOURhM0QxQWxwUDdFdF9XbXhfV1pJOXh6ZlJNM2V1SVhXb3JQNzFsS0wxSHR5dVgyRmUzYlRCNTA5TW1yRGlNRXBLUFpTM0tZQm05ei04cm9NUVdWZUJhU1I2dDRLd2d1X04tWUJsM2FXRGVQVG9TdVVEaGZ2eUHSAfIBQVVfeXFMTUszcGNMMGltWENtb29oT1A1VlNic0d5SGFYQTBrUDJqSnBQa09FcFJ2YjcyRzVpeEhPaW0zVW9UcG9GRVNSNFNScEdyeEMwNVk3OFc2cjBBZW9TWkh1N1M4alRQTWdPV1FReXVFVllGWGZGZG5jZHlwWmw1R3FyMEV6RTdnY2o2Ti1ScUFNN3dYMDhmUnpIYmtyMzRfV0l3cENXaGZLc1dYTnFURGc1SUd1Yjk2SXRQQ2FZdEhQdlhHUDZRbVMxN3pmYk5BVUpFMHJnNVREM3lzOWpqcDVpMlFVSi0zLURqVHV5YllnRS1MdWc?oc=5\" target=\"_blank\" rel=\"nofollow noopener\">Pol\u00e9mica con \u2018La casa de los gemelos 2\u2032: una baja de \u00faltima hora y el monumental enfado de A\u00edda N\u00edzar<\/a>&nbsp;&nbsp;Diario AS<\/li>\n<li><a href=\"https:\/\/news.google.com\/rss\/articles\/CBMipAJBVV95cUxNRlJ1UUNQZXhvanV1clRIQ3BXbjVZZWtOSFljcERpR0pGTEFoeGlSTHhUWTgyRmtnSllrZVlJQ0dkV2Q1ZmxUdHZjbWc4cWNXTnBfN0hRUEpDV09Na0JTakZGTy1aVGdkTFc2WDVybnpJY1p4TS1CT01FWXpKQWNnNTMzTHBmRTR1MVl4MFRvZFFObXZDbmR3ZS11NW1ROVUycURZVi1TMm01MTVnWmk3NV9ldkhNZVNpYmdWUm5Oa201SjU0MUlkY1hYd1p3bktQLUpYYlhhZkJQbDBpeWZ5NVd6cUN4cm5RcV9pb2pnMnA5aS1FVFctZ2NGQVNiLUhiaThZWENfYlg1a0l0RGpiTTM2VHRQVnAtWHZZeWxoUnFCZTM10gGPAkFVX3lxTE4tQnA4Tk83M2FLNXNVRTlBQU5zQTVwb05BZUh3LU9pd3VDNjUyT0xQZVh5dW9JekNGREZNdGhmRmk3Q21TV1o2d0JCWVM4dmVwQVh1SkZIVTFHNHpUbjNjZEMtZUQxajd5N1N4Q3JhRlZoNEVIM3k0Y0tBM2ItclA0SGw1SnZlSHdMM1FXcFBwS3N5TGdkcUlOZnUyQ1I2NlhPNV9OZlpqUmhwcWF4cmFqWU5Gb3R1eGhHOUg0Ykw5STZhSG11WWd0NHF5RFVWMEpaVjBPMEpzNVc2amltSWlOczRrdXI4bnp5WGVDcHdhVFF0M3hQdWZPSkd5dTNiSzVzVktqSXQyR0VQOUxGRlk?oc=5\" target=\"_blank\" rel=\"nofollow noopener\">Kiko Hern\u00e1ndez, el fichaje inesperado de &#8216;La casa de los gemelos&#8217;, el reality que desaf\u00eda todas las reglas de la televisi\u00f3n<\/a>&nbsp;&nbsp;El Economista<\/li>\n<\/ol>\n","protected":false},"excerpt":{"rendered":"Zona Gemelos impulsa su reality con Kiko Hern\u00e1ndez, V\u00edctor Sandoval y Coto Matamoros: un tridente que reaviva el&hellip;\n","protected":false},"author":2,"featured_media":248356,"comment_status":"","ping_status":"","sticky":false,"template":"","format":"standard","meta":{"footnotes":""},"categories":[171],"tags":[146,147,25,24,23,214],"class_list":{"0":"post-272723","1":"post","2":"type-post","3":"status-publish","4":"format-standard","5":"has-post-thumbnail","7":"category-tv","8":"tag-entertainment","9":"tag-entretenimiento","10":"tag-es","11":"tag-espana","12":"tag-spain","13":"tag-tv"},"share_on_mastodon":{"url":"https:\/\/pubeurope.com\/@es\/115667722787422671","error":""},"_links":{"self":[{"href":"https:\/\/www.europesays.com\/es\/wp-json\/wp\/v2\/posts\/272723","targetHints":{"allow":["GET"]}}],"collection":[{"href":"https:\/\/www.europesays.com\/es\/wp-json\/wp\/v2\/posts"}],"about":[{"href":"https:\/\/www.europesays.com\/es\/wp-json\/wp\/v2\/types\/post"}],"author":[{"embeddable":true,"href":"https:\/\/www.europesays.com\/es\/wp-json\/wp\/v2\/users\/2"}],"replies":[{"embeddable":true,"href":"https:\/\/www.europesays.com\/es\/wp-json\/wp\/v2\/comments?post=272723"}],"version-history":[{"count":0,"href":"https:\/\/www.europesays.com\/es\/wp-json\/wp\/v2\/posts\/272723\/revisions"}],"wp:featuredmedia":[{"embeddable":true,"href":"https:\/\/www.europesays.com\/es\/wp-json\/wp\/v2\/media\/248356"}],"wp:attachment":[{"href":"https:\/\/www.europesays.com\/es\/wp-json\/wp\/v2\/media?parent=272723"}],"wp:term":[{"taxonomy":"category","embeddable":true,"href":"https:\/\/www.europesays.com\/es\/wp-json\/wp\/v2\/categories?post=272723"},{"taxonomy":"post_tag","embeddable":true,"href":"https:\/\/www.europesays.com\/es\/wp-json\/wp\/v2\/tags?post=272723"}],"curies":[{"name":"wp","href":"https:\/\/api.w.org\/{rel}","templated":true}]}}