{"id":272730,"date":"2025-12-05T15:45:20","date_gmt":"2025-12-05T15:45:20","guid":{"rendered":"https:\/\/www.europesays.com\/es\/272730\/"},"modified":"2025-12-05T15:45:20","modified_gmt":"2025-12-05T15:45:20","slug":"psoe-critica-la-lentitud-del-gobierno-riojano-en-el-despliegue-de-la-vacunacion-antigripal-pese-al-adelanto-del-pico","status":"publish","type":"post","link":"https:\/\/www.europesays.com\/es\/272730\/","title":{"rendered":"PSOE critica \u00abla lentitud\u00bb del Gobierno riojano en el despliegue de la vacunaci\u00f3n antigripal pese al adelanto del pico"},"content":{"rendered":"<p><img id=\"fotoPrincipalNoticia\" src=\"https:\/\/www.europesays.com\/es\/wp-content\/uploads\/2025\/12\/fotonoticia_20251205120555_690.jpg\" loading=\"eager\" decoding=\"async\" style=\"view-transition-name: fechor_20251205120555;\" border=\"0\" alt=\"Vacunas, gripe, jeringuillas, epidemia, vacunaci\u00f3n\" fetchpriority=\"high\" title=\"PSOE critica &quot;la lentitud&quot; del Gobierno riojano en el despliegue de la vacunaci\u00f3n antigripal pese al adelanto del pico\" width=\"690\" height=\"388\" itemprop=\"image\"\/><\/p>\n<p>Vacunas, gripe, jeringuillas, epidemia, vacunaci\u00f3n &#8211; EUROPA PRESS<\/p>\n<p>    LOGRO\u00d1O 5 Dic. (EUROPA PRESS) &#8211; <\/p>\n<p>   El diputado socialista, Miguel Gonz\u00e1lez de Legarra, ha criticado \u00abla preocupante lentitud y falta de previsi\u00f3n de la consejer\u00eda de Salud en la campa\u00f1a de vacunaci\u00f3n frente a la gripe y otras infecciones respiratorias, en un a\u00f1o en el que, adem\u00e1s, el pico epid\u00e9mico se ha adelantado cerca de tres semanas\u00bb. Esta situaci\u00f3n \u00abha vuelto a coger totalmente desprevenido al Gobierno de Capell\u00e1n\u00bb.<\/p>\n<p>    Gonz\u00e1lez de Legarra ha subrayado que \u00abtodas las alertas epidemiol\u00f3gicas nacionales ven\u00edan avisando desde mediados de oto\u00f1o de un incremento acelerado de la incidencia\u00bb. Por lo tanto, \u00abno hay justificaci\u00f3n posible para que La Rioja haya llegado tarde y con un sistema de vacunaci\u00f3n mal organizado, lento e ineficaz\u00bb.<\/p>\n<p>    El diputado socialista ha se\u00f1alado que \u00abestamos ante un nuevo error de planificaci\u00f3n por parte del Ejecutivo\u00bb.<\/p>\n<p>    A pesar de conocer el adelanto en la llegada de la gripe, los responsables sanitarios \u00abno han sido capaces de acelerar la distribuci\u00f3n de vacunas, ni de reforzar los equipos de atenci\u00f3n primaria, ni de garantizar circuitos \u00e1giles de citaci\u00f3n\u00bb. Esto provoca \u00abuna evidente desprotecci\u00f3n a la poblaci\u00f3n m\u00e1s vulnerable de la comunidad\u00bb. La distribuci\u00f3n de dosis entre los centros sanitarios \u00abha sido ca\u00f3tica\u00bb.<\/p>\n<p>    Adem\u00e1s, Gonz\u00e1lez de Legarra ha asegurado que \u00ablos plazos de citaci\u00f3n a los grupos de riesgo se retrasaron de manera inaceptable y que, en algunos municipios, la vacunaci\u00f3n ha empezado tarde o sin los recursos suficientes para atender a la poblaci\u00f3n\u00bb.<\/p>\n<p>    Mientras otras comunidades \u00abhan sido capaces de intensificar campa\u00f1as, facilitar vacunaci\u00f3n sin cita o reforzar equipos, aqu\u00ed seguimos con la maquinaria al ralent\u00ed\u00bb.<\/p>\n<p>    Miguel Gonz\u00e1lez de Legarra ha advertido de que \u00abesta falta de previsi\u00f3n est\u00e1 contribuyendo al aumento de la presi\u00f3n asistencial en Atenci\u00f3n Primaria y urgencias\u00bb. Y es que, si Salud hubiera actuado con antelaci\u00f3n, \u00abhoy tendr\u00edamos m\u00e1s personas protegidas, menos contagios y menos consultas saturadas\u00bb.<\/p>\n<p>    De hecho, los profesionales sanitarios \u00abllevan semanas reclamando refuerzos y organizaci\u00f3n, pero la consejer\u00eda ni escucha, ni act\u00faa con la rapidez que exige la situaci\u00f3n\u00bb.<\/p>\n<p>    As\u00ed las cosas, el Grupo Parlamentario Socialista \u00absolicitar\u00e1 informaci\u00f3n detallada sobre la planificaci\u00f3n inicial de la campa\u00f1a de vacunaci\u00f3n, los motivos del retraso en distribuci\u00f3n y citaci\u00f3n, las medidas previstas para recuperar el tiempo perdido y el refuerzo de personal en centros con mayor presi\u00f3n asistencial\u00bb.<\/p>\n<p>    Gonz\u00e1lez de Legarra ha reclamado el Ejecutivo regional \u00abuna rectificaci\u00f3n inmediata porque la salud p\u00fablica no puede estar al vaiv\u00e9n de una consejer\u00eda que reacciona siempre tarde\u00bb. La ciudadan\u00eda \u00abse merece un Gobierno que planifique, no uno que improvisa cuando ya estamos en plena ola de gripe\u00bb.<\/p>\n","protected":false},"excerpt":{"rendered":"Vacunas, gripe, jeringuillas, epidemia, vacunaci\u00f3n &#8211; EUROPA PRESS LOGRO\u00d1O 5 Dic. (EUROPA PRESS) &#8211; El diputado socialista, Miguel&hellip;\n","protected":false},"author":2,"featured_media":272731,"comment_status":"","ping_status":"","sticky":false,"template":"","format":"standard","meta":{"footnotes":""},"categories":[92],"tags":[25,24,165,166,23],"class_list":{"0":"post-272730","1":"post","2":"type-post","3":"status-publish","4":"format-standard","5":"has-post-thumbnail","7":"category-salud","8":"tag-es","9":"tag-espana","10":"tag-health","11":"tag-salud","12":"tag-spain"},"share_on_mastodon":{"url":"https:\/\/pubeurope.com\/@es\/115667738847467232","error":""},"_links":{"self":[{"href":"https:\/\/www.europesays.com\/es\/wp-json\/wp\/v2\/posts\/272730","targetHints":{"allow":["GET"]}}],"collection":[{"href":"https:\/\/www.europesays.com\/es\/wp-json\/wp\/v2\/posts"}],"about":[{"href":"https:\/\/www.europesays.com\/es\/wp-json\/wp\/v2\/types\/post"}],"author":[{"embeddable":true,"href":"https:\/\/www.europesays.com\/es\/wp-json\/wp\/v2\/users\/2"}],"replies":[{"embeddable":true,"href":"https:\/\/www.europesays.com\/es\/wp-json\/wp\/v2\/comments?post=272730"}],"version-history":[{"count":0,"href":"https:\/\/www.europesays.com\/es\/wp-json\/wp\/v2\/posts\/272730\/revisions"}],"wp:featuredmedia":[{"embeddable":true,"href":"https:\/\/www.europesays.com\/es\/wp-json\/wp\/v2\/media\/272731"}],"wp:attachment":[{"href":"https:\/\/www.europesays.com\/es\/wp-json\/wp\/v2\/media?parent=272730"}],"wp:term":[{"taxonomy":"category","embeddable":true,"href":"https:\/\/www.europesays.com\/es\/wp-json\/wp\/v2\/categories?post=272730"},{"taxonomy":"post_tag","embeddable":true,"href":"https:\/\/www.europesays.com\/es\/wp-json\/wp\/v2\/tags?post=272730"}],"curies":[{"name":"wp","href":"https:\/\/api.w.org\/{rel}","templated":true}]}}