{"id":272748,"date":"2025-12-05T15:59:08","date_gmt":"2025-12-05T15:59:08","guid":{"rendered":"https:\/\/www.europesays.com\/es\/272748\/"},"modified":"2025-12-05T15:59:08","modified_gmt":"2025-12-05T15:59:08","slug":"luka-doncic-y-anamaria-goltes-padres-por-segunda-vez-asi-es-la-modelo-con-la-que-comparte-su-vida-el-jugador-de-la-nba-el-mundo","status":"publish","type":"post","link":"https:\/\/www.europesays.com\/es\/272748\/","title":{"rendered":"Luka Doncic y Anamaria Goltes, padres por segunda vez: as\u00ed es la modelo con la que comparte su vida el jugador de la NBA &#8211; El Mundo"},"content":{"rendered":"<ol>\n<li><a href=\"https:\/\/news.google.com\/rss\/articles\/CBMihgFBVV95cUxOdjd6cDdDajJCc0hUT1dHWTVVbDBudU8zYkdSZ0N0NmNGaDd5OEVXZG5JMmZpMl91NTJiVEN0Z2VjakEyY1poVXFSdms0QjhaZkpuUWQ3czVhMTBXSlVwTjU0dm1tVEVaVHdtMTdqWjRwcWxRMXpIcFJEZXM5LV96QlJkNVRWd9IBhgFBVV95cUxNU0ktUFFMdzBWT0tnZU14R25IeUJQY0QtanpfQjhneTdQdUlZYnM0TVVfUTl4Rmx6UXNNbHJsYzl1UHVNc1VFUkFpVUNmdU5pT25nYVVPcWZuQVJObWxlUFhLS0ZGQmx0aHl3MnhHdktSYnh0VS1QVG1CZURxRnN4YXgydFp3UQ?oc=5\" target=\"_blank\" rel=\"nofollow noopener\">Luka Doncic y Anamaria Goltes, padres por segunda vez: as\u00ed es la modelo con la que comparte su vida el jugador de la NBA<\/a>&nbsp;&nbsp;El Mundo<\/li>\n<li><a href=\"https:\/\/news.google.com\/rss\/articles\/CBMi1AFBVV95cUxOcTM3NG5CanRzYXFua3Nyckg3N2Nod1BQSmJNUjVzbHREakpuSnlUWXRIaDA1TmhjdVFrNHZNZ3QxM3QzZ3JqNExmRkQxam1DMzFHQllDcE5BX1FySWNDM2ZGVHEwXy1IZlY0ZDQ4d2g5eXgtcDhXM3gwQ1I1QTVmel9nSXZacXJJcmdjY05FM3doUFJuTTNqV0lESDNnUVlwWTlGTjhtckVfeTMzbFdlazVFNXZiQ050WUliOW15OWJBSE5DU0t3eDh5dzNGS3hMaHI4c9IB4gFBVV95cUxQSUdCYy1FdTNRT2ZBSmdwUFE1bnRocTVTbTdWaEM2NmhlREdFbzJJTXRSUFJmczZYUXJHSXc5a1ZpZkxmbkF6QWpGLXdqNVZ0TnZPMzJlUXVUam5sc1BOcFJfVkNYLWdKaHRXWTNHTWRONU5jUWttX1VJX3RaT0N5TndxcFJKUmJLbnVhNXNYa1R5YXZFWl90WEFSV1c5QjJJZVJsNUxzWVBiZnlIWkdHaXpDZU1WVE90VnloSmZwanFaLXJrTTh6R2wwUl90OVNqaE1sb08tSzF0a1M3YXpvaVhB?oc=5\" target=\"_blank\" rel=\"nofollow noopener\">Doncic apunta a perderse el Bar\u00e7a &#8211; Madrid de la NBA y la proclamaci\u00f3n del Figo americano<\/a>&nbsp;&nbsp;Mundo Deportivo<\/li>\n<li><a href=\"https:\/\/news.google.com\/rss\/articles\/CBMiigFBVV95cUxNN1ZFTE5KVGVzRFhIRVN1QjBuQmFVQXBJbXlUdzc0aU5VT083dHQ4N004cnZDT3JFd1p0bWowQW15bGhnRWFxd1lEX3ZlajdzbEdfMUEwSDdqVTZzWnBrMEt4TmZfTFVCNUpFeTd1aENqdGlIbGN4azJaaXlhY1VwbldtRG5YN0FCQmfSAYoBQVVfeXFMTjJRVDhOd0ZzZTRGYmJMczQ0ZE5TQXBQbUozNW4yRTFFLXF0X0xpZWVXMFB6NHNheXVBNkhJWlZXb1V1X0FhREdULTg0ZDBBMndETVBHUl9YeHBMNGhwNHAyNDRGaDRCNU9ZTHhwU0hOZndUa2dZMHdMVW9Mb3pFNEhwdGdMaVJqdUl3?oc=5\" target=\"_blank\" rel=\"nofollow noopener\">10.000 kil\u00f3metros por su hijo: el viaje expr\u00e9s de Luka Don\u010di\u0107 que conmociona a la NBA<\/a>&nbsp;&nbsp;SPORT<\/li>\n<li><a href=\"https:\/\/news.google.com\/rss\/articles\/CBMinwFBVV95cUxNSm5XNFBQN3BWR1VLR1dDTDhweU5kYXR3YUNHZGZpNHNuSEI0R0lCVnR5d3hnS3o2YXJTQm83V3B0LVZnRGZIZXFXUXFjQnFMOG5QOGI2RHN5Qk1uQ3lDRmJ3ZFlrc1A0c1QwenRpS3l5cmlOTnUxQ3BMbzBCVUxJYldTdmhBbDRfd25hbXVZN0t2b0pWM1Zqbm5pQmw3QlXSAaQBQVVfeXFMTmdHaXptT3RJODJQVGpvS2ZzQ1BlSndBMjB0RVg0TDdwcVBLa0c4TmZNbm5tbXFSMk8zT3hIRWpCLWY1YjNKMzhpTmQweVItN280TXJsZlhfYTZlaVlUdUJzTUVkWGNpQTY4ZW94NGdLUDE0bm82X3BFbUo1SVp4cmx6UGFUVlZHNDdfY2h6M2lrZFpHbnJCUmlYUGNiV1ozeUNkT1A?oc=5\" target=\"_blank\" rel=\"nofollow noopener\">Locura Doncic: 10.000 km y 17 horas de avi\u00f3n para conocer a su segundo hijo<\/a>&nbsp;&nbsp;OkDiario<\/li>\n<li><a href=\"https:\/\/news.google.com\/rss\/articles\/CBMiyAFBVV95cUxQcEtvMUM2dmp5dTNJc25DZWxKRmdXRnoybTBwcENpTjRNSmRta09lc0tCYzdZaXpZMmhWd1gzQlVJRllBNWUyeFc1RUNTZW9HUVVMSVhXYTAzcTNpZTE0V3dqVWY1TC1JR0Nuclo1bXZHcU9BWE8tcFRaeUJueU5IZzNVX25icnd0Q3g1ejRXVjBUUGJpblhpWjhDLVdVQ1RJeVlOTTNxcTl4X3JwLUFPNzVKd0RQeGRaZ3kxM0dUY0J0dzFXdDUtaw?oc=5\" target=\"_blank\" rel=\"nofollow noopener\">\u00bfPor qu\u00e9 Luka Doncic no jug\u00f3 contra los Toronto Raptors?<\/a>&nbsp;&nbsp;beIN SPORTS<\/li>\n<\/ol>\n","protected":false},"excerpt":{"rendered":"Luka Doncic y Anamaria Goltes, padres por segunda vez: as\u00ed es la modelo con la que comparte su&hellip;\n","protected":false},"author":2,"featured_media":272749,"comment_status":"","ping_status":"","sticky":false,"template":"","format":"standard","meta":{"footnotes":""},"categories":[269],"tags":[299,298,168,25,24,10536,23,167],"class_list":{"0":"post-272748","1":"post","2":"type-post","3":"status-publish","4":"format-standard","5":"has-post-thumbnail","7":"category-baloncesto","8":"tag-baloncesto","9":"tag-basketball","10":"tag-deportes","11":"tag-es","12":"tag-espana","13":"tag-loc-celebrities","14":"tag-spain","15":"tag-sports"},"share_on_mastodon":{"url":"https:\/\/pubeurope.com\/@es\/115667793829853396","error":""},"_links":{"self":[{"href":"https:\/\/www.europesays.com\/es\/wp-json\/wp\/v2\/posts\/272748","targetHints":{"allow":["GET"]}}],"collection":[{"href":"https:\/\/www.europesays.com\/es\/wp-json\/wp\/v2\/posts"}],"about":[{"href":"https:\/\/www.europesays.com\/es\/wp-json\/wp\/v2\/types\/post"}],"author":[{"embeddable":true,"href":"https:\/\/www.europesays.com\/es\/wp-json\/wp\/v2\/users\/2"}],"replies":[{"embeddable":true,"href":"https:\/\/www.europesays.com\/es\/wp-json\/wp\/v2\/comments?post=272748"}],"version-history":[{"count":0,"href":"https:\/\/www.europesays.com\/es\/wp-json\/wp\/v2\/posts\/272748\/revisions"}],"wp:featuredmedia":[{"embeddable":true,"href":"https:\/\/www.europesays.com\/es\/wp-json\/wp\/v2\/media\/272749"}],"wp:attachment":[{"href":"https:\/\/www.europesays.com\/es\/wp-json\/wp\/v2\/media?parent=272748"}],"wp:term":[{"taxonomy":"category","embeddable":true,"href":"https:\/\/www.europesays.com\/es\/wp-json\/wp\/v2\/categories?post=272748"},{"taxonomy":"post_tag","embeddable":true,"href":"https:\/\/www.europesays.com\/es\/wp-json\/wp\/v2\/tags?post=272748"}],"curies":[{"name":"wp","href":"https:\/\/api.w.org\/{rel}","templated":true}]}}