{"id":272752,"date":"2025-12-05T16:01:11","date_gmt":"2025-12-05T16:01:11","guid":{"rendered":"https:\/\/www.europesays.com\/es\/272752\/"},"modified":"2025-12-05T16:01:11","modified_gmt":"2025-12-05T16:01:11","slug":"the-guardian-sentencia-como-nadie-a-rosalia-y-deja-a-espana-en-el-extremo-de-su-ranking-musica","status":"publish","type":"post","link":"https:\/\/www.europesays.com\/es\/272752\/","title":{"rendered":"&#8216;The Guardian&#8217; sentencia como nadie a Rosal\u00eda y deja a Espa\u00f1a en el extremo de su ranking | M\u00fasica"},"content":{"rendered":"<p class=\"loc\">Madrid<\/p>\n<p><a href=\"https:\/\/cadenaser.com\/nacional\/2025\/12\/04\/rosalia-anuncia-su-nueva-gira-con-lux-que-pasara-por-espana-estos-son-las-primeras-fechas-de-sus-conciertos-cadena-ser\/\" target=\"_blank\" rel=\"nofollow noopener\" title=\"https:\/\/cadenaser.com\/nacional\/2025\/12\/04\/rosalia-anuncia-su-nueva-gira-con-lux-que-pasara-por-espana-estos-son-las-primeras-fechas-de-sus-conciertos-cadena-ser\/\">Rosal\u00eda<\/a> es, sin duda alguna, una de las artistas del a\u00f1o en todo el mundo. El impacto social y la repercusi\u00f3n que ha generado el lanzamiento de Lux la coronan como una de las cantantes m\u00e1s reconocidas y abanderando la m\u00fasica espa\u00f1ola en todos los rincones del planeta.<\/p>\n<p>M\u00e1s informaci\u00f3n<\/p>\n<p>La artista, adem\u00e1s, acaba de anunciar su nueva gira, que tendr\u00e1 parada en Madrid y Barcelona, llegar\u00e1 a Am\u00e9rica Latina, a Estados Unidos y tiene previsto arrancar en Lyon, en Francia. De hecho, fruto de la salida de las entradas creci\u00f3 una ola de cr\u00edticas a la catalana por no pasar por otras zonas de su pa\u00eds.<\/p>\n<p>A pesar de ello, <a href=\"https:\/\/www.theguardian.com\/music\/ng-interactive\/2025\/dec\/03\/the-20-best-songs-of-2025\" target=\"_blank\" rel=\"nofollow noopener\" title=\"https:\/\/www.theguardian.com\/music\/ng-interactive\/2025\/dec\/03\/the-20-best-songs-of-2025\">The Guardian<\/a> ha querido posicionar a la catalana en su ranking anual y hablar de ella como nadie. Y es que el peri\u00f3dico brit\u00e1nico ha querido elaborar su lista con las mejores 20 canciones del a\u00f1o, donde Rosal\u00eda ha ocupado el extremo con Berghain, su primer single con Lux, llevando a Espa\u00f1a a lo m\u00e1s alto. <\/p>\n<p>\u00abNo hay debate m\u00e1s aburrido que discutir sobre si una pieza musical se ajusta a las tradiciones de un g\u00e9nero en particular. Todo ese aire caliente y la indignaci\u00f3n prodigada sobre Berghain y si los impulsos dram\u00e1ticos de la Orquesta Sinf\u00f3nica de Londres constituyen m\u00fasica cl\u00e1sica o la coloratura de Rosal\u00eda es o no \u00f3pera, \u00bfa qui\u00e9n le importa?\u00bb, recoge en su art\u00edculo.<\/p>\n<p><img decoding=\"async\" src=\"https:\/\/www.europesays.com\/es\/wp-content\/uploads\/2025\/12\/https:\/\/sdmedia.playser.cadenaser.com\/playser\/image\/202511\/14\/1763137993147_1763138024_asset_still.p.jpeg\" alt=\"Rosal\u00eda dijo en 'La Ventana' que para tener un d\u00eda feliz intenta usar la boca, las manos y los pies; el psiquiatra que dijo eso ha reaccionado\" width=\"655\"   loading=\"lazy\"\/><\/p>\n<p class=\"tit\">Rosal\u00eda dijo en &#8216;La Ventana&#8217; que para tener un d\u00eda feliz intenta usar la boca, las manos y los pies; el psiquiatra que dijo eso ha reaccionado<\/p>\n<p>00:00:0005:00<\/p>\n<p>El c\u00f3digo iframe se ha copiado en el portapapeles<\/p>\n<p>FacebookTwitterLinkedinWhatsAppCerrar<\/p>\n<p>\u00abDej\u00e1ndonos temblando de asombro\u00bb<\/p>\n<p>\u00abEstas nimiedades palidecen en comparaci\u00f3n con la maravilla que la visionaria catalana est\u00e1 tramando al combinar toda esta grandeza, junto con letras en alem\u00e1n y espa\u00f1ol [&#8230;] El imponente y g\u00f3tico Berghain subsume al oyente de la misma manera que la relaci\u00f3n condenada sobre la que canta Rosal\u00eda la est\u00e1 engullendo\u00bb, ha a\u00f1adido, en su justificaci\u00f3n sobre por qu\u00e9 el tema es el mejor del a\u00f1o para The Guardian. <\/p>\n<p>As\u00ed, el peri\u00f3dico reconoce a una Rosal\u00eda que en la canci\u00f3n se encuentra \u00ababrumada por el miedo, la ira, el amor y la sangre de un amante, disolvi\u00e9ndose como az\u00facar en caf\u00e9 caliente cuando \u00e9l est\u00e1 cerca\u00bb. En la gran escala y virtuosismo de la canci\u00f3n, ella recupera algo de poder para s\u00ed misma, dej\u00e1ndonos a nosotros a su vez temblando de asombro ante su magnitud \u00fanica\u00bb, ha sentenciado, sobre la espa\u00f1ola. <\/p>\n","protected":false},"excerpt":{"rendered":"Madrid Rosal\u00eda es, sin duda alguna, una de las artistas del a\u00f1o en todo el mundo. El impacto&hellip;\n","protected":false},"author":2,"featured_media":272753,"comment_status":"","ping_status":"","sticky":false,"template":"","format":"standard","meta":{"footnotes":""},"categories":[174],"tags":[1765,255,146,147,25,24,256,23,1766],"class_list":{"0":"post-272752","1":"post","2":"type-post","3":"status-publish","4":"format-standard","5":"has-post-thumbnail","7":"category-famosos","8":"tag-bestof","9":"tag-celebrities","10":"tag-entertainment","11":"tag-entretenimiento","12":"tag-es","13":"tag-espana","14":"tag-famosos","15":"tag-spain","16":"tag-topix"},"share_on_mastodon":{"url":"https:\/\/pubeurope.com\/@es\/115667801592849630","error":""},"_links":{"self":[{"href":"https:\/\/www.europesays.com\/es\/wp-json\/wp\/v2\/posts\/272752","targetHints":{"allow":["GET"]}}],"collection":[{"href":"https:\/\/www.europesays.com\/es\/wp-json\/wp\/v2\/posts"}],"about":[{"href":"https:\/\/www.europesays.com\/es\/wp-json\/wp\/v2\/types\/post"}],"author":[{"embeddable":true,"href":"https:\/\/www.europesays.com\/es\/wp-json\/wp\/v2\/users\/2"}],"replies":[{"embeddable":true,"href":"https:\/\/www.europesays.com\/es\/wp-json\/wp\/v2\/comments?post=272752"}],"version-history":[{"count":0,"href":"https:\/\/www.europesays.com\/es\/wp-json\/wp\/v2\/posts\/272752\/revisions"}],"wp:featuredmedia":[{"embeddable":true,"href":"https:\/\/www.europesays.com\/es\/wp-json\/wp\/v2\/media\/272753"}],"wp:attachment":[{"href":"https:\/\/www.europesays.com\/es\/wp-json\/wp\/v2\/media?parent=272752"}],"wp:term":[{"taxonomy":"category","embeddable":true,"href":"https:\/\/www.europesays.com\/es\/wp-json\/wp\/v2\/categories?post=272752"},{"taxonomy":"post_tag","embeddable":true,"href":"https:\/\/www.europesays.com\/es\/wp-json\/wp\/v2\/tags?post=272752"}],"curies":[{"name":"wp","href":"https:\/\/api.w.org\/{rel}","templated":true}]}}