{"id":272754,"date":"2025-12-05T16:02:16","date_gmt":"2025-12-05T16:02:16","guid":{"rendered":"https:\/\/www.europesays.com\/es\/272754\/"},"modified":"2025-12-05T16:02:16","modified_gmt":"2025-12-05T16:02:16","slug":"la-ciudad-ha-perdido-nivel-cultural","status":"publish","type":"post","link":"https:\/\/www.europesays.com\/es\/272754\/","title":{"rendered":"La ciudad ha perdido nivel cultural"},"content":{"rendered":"<p class=\"paragraph\" id=\"paragraph_1\">El arquitecto franc\u00e9s <strong>Erik Morvan<\/strong> dej\u00f3 su casona de los alrededores de Par\u00eds (Francia) hace 23 a\u00f1os. Junto a su esposa, la dise\u00f1adora <strong>Sabine Morvan<\/strong>, decidi\u00f3 pasar tres fines de semana consecutivos en Lisboa, Roma y Barcelona. Sin dudarlo, eligi\u00f3 esta \u00faltima ciudad para establecerse. \u00abNo conoc\u00eda a nadie aqu\u00ed\u00bb, explica. Ahora, tres d\u00e9cadas despu\u00e9s, se marcha. \u00abLa ciudad ha perdido nivel cultural\u00bb, se queja.<\/p>\n<p><img loading=\"lazy\" decoding=\"async\" alt=\"La Vila Ol\u00edmpica del Poblenou | Wikipedia\" height=\"180\" src=\"https:\/\/www.europesays.com\/es\/wp-content\/uploads\/2025\/12\/1003742688355_15137514_320x180.jpg\" width=\"320\" data-lazy-status=\"processed\" data-lazy-info=\"remove loading item 1\"\/><\/p>\n<p class=\"paragraph\" id=\"paragraph_2\">Lo dice Morvan a <strong>Cr\u00f3nica Global<\/strong> en una de las pocas <strong>Art House Experiences<\/strong> que est\u00e1 celebrando en la Ciudad Condal para vender su casa-taller de la calle Taulat. El creativo hospeda a creadores de contenido, intermediarios y br\u00f3keres para colocar su vivienda-atelier, un edificio de cuatro plantas en el Poblenou que, a principios del siglo pasado, ocuparon las <strong>Bodegas Montroy<\/strong>.<\/p>\n<p class=\"paragraph\" id=\"paragraph_3\">Pide <strong>ocho millones de euros<\/strong> por esta joya reformada con inusitado gusto.<\/p>\n<p>\u00abEs tiempo de cambiar\u00bb<\/p>\n<p class=\"paragraph\" id=\"paragraph_4\">El matrimonio Morvan recibe al pu\u00f1ado de invitados de forma discreta en el houselab. El espacio, inaugurado en 2016, re\u00fane a una veintena de personas que, gracias a sus contactos, deber\u00e1n <strong>hallar comprador<\/strong> para esta joya situada en el antiguo distrito fabril de Barcelona.<\/p>\n<p><img decoding=\"async\" alt=\"Erik Morvan, Sabine Moran e 'influencers' e inmobiliarios\" data-imgm=\"true\" height=\"180\" loading=\"lazy\"  src=\"https:\/\/www.europesays.com\/es\/wp-content\/uploads\/2025\/12\/1003742713668_15483076_1024x576.jpg\"  width=\"320\"\/><\/p>\n<p>                                                            Erik Morvan, Sabine Moran e &#8216;influencers&#8217; e inmobiliarios<\/p>\n<p>                    Cedida<\/p>\n<p class=\"paragraph\" id=\"paragraph_5\">La fiesta la organizan las inmobiliarias de lujo <a href=\"https:\/\/en.wowinvest.club\/\" rel=\"nofollow noopener\" target=\"_blank\"><strong>Wow Home<\/strong><\/a>, de <strong>Anastasia Avtukhova<\/strong>, y <strong><a href=\"https:\/\/patriciaemerald.com\/\" rel=\"nofollow noopener\" target=\"_blank\">Patricia Emerald<\/a><\/strong>, de <strong>Toni P\u00e9rez<\/strong>. Han ideado un open house para vender un activo que tienen en exclusiva.\u00a0<\/p>\n<p class=\"paragraph\" id=\"paragraph_6\">Ejerce de maestra de ceremonias <strong>Maya Vorobieva<\/strong>, de <strong>Mesa Sorpresa<\/strong>. Los anfitriones se mantienen en un segundo plano, saludando a los presentes, y detallando c\u00f3mo es el hogar en el que han vivido y creado durante nueve a\u00f1os. <\/p>\n<p class=\"paragraph\" id=\"paragraph_7\">\u00abEs tiempo de cambiar\u00bb, explica el tambi\u00e9n alumni de la \u00c9cole Sp\u00e9ciale d&#8217;Architecture (ESA) de Par\u00eds a este medio. <\/p>\n<p>\u00abLa ciudad ha perdido creatividad\u00bb<\/p>\n<p class=\"paragraph\" id=\"paragraph_8\">\u00abNo es una casa, es un edificio, le llamamos fablab porque aqu\u00ed ocurren cosas\u00bb, matiza el genio al describir la unidad. En efecto, en los 1.500 metros cuadrados de Taulat 17 se encajan una residencia de lujo, un estudio de arquitectura, escultura y pintura y un showroom al que se accede con cita previa. <\/p>\n<p class=\"paragraph\" id=\"paragraph_9\">Aqu\u00ed se crean los prototipos de mobiliario a los que luego se sacar\u00e1 rendimiento por medio de contratos de royalties. \u00abHe trabajado para las principales marcas de pintura, laminado o suelo\u00bb, rememora.<\/p>\n<p class=\"paragraph\" id=\"paragraph_10\"> \u00bfPor qu\u00e9 se va? \u00ab<strong>La ciudad ha perdido creatividad, no puede vivir infinitamente de la Sagrada Familia<\/strong>\u00ab, lamenta lac\u00f3nicamente. <\/p>\n<p>Plane\u00f3 una &#8216;Tate&#8217; en las Tres Chimeneas<\/p>\n<p class=\"paragraph\" id=\"paragraph_11\">Dicho y hecho, el hombre que ha dise\u00f1ado puertas, baldosas y ventanas para casas de lujo de medio mundo, recoge sus b\u00e1rtulos, vende su taller y se va. \u00abLlevo 50 a\u00f1os cambiando de taller cada diez a\u00f1os. Podr\u00edamos vivir aqu\u00ed con Sabine toda la vida pero eso, la vida, consiste en cambiar cosas. Necesitamos ver cosas nuevas\u00bb, desliza. <\/p>\n<p><img decoding=\"async\" alt=\"El proyecto de Morvan en el Bes\u00f2s\" data-imgm=\"true\" height=\"180\" loading=\"lazy\"  src=\"https:\/\/www.europesays.com\/es\/wp-content\/uploads\/2025\/12\/1003742713675_15483224_1024x576.jpg\"  width=\"320\"\/><\/p>\n<p>                                                            El proyecto de Morvan en el Bes\u00f2s<\/p>\n<p>                    Cedida<\/p>\n<p class=\"paragraph\" id=\"paragraph_13\">\u00bfBarcelona se ha agotado para \u00e9l? \u00abEl nivel cultural de la ciudad ha bajado &#8211;contin\u00faa&#8211;, imag\u00ednese que yo arm\u00e9 un proyecto para transformar Las Tres Chimeneas de Sant Adri\u00e0 de Bes\u00f2s en una gran ciudad de arte\u00bb. <\/p>\n<p>\u00abLa Tate Modern estaba conmigo\u00bb<\/p>\n<p class=\"paragraph\" id=\"paragraph_14\">Su gran proyecto buscaba revitalizar el nervio creativo de la capital catalana. \u00ab<strong>El Macba est\u00e1 muerto<\/strong>. Jam\u00e1s pasa nada all\u00ed. Yo pretend\u00eda montar una ciudad del arte, con 200.000 metros cuadrados de arte, m\u00fasica y creaci\u00f3n en las chimeneas\u00bb, precisa.<\/p>\n<p><img decoding=\"async\" alt=\"Fabio Beccaria, su esposa Pia Gallostra y obras de arte de fondo\" height=\"180\" loading=\"lazy\" width=\"320\" data-lazy-status=\"processed\" id=\"3b3e0b7527\" src=\"https:\/\/cronicaglobal.elespanol.com\/business\/20251205\/arquitecto-erik-morvan-barcelona-ciudad-perdido-cultural\/[\" https:=\"\" data-lazy-info=\"changed src\"\/><\/p>\n<p class=\"paragraph\" id=\"paragraph_15\">La magna obra de Morvan, <strong>que jam\u00e1s vio la luz<\/strong>, buscar\u00eda atraer talento de todo el mundo para dise\u00f1ar cerca del mar. \u00abEra perfecto, y contaba con el apoyo de la Tate Modern &#8211;de Londres&#8211;, que lo ve\u00eda como un primo cerca del mar\u00bb, avanza.<\/p>\n<p class=\"paragraph\" id=\"paragraph_16\">La iniciativa descarril\u00f3. \u00abNecesitaba un pool de cinco familias de promotores, los reunimos, pero \u00e9stos no se pusieron de acuerdo. <strong>El individualismo mat\u00f3 el proyecto<\/strong>\u00ab, critica. Por internet circulan los renders de los rascacielos.<\/p>\n<p class=\"paragraph\" id=\"paragraph_17\">Por su parte, la antigua t\u00e9rmica del Bes\u00f2s ser\u00e1 en un futuro el <strong>Catalunya Media City<\/strong>.<\/p>\n<p>Una bodega-taller por ocho &#8216;kilos&#8217;<\/p>\n<p class=\"paragraph\" id=\"paragraph_18\">Con ese traspi\u00e9 en su ampl\u00edsimo curr\u00edculum, el reconocido arquitecto &#8211;Palais de Congr\u00e8s de Porte Maillot o interiores del Ayuntamiento de Mosc\u00fa&#8211; pone pies en polvorosa. Ha confiado su fablab a <strong>Avtukhova <\/strong>y a <strong>P\u00e9rez<\/strong>, <a href=\"https:\/\/cronicaglobal.elespanol.com\/business\/20250803\/toni-perez-hombre-castillos-mansiones-pueblos-enteros\/1003742678949_0.html?utm_cmp_rs=linksinline\" target=\"_blank\" rel=\"nofollow noopener\">reconocidos inmobiliarios del lujo catal\u00e1n<\/a>, y busca tambi\u00e9n interesados por LaNao, su espectacular casa de la elegante Sant Andreu de Llavaneres. <\/p>\n<p><img decoding=\"async\" alt=\"La casa-taller o 'fablab' de Erik Morvan en Barcelona\" data-imgm=\"true\" height=\"180\" loading=\"lazy\"  src=\"https:\/\/www.europesays.com\/es\/wp-content\/uploads\/2025\/12\/1003742713677_15483266_1024x576.jpg\"  width=\"320\"\/><\/p>\n<p>                                                            La casa-taller o &#8216;fablab&#8217; de Erik Morvan en Barcelona<\/p>\n<p>                    Cedida<\/p>\n<p class=\"paragraph\" id=\"paragraph_20\">Por esa mansi\u00f3n-mirador, el profesional galo pide cerca de dos millones de euros. No quita tanto el hipo como su hogar-atelier, que cuenta con cinco habitaciones, otros tantos ba\u00f1os, centro de wellness en una antigua barrica de vino, piscina climatizada interior, atrio o techo retr\u00e1ctil de cristal para observar la luna. <\/p>\n<p class=\"paragraph\" id=\"paragraph_21\">\u00abBarcelona es ideal, es el para\u00edso, pero cuesta encontrar propuestas que motiven. Hay que hurgar muy bien\u00bb, lamenta su entorno, mientras Erik se marcha a atender a otros invitados. \u00c9stos escrutan cada rinc\u00f3n de su torre de marfil, que ahora legar\u00e1 a un interesado que pague el precio correcto. <\/p>\n","protected":false},"excerpt":{"rendered":"El arquitecto franc\u00e9s Erik Morvan dej\u00f3 su casona de los alrededores de Par\u00eds (Francia) hace 23 a\u00f1os. Junto&hellip;\n","protected":false},"author":2,"featured_media":272755,"comment_status":"","ping_status":"","sticky":false,"template":"","format":"standard","meta":{"footnotes":""},"categories":[173],"tags":[3739,801,229,233,231,230,210,82,1980,232,234,146,147,25,24,3433,23],"class_list":{"0":"post-272754","1":"post","2":"type-post","3":"status-publish","4":"format-standard","5":"has-post-thumbnail","7":"category-arte-y-diseno","8":"tag-arquitectos","9":"tag-arquitectura","10":"tag-arte","11":"tag-arte-y-diseno","12":"tag-arts","13":"tag-arts-and-design","14":"tag-barcelona","15":"tag-business","16":"tag-cataluna","17":"tag-design","18":"tag-diseno","19":"tag-entertainment","20":"tag-entretenimiento","21":"tag-es","22":"tag-espana","23":"tag-inmobiliario","24":"tag-spain"},"share_on_mastodon":{"url":"https:\/\/pubeurope.com\/@es\/115667805566279101","error":""},"_links":{"self":[{"href":"https:\/\/www.europesays.com\/es\/wp-json\/wp\/v2\/posts\/272754","targetHints":{"allow":["GET"]}}],"collection":[{"href":"https:\/\/www.europesays.com\/es\/wp-json\/wp\/v2\/posts"}],"about":[{"href":"https:\/\/www.europesays.com\/es\/wp-json\/wp\/v2\/types\/post"}],"author":[{"embeddable":true,"href":"https:\/\/www.europesays.com\/es\/wp-json\/wp\/v2\/users\/2"}],"replies":[{"embeddable":true,"href":"https:\/\/www.europesays.com\/es\/wp-json\/wp\/v2\/comments?post=272754"}],"version-history":[{"count":0,"href":"https:\/\/www.europesays.com\/es\/wp-json\/wp\/v2\/posts\/272754\/revisions"}],"wp:featuredmedia":[{"embeddable":true,"href":"https:\/\/www.europesays.com\/es\/wp-json\/wp\/v2\/media\/272755"}],"wp:attachment":[{"href":"https:\/\/www.europesays.com\/es\/wp-json\/wp\/v2\/media?parent=272754"}],"wp:term":[{"taxonomy":"category","embeddable":true,"href":"https:\/\/www.europesays.com\/es\/wp-json\/wp\/v2\/categories?post=272754"},{"taxonomy":"post_tag","embeddable":true,"href":"https:\/\/www.europesays.com\/es\/wp-json\/wp\/v2\/tags?post=272754"}],"curies":[{"name":"wp","href":"https:\/\/api.w.org\/{rel}","templated":true}]}}