{"id":272756,"date":"2025-12-05T16:04:09","date_gmt":"2025-12-05T16:04:09","guid":{"rendered":"https:\/\/www.europesays.com\/es\/272756\/"},"modified":"2025-12-05T16:04:09","modified_gmt":"2025-12-05T16:04:09","slug":"llego-dispuesto-a-prender-fuego-a-la-television","status":"publish","type":"post","link":"https:\/\/www.europesays.com\/es\/272756\/","title":{"rendered":"Llego dispuesto a prender fuego a la televisi\u00f3n"},"content":{"rendered":"\n<p> <strong>La cuenta atr\u00e1s para la segunda edici\u00f3n de <\/strong><a href=\"https:\/\/www.elconfidencial.com\/television\/programas-tv\/2025-12-03\/casa-gemelos-participantes-explosion_4259679\/\" target=\"_blank\" rel=\"nofollow noopener\"><strong>La casa de los gemelos<\/strong><\/a><strong> ha comenzado. <\/strong>Este domingo por la noche se abren las puertas del reality show de internet que lideran Zona Gemelos y que cuenta con Kiko Hern\u00e1ndez como presentador. <\/p>\n<p> Pero m\u00e1s all\u00e1 del <a href=\"https:\/\/www.elconfidencial.com\/television\/programas-tv\/2025-12-01\/casa-gemelos-dos-concursantes_4258034\/\" target=\"_blank\" rel=\"nofollow noopener\">potente casting<\/a>, los hermanos se ten\u00edan guardado el fichaje de <strong>V\u00edctor Sandoval, que llega en virtud de El Dictador.<\/strong> Desde <a href=\"https:\/\/www.elconfidencial.com\/television\/\" target=\"_blank\" rel=\"nofollow noopener\">El Confidencial<\/a> hemos hablado en exclusiva con el presentador y colaborador de televisi\u00f3n para conocer algunos detalles de su nuevo proyecto audiovisual. <\/p>\n<p> En primer lugar, nos aclara su papel en el show: \u00abMi intenci\u00f3n es poner normas, pero lo que luego vaya a pasar es imprevisible, como en cualquier reality. Aparecer\u00e9 y dir\u00e9 &#8216;he visto esto y hay que hacer esto o lo otro&#8217;, pero cuidado, no tengo la vista bien, tengo cierta edad y quiz\u00e1 veo cosas que no han pasado [risas]. <strong>No todo lo que yo diga tiene por qu\u00e9 ce\u00f1irse a la realidad\u00bb.<\/strong> <\/p>\n<p> \u00abLlego dispuesto a prender fuego a la televisi\u00f3n. <strong>La tele est\u00e1 dormida, no hay ning\u00fan programa que me interese ni nada que quiera ver. <\/strong>Est\u00e1 todo&#8230; no dir\u00eda antiguo, porque yo me considero antiguo, dir\u00eda reprimido o encorsetado. Vamos a volver a hacer el reality puro, a hacer telerrealidad, realidad, no televisi\u00f3n guionizada\u00bb, a\u00f1ade. <\/p>\n<p> \u00abVamos a ser libres. <strong>En esta casa todo el mundo puede ser libre y lo que queremos es divertirnos. <\/strong>Vamos a ponerle pimienta y guindilla a esa libertad. Vamos a sacar lo bueno y lo malo de cada uno, pero de una manera divertida y positiva. Adem\u00e1s, si hay que cortar cabezas, para esto est\u00e1 Coto Matamoros, el verdugo\u00bb, desvela. <\/p>\n<blockquote class=\"twitter-tweet\" data-dnt=\"true\" align=\"center\">\n<p lang=\"es\" dir=\"ltr\">EL DICTADOR DE <a href=\"https:\/\/twitter.com\/hashtag\/LaCasaDeLosGemelos2?src=hash&amp;ref_src=twsrc%5Etfw\" rel=\"nofollow noopener\" target=\"_blank\">#LaCasaDeLosGemelos2<\/a> <\/p>\n<p>V\u00cdCTOR SANDOVAL <a href=\"https:\/\/t.co\/F3j7BxhiG9\" rel=\"nofollow\">pic.twitter.com\/F3j7BxhiG9<\/a><\/p>\n<p>\u2014 ZonaGemelos (@ZonaGemelos) <a href=\"https:\/\/twitter.com\/ZonaGemelos\/status\/1996722008877375506?ref_src=twsrc%5Etfw\" rel=\"nofollow noopener\" target=\"_blank\">December 4, 2025<\/a><\/p><\/blockquote>\n<p> De esta forma, regresa al medio con ganas de entregarse de nuevo: <strong>\u00abMe hace mucho ilusi\u00f3n porque antes de esto ya era fan de los gemelos. <\/strong>Todo lo que deseo se cumple&#8230; tengo ese problema. He estado seis meses sin hacer televisi\u00f3n y ahora me han ofrecido algo que s\u00ed me interesa\u00bb. <\/p>\n<p> \u00abMe encanta apostar por gente tan talentosa que est\u00e1 empezando y que tiene tan buenas ideas. <strong>No es una cuesti\u00f3n de dinero, ya que en mi caso te aseguro que no se trata de eso. <\/strong>Siempre que he hecho algo, casi nunca ha sido por dinero, cuando ha sido por dinero ha sido cuando no he querido hacerlo, como Supervivientes. Esto lo hago porque me apetece\u00bb, declara. <\/p>\n<p> En cuanto al papel de <a href=\"https:\/\/www.elconfidencial.com\/television\/programas-tv\/2025-12-05\/kiko-hernandez-salvame-gran-hermano_4261083\/\" target=\"_blank\" rel=\"nofollow noopener\">Kiko Hern\u00e1ndez<\/a>, compa\u00f1ero de trabajo durante muchos a\u00f1os, se muestra encantado: <strong>\u00abCon Kiko siempre me he llevado estupendamente. <\/strong>Jam\u00e1s he tenido un problema con \u00e9l, algo que no puedo decir de otros\u00bb. <\/p>\n<p> Sandoval responde a la pregunta de c\u00f3mo cree que se recibir\u00e1 este espacio en el medio: <strong>\u00abMe da igual c\u00f3mo se reciba este programa en las cadenas o las productoras,<\/strong> me importa una mierda c\u00f3mo lo reciban los dem\u00e1s. Me importa c\u00f3mo lo recibo yo. Lo importante en la vida eres t\u00fa. Si te importa y te afecta lo que digan los dem\u00e1s, tienes un problema\u00bb. <\/p>\n<p>                V\u00edctor Sandoval. (RTVE)            <\/p>\n<p> Asimismo, dice que tampoco va a hacer algo diferente en este espacio: \u00abYo no estoy para que se me redescubra, ya estoy descubierto. Estoy aqu\u00ed y sigo siendo el mismo. Y <strong>si no estoy en televisi\u00f3n es porque no quiero estar en algunos sitios o porque en otros no me quieren a m\u00ed\u00bb.<\/strong> <\/p>\n<p> V\u00edctor tambi\u00e9n hace una profunda reflexi\u00f3n sobre los vetos en la peque\u00f1a pantalla: <strong>\u00abEstoy harto de los vetos. <\/strong>He tenido que escuchar que como estaba trabando con La Osa Producciones estaba vetado en Mediaset&#8230; \u00bfqu\u00e9 es esto? Por mis movimientos, mis decisiones, mis necesidades e incluso por el destino, \u00bftengo que pasar hambre y no trabajar? \u00bfMe tengo que quedar encerrado en mi casa esperando? \u00bfC\u00f3mo pago las facturas? No lo entiendo\u00bb. <\/p>\n<p> \u00abYo puedo contar mi experiencia, porque evidentemente tal y como despidieron a la productora no me pareci\u00f3 bien, pero no he hablado mal de ninguna cadena. <strong>Si por mis opiniones me vetan, hay un problema grande en esos sitios\u00bb<\/strong>, sentencia sobre el todav\u00eda pol\u00e9mico final de S\u00e1lvame en Telecinco. <\/p>\n<p> <strong>La cuenta atr\u00e1s para la segunda edici\u00f3n de <\/strong><a href=\"https:\/\/www.elconfidencial.com\/television\/programas-tv\/2025-12-03\/casa-gemelos-participantes-explosion_4259679\/\" target=\"_blank\" rel=\"nofollow noopener\"><strong>La casa de los gemelos<\/strong><\/a><strong> ha comenzado. <\/strong>Este domingo por la noche se abren las puertas del reality show de internet que lideran Zona Gemelos y que cuenta con Kiko Hern\u00e1ndez como presentador. <\/p>\n<p>              <script async src=\"https:\/\/platform.twitter.com\/widgets.js\" charset=\"utf-8\"><\/script><\/p>\n","protected":false},"excerpt":{"rendered":"La cuenta atr\u00e1s para la segunda edici\u00f3n de La casa de los gemelos ha comenzado. Este domingo por&hellip;\n","protected":false},"author":2,"featured_media":272757,"comment_status":"","ping_status":"","sticky":false,"template":"","format":"standard","meta":{"footnotes":""},"categories":[171],"tags":[146,147,25,24,23,214],"class_list":{"0":"post-272756","1":"post","2":"type-post","3":"status-publish","4":"format-standard","5":"has-post-thumbnail","7":"category-tv","8":"tag-entertainment","9":"tag-entretenimiento","10":"tag-es","11":"tag-espana","12":"tag-spain","13":"tag-tv"},"share_on_mastodon":{"url":"https:\/\/pubeurope.com\/@es\/115667813487149554","error":""},"_links":{"self":[{"href":"https:\/\/www.europesays.com\/es\/wp-json\/wp\/v2\/posts\/272756","targetHints":{"allow":["GET"]}}],"collection":[{"href":"https:\/\/www.europesays.com\/es\/wp-json\/wp\/v2\/posts"}],"about":[{"href":"https:\/\/www.europesays.com\/es\/wp-json\/wp\/v2\/types\/post"}],"author":[{"embeddable":true,"href":"https:\/\/www.europesays.com\/es\/wp-json\/wp\/v2\/users\/2"}],"replies":[{"embeddable":true,"href":"https:\/\/www.europesays.com\/es\/wp-json\/wp\/v2\/comments?post=272756"}],"version-history":[{"count":0,"href":"https:\/\/www.europesays.com\/es\/wp-json\/wp\/v2\/posts\/272756\/revisions"}],"wp:featuredmedia":[{"embeddable":true,"href":"https:\/\/www.europesays.com\/es\/wp-json\/wp\/v2\/media\/272757"}],"wp:attachment":[{"href":"https:\/\/www.europesays.com\/es\/wp-json\/wp\/v2\/media?parent=272756"}],"wp:term":[{"taxonomy":"category","embeddable":true,"href":"https:\/\/www.europesays.com\/es\/wp-json\/wp\/v2\/categories?post=272756"},{"taxonomy":"post_tag","embeddable":true,"href":"https:\/\/www.europesays.com\/es\/wp-json\/wp\/v2\/tags?post=272756"}],"curies":[{"name":"wp","href":"https:\/\/api.w.org\/{rel}","templated":true}]}}