{"id":272758,"date":"2025-12-05T16:05:12","date_gmt":"2025-12-05T16:05:12","guid":{"rendered":"https:\/\/www.europesays.com\/es\/272758\/"},"modified":"2025-12-05T16:05:12","modified_gmt":"2025-12-05T16:05:12","slug":"fecha-y-titulo-para-el-disco-de-saratoga-silver-en-madrid-cambios-en-cobra-spell","status":"publish","type":"post","link":"https:\/\/www.europesays.com\/es\/272758\/","title":{"rendered":"Fecha y t\u00edtulo para el disco de SARATOGA. SILVER en Madrid. Cambios en COBRA SPELL."},"content":{"rendered":"<p>\u00a0<\/p>\n<p style=\"text-align: center;\"><strong><a href=\"#SARATOGA\">Fecha y t\u00edtulo para el disco de SARATOGA<\/a> \u2013 <a href=\"#SILVER\">SILVER en Madrid<\/a> \u2013 <a href=\"#SPELL\">Cambios en COBRA SPELL<\/a>.<\/strong><\/p>\n<p><a href=\"https:\/\/www.saratoga.com.es\/\" target=\"_blank\" rel=\"noopener nofollow\"><strong>SARATOGA<\/strong><\/a> editar\u00e1n el 24 de abril su nuevo disco \u201cEn estado puro\u201d.<\/p>\n<p>El \u00e1lbum se lleva grabando en Madrid desde hace tiempo.<\/p>\n<p>Este ser\u00e1 su primer trabajo con el nuevo guitarrista Charlie Parra del Riego, con quien llevan girando en Latino Am\u00e9rica desde hace tiempo.<\/p>\n<p>La banda <a href=\"https:\/\/www.rafabasa.com\/2025\/11\/27\/saratoga-recordamos-su-concierto-con-leo-jimenez-y-tete-novoa-en-las-ventas-madrid\/\" rel=\"nofollow noopener\" target=\"_blank\">tocar\u00e1 el 10 de enero<\/a> en Las Ventas de Madrid.<\/p>\n<p><strong>S\u00e1bado 10 de Enero Saratoga<br \/>\u00daNICO CONCIERTO 5 TITANES JUNTOS<br \/>Live Las Ventas MADRID<\/strong><\/p>\n<p><strong> \u2013 LEO JIMENEZ \u2013<br \/>\u2013 TETE NOVOA \u2013<br \/>\u2013 NIKO DEL HIERRO \u2013<br \/>\u2013 JERO RAMIRO \u2013<br \/>\u2013 ARNAU MARTIN \u2013 <\/strong><\/p>\n<p>.<a href=\"https:\/\/www.ticketmaster.es\/artist\/saratoga-entradas\/250013\" target=\"_blank\" rel=\"noopener nofollow\">Entradas online <\/a><\/p>\n<p>Entradas f\u00edsicas sin gastos de gesti\u00f3n en<\/p>\n<ul>\n<li>Algo Salvaje Rock Bar (VALLECAS)<\/li>\n<li>La Parada Del Diablo (PINTO)<\/li>\n<\/ul>\n<p><img fetchpriority=\"high\" decoding=\"async\" src=\"https:\/\/www.europesays.com\/es\/wp-content\/uploads\/2025\/11\/lasventas.jpg\" alt=\"DSARATOGA\" width=\"500\" height=\"500\"\/><\/p>\n<p>Tocar\u00e1n en LEYENDAS DEL ROCK 2026.<\/p>\n<p>\u00a0<\/p>\n<p>\u00a0<\/p>\n<p><strong>SILVER<\/strong> se presentar\u00e1 en Madrid el 28 de febrero en la sala Revi Live acompa\u00f1ado por RISE.<\/p>\n<p><strong>SILVER<\/strong>\u00a0llevar\u00e1 a su lado una gran banda, con Nacho de Carlos a la guitarra y Eric Raya a la bater\u00eda.<\/p>\n<p><img loading=\"lazy\" decoding=\"async\" src=\"https:\/\/www.europesays.com\/es\/wp-content\/uploads\/2025\/12\/madrid.jpg\" alt=\"SILVER\" width=\"354\" height=\"500\"\/><\/p>\n<p>La banda har\u00e1 un repertorio especial con temas de MURO, SILVER FIST y VENGANZA y contar\u00e1 con invitados especiales.<\/p>\n<p>Las pr\u00f3ximas fechas del vocalista en esta <a href=\"https:\/\/www.rafabasa.com\/2025\/11\/10\/avalanch-thin-lizzy-silver-saloma\/#SILVER\" target=\"_blank\" rel=\"noopener nofollow\">noticia<\/a>.<\/p>\n<p><a href=\"https:\/\/www.rafabasa.com\/2025\/03\/27\/silver-regresa-a-la-actividad-y-prepara-un-nuevo-proyecto\/\" target=\"_blank\" rel=\"noopener nofollow\">Nuestra entrevista con Silver, aqui<\/a><\/p>\n<p>\u00a0<\/p>\n<p><a href=\"https:\/\/www.facebook.com\/cobraspell\" target=\"_blank\" rel=\"noopener nofollow\"><strong>COBRA SPELL<\/strong><\/a> se han separado de su bater\u00eda Hale Naphtha y la bajista Belen Mena. Sus sustitutos, al menos para los pr\u00f3ximos directos son Eric Mart\u00ednez Balanza y Richie Love L\u00f3pez respectivamente.<\/p>\n<p><a href=\"https:\/\/www.facebook.com\/cobraspell?__cft__%5b0%5d=AZUintuknT0F4mhNGmJ3N2lQEDwL4CZaj5ThI1rpa-HGo6RjzzoVHoyzHRrt49JzedQkysujoPf-eZphvaBuHO1WZTNe1n9YKptQIGbuKmxyulQonAPkEpYXZYTMEj87tKNj8OGbi04Z2XmQx3-PcSBOCkadJpEFyS25dhZ6A52Q03HAytVNt4BrVBd4bo09JB4&amp;__tn__=-%5dK-R\" target=\"_blank\" rel=\"noopener nofollow\"><strong>COBRA SPELL<\/strong><\/a> sacaron el 1 de diciembre de 2023 a trav\u00e9s de Napalm Records su disco de debut \u201c666\u201d.<\/p>\n<p>M\u00e1s detalles y un single en esta <a href=\"https:\/\/www.rafabasa.com\/2023\/09\/27\/ozzy-osbourne-lynch-mob-cobra-spell\/#COBRA_SPELL\" target=\"_blank\" rel=\"noopener nofollow\">noticia<\/a> y los v\u00eddeos aparecidos en <a href=\"https:\/\/www.rafabasa.com\/2023\/11\/29\/blind-guardian-cobra-spell-fright-night-chapter-ii\/#COBRA_SPELL\" target=\"_blank\" rel=\"noopener nofollow\">esta<\/a>.<\/p>\n<p>El pasado mes de marzo sacaron el EP \u201cAnthems Of The Venomous Heart\u201d.<\/p>\n<p align=\"center\"><strong>Sigue el\u00a0<a href=\"https:\/\/whatsapp.com\/channel\/0029VaCprxVBA1f555USvT2O\" target=\"_blank\" rel=\"nofollow noopener\">Canal de RAFABASA.COM en WhatsApp<\/a>, donde encontrar\u00e1s todas nuestras novedades al instante<\/strong><\/p>\n<p>\u00a0<\/p>\n<p>\u00a0<\/p>\n<p>\u00a0<\/p>\n","protected":false},"excerpt":{"rendered":"\u00a0 Fecha y t\u00edtulo para el disco de SARATOGA \u2013 SILVER en Madrid \u2013 Cambios en COBRA SPELL.&hellip;\n","protected":false},"author":2,"featured_media":272759,"comment_status":"","ping_status":"","sticky":false,"template":"","format":"standard","meta":{"footnotes":""},"categories":[170],"tags":[66814,146,147,25,24,184,185,40578,60070,23],"class_list":{"0":"post-272758","1":"post","2":"type-post","3":"status-publish","4":"format-standard","5":"has-post-thumbnail","7":"category-musica","8":"tag-cobra-spell","9":"tag-entertainment","10":"tag-entretenimiento","11":"tag-es","12":"tag-espana","13":"tag-music","14":"tag-musica","15":"tag-saratoga","16":"tag-silver","17":"tag-spain"},"share_on_mastodon":{"url":"https:\/\/pubeurope.com\/@es\/115667817769352671","error":""},"_links":{"self":[{"href":"https:\/\/www.europesays.com\/es\/wp-json\/wp\/v2\/posts\/272758","targetHints":{"allow":["GET"]}}],"collection":[{"href":"https:\/\/www.europesays.com\/es\/wp-json\/wp\/v2\/posts"}],"about":[{"href":"https:\/\/www.europesays.com\/es\/wp-json\/wp\/v2\/types\/post"}],"author":[{"embeddable":true,"href":"https:\/\/www.europesays.com\/es\/wp-json\/wp\/v2\/users\/2"}],"replies":[{"embeddable":true,"href":"https:\/\/www.europesays.com\/es\/wp-json\/wp\/v2\/comments?post=272758"}],"version-history":[{"count":0,"href":"https:\/\/www.europesays.com\/es\/wp-json\/wp\/v2\/posts\/272758\/revisions"}],"wp:featuredmedia":[{"embeddable":true,"href":"https:\/\/www.europesays.com\/es\/wp-json\/wp\/v2\/media\/272759"}],"wp:attachment":[{"href":"https:\/\/www.europesays.com\/es\/wp-json\/wp\/v2\/media?parent=272758"}],"wp:term":[{"taxonomy":"category","embeddable":true,"href":"https:\/\/www.europesays.com\/es\/wp-json\/wp\/v2\/categories?post=272758"},{"taxonomy":"post_tag","embeddable":true,"href":"https:\/\/www.europesays.com\/es\/wp-json\/wp\/v2\/tags?post=272758"}],"curies":[{"name":"wp","href":"https:\/\/api.w.org\/{rel}","templated":true}]}}