{"id":272760,"date":"2025-12-05T16:06:10","date_gmt":"2025-12-05T16:06:10","guid":{"rendered":"https:\/\/www.europesays.com\/es\/272760\/"},"modified":"2025-12-05T16:06:10","modified_gmt":"2025-12-05T16:06:10","slug":"cine-paula-ortiz-una-directora-aragonesa-rueda-un-documental-con-chris-pratt-en-el-vaticano","status":"publish","type":"post","link":"https:\/\/www.europesays.com\/es\/272760\/","title":{"rendered":"Cine Paula Ortiz | Una directora aragonesa rueda un documental con Chris Pratt en el Vaticano"},"content":{"rendered":"<p class=\"ft-text\">La aragonesa <a class=\"ft-link ft-link--decoration\" href=\"https:\/\/www.elperiodicodearagon.com\/tags\/paula-ortiz\/\" target=\"_blank\" rel=\"nofollow noopener\"><strong>Paula Ortiz<\/strong><\/a> est\u00e1 inmersa en un<strong> ambicioso proyecto <\/strong>que se est\u00e1 rodando estos d\u00edas en el <strong>Vaticano <\/strong>junto al estadounidene<strong> Chris Pratt<\/strong>. Se trata de un documental sobre la<strong> tumba de San Pedro<\/strong>, que est\u00e1 previsto que vea la luz a lo largo de 2026 con motivo del 400 aniversario de la inauguraci\u00f3n y la consagraci\u00f3n de la bas\u00edlica ubicada en<strong> Ciudad del Vaticano<\/strong> que tuvo lugar el 18 de noviembre de 1626.<\/p>\n<p class=\"ft-text\">El documental, escrito por Andrea Tornielli con la colaboraci\u00f3n de Pietro Zander y producido por Vatican Media, Fabric of St Peter y la espa\u00f1ola AF Films, est\u00e1 conducido por Chris Pratt y es un <strong>viaje a lo largo de la historia de San Pedro<\/strong>, uno de los grandes pilares de la fe cristiana. Durante estos d\u00edas, el equipo est\u00e1 rodando en la necr\u00f3polis del Vaticano y en la propia bas\u00edlica, epicentro de las excavaciones que permitieron localizar la tumba del ap\u00f3stol Pedro.<\/p>\n<p>Hallazgo de la tumba<\/p>\n<p class=\"ft-text\">La producci\u00f3n, que<strong> todav\u00eda no tiene t\u00edtulo definido,<\/strong> realiza un recorrido por los hallazgos arqueol\u00f3gicos y la propia historia para descubrir el lugar d\u00f3nde se enterr\u00f3 San Pedro dentro de la necr\u00f3polis vaticana. Un descubrimiento que <strong>se anunci\u00f3 en 1950 por el Papa P\u00edo XII,<\/strong> que fue el art\u00edfice de que comenzaran las excavaciones para su b\u00fasqueda.<\/p>\n<p class=\"ft-text\">No ha sido el \u00fanico hallazgo realizado ya que casi dos d\u00e9cadas despu\u00e9s, en 1968, se hallaron los huesos del ap\u00f3stol. Entonces, asegur\u00f3 el Papa Pablo VI; las reliquias fueron identificadas y estaban seguros de que eran los <strong>restos mortales de San Pedro.<\/strong><\/p>\n<p class=\"ft-text\">El trabajo audiovisual, que lleva concin\u00e1ndose a fuego lento desde hace varios a\u00f1os (de hecho, Paula Ortiz lleg\u00f3 a tener una<strong> audiencia con el Papa Francisco<\/strong> en el que se abord\u00f3 este tema cuando la aragonesa estren\u00f3 &#8216;Teresa&#8217;), ha despertado gran expectaci\u00f3n en el pa\u00eds norteamericano.<\/p>\n<p>\u00abEs un honor extraordinario\u00bb<\/p>\n<p class=\"ft-text\">\u201cEs un honor extraordinario asociarme con el papa Le\u00f3n y con el Vaticano en este proyecto. La historia de San Pedro es<strong> fundamental para la fe cristiana, y estoy profundamente agradecido<\/strong> por la confianza y el acceso que se me han concedido para ayudar a llevar su legado a la pantalla\u201d, ha se\u00f1alado Chris Pratt a &#8216;Vatican News&#8217;, el medio que ha desvelado la noticia.<\/p>\n<p class=\"ft-text\">Con acceso in\u00e9dito a uno de los <strong>espacios m\u00e1s restringidos del Vaticano<\/strong> y una producci\u00f3n a la altura del acontecimiento, el documental promete convertirse en una de las grandes producciones <strong>dedicadas al cristianismo en los \u00faltimos a\u00f1os.<\/strong><\/p>\n<p class=\"ft-text\">Con este proyecto, Paula Ortiz da un paso m\u00e1s en su destacada carrera<strong>. La directora aragonesa se ha convertido en un nombre propio del cine espa\u00f1ol gracias a pel\u00edculas tan relevantes como &#8216;De tu ventana a la m\u00eda&#8217;, &#8216;La novia&#8217;, &#8216;Teresa&#8217; o &#8216;La virgen roja&#8217;. <\/strong>Con este \u00faltimo filme estuvo nominada a los Premios Goya de este a\u00f1o, como ya hiciera con &#8216;De tu ventana a la m\u00eda&#8217; y &#8216;La novia&#8217;. La realizadora zaragozana ha bebido en las fuentes literarias en varios de sus proyectos. As\u00ed lo hizo en &#8216;La novia&#8217; (Bodas de sangre) o en &#8216;Al otro lado del r\u00edo y entre los \u00e1rboles&#8217;, basada en la novela hom\u00f3nima de Hemingway.<\/p>\n","protected":false},"excerpt":{"rendered":"La aragonesa Paula Ortiz est\u00e1 inmersa en un ambicioso proyecto que se est\u00e1 rodando estos d\u00edas en el&hellip;\n","protected":false},"author":2,"featured_media":272761,"comment_status":"","ping_status":"","sticky":false,"template":"","format":"standard","meta":{"footnotes":""},"categories":[169],"tags":[177,6084,38505,146,147,25,24,176,175,47059,23,66815],"class_list":{"0":"post-272760","1":"post","2":"type-post","3":"status-publish","4":"format-standard","5":"has-post-thumbnail","7":"category-cine","8":"tag-cine","9":"tag-documental","10":"tag-el-vaticano","11":"tag-entertainment","12":"tag-entretenimiento","13":"tag-es","14":"tag-espana","15":"tag-film","16":"tag-movies","17":"tag-paula-ortiz","18":"tag-spain","19":"tag-una-directora-aragonesa-rueda-un-documental-con-chris-pratt-en-el-vaticano"},"share_on_mastodon":{"url":"https:\/\/pubeurope.com\/@es\/115667821213199200","error":""},"_links":{"self":[{"href":"https:\/\/www.europesays.com\/es\/wp-json\/wp\/v2\/posts\/272760","targetHints":{"allow":["GET"]}}],"collection":[{"href":"https:\/\/www.europesays.com\/es\/wp-json\/wp\/v2\/posts"}],"about":[{"href":"https:\/\/www.europesays.com\/es\/wp-json\/wp\/v2\/types\/post"}],"author":[{"embeddable":true,"href":"https:\/\/www.europesays.com\/es\/wp-json\/wp\/v2\/users\/2"}],"replies":[{"embeddable":true,"href":"https:\/\/www.europesays.com\/es\/wp-json\/wp\/v2\/comments?post=272760"}],"version-history":[{"count":0,"href":"https:\/\/www.europesays.com\/es\/wp-json\/wp\/v2\/posts\/272760\/revisions"}],"wp:featuredmedia":[{"embeddable":true,"href":"https:\/\/www.europesays.com\/es\/wp-json\/wp\/v2\/media\/272761"}],"wp:attachment":[{"href":"https:\/\/www.europesays.com\/es\/wp-json\/wp\/v2\/media?parent=272760"}],"wp:term":[{"taxonomy":"category","embeddable":true,"href":"https:\/\/www.europesays.com\/es\/wp-json\/wp\/v2\/categories?post=272760"},{"taxonomy":"post_tag","embeddable":true,"href":"https:\/\/www.europesays.com\/es\/wp-json\/wp\/v2\/tags?post=272760"}],"curies":[{"name":"wp","href":"https:\/\/api.w.org\/{rel}","templated":true}]}}