{"id":272762,"date":"2025-12-05T16:07:15","date_gmt":"2025-12-05T16:07:15","guid":{"rendered":"https:\/\/www.europesays.com\/es\/272762\/"},"modified":"2025-12-05T16:07:15","modified_gmt":"2025-12-05T16:07:15","slug":"franco-colapinto-cerro-su-primer-dia-en-las-practicas-del-gran-premio-de-abu-dhabi","status":"publish","type":"post","link":"https:\/\/www.europesays.com\/es\/272762\/","title":{"rendered":"Franco Colapinto cerr\u00f3 su primer d\u00eda en las pr\u00e1cticas del Gran Premio de Abu Dhabi"},"content":{"rendered":"<p>05 Dic, 2025 09:48 a.m. EST<\/p>\n<p class=\"paragraph\">La <b>F\u00f3rmula 1 <\/b>complet\u00f3 su primer d\u00eda de actividad en el <b>Gran Premio de Abu Dhabi<\/b>. <b>Lando Norris<\/b>, <a href=\"https:\/\/www.infobae.com\/deportes\/2025\/12\/05\/la-calculadora-de-la-formula-1-las-combinaciones-que-necesitan-norris-verstappen-y-piastri-en-la-pelea-por-el-titulo\/\" target=\"_blank\" rel=\"nofollow noopener\" title=\"https:\/\/www.infobae.com\/deportes\/2025\/12\/05\/la-calculadora-de-la-formula-1-las-combinaciones-que-necesitan-norris-verstappen-y-piastri-en-la-pelea-por-el-titulo\/\">m\u00e1ximo candidato al t\u00edtulo<\/a>, qued\u00f3 en la cima en ambos ensayos: lider\u00f3 la FP1 con un tiempo de <b>1:24.485 <\/b>y la FP2 con una marca de <b>1:23.083<\/b>. <b>Max Verstappen<\/b>, otro de los contendientes, se ubic\u00f3 por detr\u00e1s en las dos tandas. <b>Oscar Piastri<\/b>, que mantiene vivas sus expectativas de salir campe\u00f3n, termin\u00f3 11\u00b0 en la pr\u00e1ctica nocturna.<\/p>\n<p class=\"paragraph\"><b>Franco Colapinto<\/b> cerr\u00f3 una correcta jornada en la que super\u00f3 a sus compa\u00f1eros de <b>Alpine<\/b>. En el primer entrenamiento qued\u00f3 por delante de <b>Paul Aron<\/b>, piloto de reserva que ocup\u00f3 la butaca de <b>Pierre Gasly<\/b>, con un tiempo de <b>1:24.855<\/b> que lo dej\u00f3 en el 10\u00b0 lugar. La diferencia fue de 0.349 segundos a favor del argentino. <\/p>\n<p class=\"paragraph\">En la segunda pr\u00e1ctica, con el franc\u00e9s nuevamente al mando de su monoplaza, Colapinto cronometr\u00f3 una vuelta de <b>1:24.771<\/b> y fue 0.192 m\u00e1s r\u00e1pido que Gasly. No obstante, ambos quedaron 19\u00b0 y 20\u00b0, respectivamente. El pilarense complet\u00f3 55 giros en total.<\/p>\n<p class=\"paragraph\">Vale destacar que en la FP1 compitieron nueve corredores rookies en el marco de las obligaciones que impone el reglamento. La normativa vigente exige que <b>cada equipo le permita a un piloto novato disputar dos sesiones de entrenamientos libres<\/b> en cada uno de sus monoplazas a lo largo del a\u00f1o.<\/p>\n<p class=\"paragraph\">La actividad en el fin de semana de Yas Marina continuar\u00e1 el s\u00e1bado con el \u00faltimo entrenamiento a partir de las 7:30 (hora argentina), mientras que la clasificaci\u00f3n dar\u00e1 inicio a las 11:00. La carrera principal del domingo, que contar\u00e1 con un total de 58 vueltas, comenzar\u00e1 a las 10:00.<\/p>\n<p><img alt=\"Franco Colapinto fue m\u00e1s r\u00e1pido\" class=\"global-image\" decoding=\"async\" fetchpriority=\"low\" height=\"4000\" loading=\"lazy\" src=\"https:\/\/www.europesays.com\/es\/wp-content\/uploads\/2025\/12\/A6CFYGAA5VHVXLAGKT5VEQEC2A.JPG\" width=\"6000\"\/>Franco Colapinto fue m\u00e1s r\u00e1pido que sus compa\u00f1eros en las dos primeras pr\u00e1cticas (Foto: Reuters\/Jakub Porzycki)<a aria-label=\"La sorpresa de Franco Colapinto tras el rendimiento de su Alpine en las primeras dos pr\u00e1cticas del GP de Abu Dhabi: \u201cNo entiendo bien qu\u00e9 pas\u00f3\u201d\" href=\"https:\/\/www.infobae.com\/deportes\/2025\/12\/05\/la-sorpresa-de-franco-colapinto-tras-el-rendimiento-de-su-alpine-en-las-primeras-dos-practicas-del-gp-de-abu-dhabi-no-entiendo-bien-que-paso\/\" rel=\"noreferrer nofollow noopener\" target=\"_blank\">La sorpresa de Franco Colapinto tras el rendimiento de su Alpine en las primeras dos pr\u00e1cticas del GP de Abu Dhabi: \u201cNo entiendo bien qu\u00e9 pas\u00f3\u201d<\/a>El argentino, pese a que cerr\u00f3 el d\u00eda por delante de sus compa\u00f1eros de Alpine en las dos pr\u00e1cticas, tuvo resultados que contrastaron entre s\u00ed: qued\u00f3 10\u00b0 en la FP1 y 19\u00b0 en la FP2<a aria-label=\"Seguir en Google\" class=\"follow-button display_flex align_items_center\" href=\"https:\/\/profile.google.com\/cp\/CgsvbS8wMTI1aDVmaA\" rel=\"noopener noreferrer nofollow\" target=\"_blank\" title=\"Seguir en Google\">Seguir en<img alt=\"Icono de Google para seguir en redes sociales\" class=\"follow-button-icon\" height=\"18\" src=\"https:\/\/www.infobae.com\/assets\/images\/icons\/IconGoogle.svg\" width=\"18\" fetchpriority=\"high\" loading=\"eager\" decoding=\"async\"\/><\/a><\/p>\n<p class=\"paragraph\"><b>Franco Colapinto<\/b> <a href=\"https:\/\/www.infobae.com\/deportes\/2025\/12\/05\/franco-colapinto-afronta-la-primera-practica-libre-del-gran-premio-de-abu-dhabi\/\" target=\"_blank\" rel=\"nofollow noopener\" title=\"https:\/\/www.infobae.com\/deportes\/2025\/12\/05\/franco-colapinto-afronta-la-primera-practica-libre-del-gran-premio-de-abu-dhabi\/\">complet\u00f3 un correcto d\u00eda viernes en <b>Yas Marina<\/b><\/a>. El argentino logr\u00f3 superar a sus compa\u00f1eros en las primeras dos pr\u00e1cticas del <b>Gran Premio de Abu Dhabi<\/b>, que marcar\u00e1 el cierre de la temporada 2025 de la <b>F\u00f3rmula 1<\/b>.<b> El joven de 22 a\u00f1os qued\u00f3 10\u00b0 en la FP1 y 19\u00b0 en los segundos entrenamientos<\/b>, aunque<b> <\/b>el rendimiento del monoplaza de <b>Alpine <\/b>fue algo que llam\u00f3 la atenci\u00f3n del propio piloto albiceleste, quien hizo hincapi\u00e9 en c\u00f3mo cambi\u00f3 el panorama de un ensayo al otro.<\/p>\n<p>EL RESUMEN DEL PRIMER D\u00cdA DE ACTIVIDAD EN ABU DHABI<\/p>\n<p class=\"paragraph\"><b>\u00a1Final de las segundas pr\u00e1cticas! Lando Norris<\/b> lider\u00f3 la tanda con un registro de 1:23.083, seguido de <b>Max Verstappen<\/b> (1:23.446) y <b>George Russell<\/b> (1:23.462).<\/p>\n<p class=\"paragraph\"><b>Franco Colapinto<\/b> qued\u00f3 19\u00b0 con un registro de 1:24.771 y super\u00f3 a su compa\u00f1ero <b>Pierre Gasly<\/b> (1:24.963) por 0.192 segundos.<\/p>\n<p><img alt=\"Los tiempos de las segundas\" class=\"global-image\" decoding=\"async\" fetchpriority=\"low\" height=\"1350\" loading=\"lazy\" src=\"https:\/\/www.europesays.com\/es\/wp-content\/uploads\/2025\/12\/66ST3FNT7ZARTOMOKHVHCDOZKQ.jfif\" width=\"1080\"\/>Los tiempos de las segundas pr\u00e1cticas en Yas Marina (@F1)<\/p>\n<p class=\"paragraph\">Con todos los pilotos girando con el monoplaza cargado, <b>Franco Colapinto<\/b> mantiene un mejor ritmo que <b>Pierre Gasly<\/b>. El argentino marc\u00f3 giros de <b>1:30.273, 1:29.953 y 1:29.889<\/b>, mientras que el franc\u00e9s hizo lo propio con 1:30.683, 1:30.342 y 1:30.216.<\/p>\n<p class=\"paragraph\"><b>Franco Colapinto<\/b> regres\u00f3 a pista con nuem\u00e1ticos duros a falta de 15 minutos para el cierre.<\/p>\n<p class=\"paragraph\">La mayor\u00eda de los pilotos ingres\u00f3 a boxes y se espera que vuelan a pista con los autos cargados de combustible. Esto les permitir\u00e1 probar el ritmo del monoplaza de cara a la carrera del domingo.<\/p>\n<p class=\"paragraph\"><b>Oscar Piastri<\/b>, complicado con los tiempos. El australiano de <b>McLaren <\/b>marcha d\u00e9cimo con un registro de 1:23.763. <b>Lando Norris<\/b> (1:23.083) se mantiene en la cima seguido de <b>Max Verstappen<\/b> (1:23.446).<\/p>\n<p class=\"paragraph\">Tanto <b>Franco Colapinto<\/b> como <b>Pierre Gasly<\/b> mejoraron sus registros, aunque siguen 19\u00b0 y 20\u00b0, respectivamente. El argentino marc\u00f3 1:24.771 y el franc\u00e9s, 1:24.963. La diferencia es de 0.192 segundos a favor del pilarense.<\/p>\n<p class=\"paragraph\">Los dos <b>Alpine <\/b>completaron su primer giro con neum\u00e1ticos blandos. <b>Franco Colapinto<\/b> qued\u00f3 con un tiempo de 1:24.865, mientras que <b>Pierre Gasly<\/b> marc\u00f3 1:25.037. El argentino subi\u00f3 al 17\u00b0 y le sac\u00f3 una diferencia de 0.172 segundos.<\/p>\n<p class=\"paragraph\">\u00a1<b>Norris <\/b>primero! <b>Lando <\/b>fren\u00f3 el cron\u00f3metro en <b>1:23.083 <\/b>y escal\u00f3 a la cima. <\/p>\n","protected":false},"excerpt":{"rendered":"05 Dic, 2025 09:48 a.m. EST La F\u00f3rmula 1 complet\u00f3 su primer d\u00eda de actividad en el Gran&hellip;\n","protected":false},"author":2,"featured_media":272763,"comment_status":"","ping_status":"","sticky":false,"template":"","format":"standard","meta":{"footnotes":""},"categories":[93],"tags":[168,25,24,271,2148,3019,23,3020,167],"class_list":{"0":"post-272762","1":"post","2":"type-post","3":"status-publish","4":"format-standard","5":"has-post-thumbnail","7":"category-deportes","8":"tag-deportes","9":"tag-es","10":"tag-espana","11":"tag-formula-1","12":"tag-middle-east","13":"tag-motor-racing","14":"tag-spain","15":"tag-sport","16":"tag-sports"},"share_on_mastodon":{"url":"https:\/\/pubeurope.com\/@es\/115667825876226100","error":""},"_links":{"self":[{"href":"https:\/\/www.europesays.com\/es\/wp-json\/wp\/v2\/posts\/272762","targetHints":{"allow":["GET"]}}],"collection":[{"href":"https:\/\/www.europesays.com\/es\/wp-json\/wp\/v2\/posts"}],"about":[{"href":"https:\/\/www.europesays.com\/es\/wp-json\/wp\/v2\/types\/post"}],"author":[{"embeddable":true,"href":"https:\/\/www.europesays.com\/es\/wp-json\/wp\/v2\/users\/2"}],"replies":[{"embeddable":true,"href":"https:\/\/www.europesays.com\/es\/wp-json\/wp\/v2\/comments?post=272762"}],"version-history":[{"count":0,"href":"https:\/\/www.europesays.com\/es\/wp-json\/wp\/v2\/posts\/272762\/revisions"}],"wp:featuredmedia":[{"embeddable":true,"href":"https:\/\/www.europesays.com\/es\/wp-json\/wp\/v2\/media\/272763"}],"wp:attachment":[{"href":"https:\/\/www.europesays.com\/es\/wp-json\/wp\/v2\/media?parent=272762"}],"wp:term":[{"taxonomy":"category","embeddable":true,"href":"https:\/\/www.europesays.com\/es\/wp-json\/wp\/v2\/categories?post=272762"},{"taxonomy":"post_tag","embeddable":true,"href":"https:\/\/www.europesays.com\/es\/wp-json\/wp\/v2\/tags?post=272762"}],"curies":[{"name":"wp","href":"https:\/\/api.w.org\/{rel}","templated":true}]}}