{"id":272764,"date":"2025-12-05T16:08:14","date_gmt":"2025-12-05T16:08:14","guid":{"rendered":"https:\/\/www.europesays.com\/es\/272764\/"},"modified":"2025-12-05T16:08:14","modified_gmt":"2025-12-05T16:08:14","slug":"los-medicos-de-alicante-reclaman-que-se-implante-la-autobaja-en-la-ola-de-gripe-para-que-no-colapse-el-sistema","status":"publish","type":"post","link":"https:\/\/www.europesays.com\/es\/272764\/","title":{"rendered":"Los m\u00e9dicos de Alicante reclaman que se implante la autobaja en la ola de gripe para que no colapse el sistema"},"content":{"rendered":"<p class=\"ft-text ft-helper-closenews\">La<strong> explosi\u00f3n de casos de gripe<\/strong> se ha adelantado este a\u00f1o y presiona ya los servicios de salud, tanto Atenci\u00f3n Primaria como las Urgencias hospitalarias y extrahospitalarias de la provincia de Alicante. Adem\u00e1s, es mucho m\u00e1s contagiosa tras una mutaci\u00f3n en una de las cepas que contiene la vacuna, pese a lo cual los especialistas aseguran que esta sigue siendo efectiva y nos puede proteger de complicaciones ante la que ya se denomina <a class=\"ft-link ft-link--decoration\" href=\"https:\/\/www.informacion.es\/sociedad\/2025\/12\/05\/variante-gripe-acelera-transmision-presion-urgencias-hospitales-epidemia-124474814.html\" rel=\"nofollow noopener\" target=\"_blank\">variante K<\/a>.<\/p>\n<p class=\"ft-text\">\u00bfY qu\u00e9 puede estar detr\u00e1s de esta escalada? Los expertos ya avisaron de que el <strong>cambio clim\u00e1tico<\/strong> no solo puede traer m\u00e1s enfermedades tropicales sino agravar las respiratorias como ya se est\u00e1 viendo.<\/p>\n<blockquote class=\"ft-mol-quote ft-mol-quote--basic\" data-aida-cite=\"\"><p>El cambio clim\u00e1tico agrava las enfermedades respiratorias y este a\u00f1o la variante K es m\u00e1s contagiosa<\/p><\/blockquote>\n<p class=\"ft-text\">Ante la gripe que nos acecha, puesto que a\u00fan no hemos llegado al pico, los m\u00e9dicos apelan a la poblaci\u00f3n a desempolvar los conocimientos que adquirimos durante la <strong>pandemia<\/strong>. Es decir, <strong>distancia, ventilaci\u00f3n, lavado de manos y mascarilla<\/strong>, que entienden obligada a cualquiera que tenga s\u00edntomas y a toda persona que vaya a ir a un centro sanitario, centro de salud u hospital, \u00abporque all\u00ed nos vamos a contagiar. Sentido com\u00fan, que es lo que tiene que imperar\u00bb, afirma la doctora Mari \u00c1ngeles Medina, presidenta de la <a class=\"ft-link ft-link--decoration\" href=\"https:\/\/sovamfic.net\/\" rel=\"nofollow noopener\" target=\"_blank\">Sociedad Valenciana de Medicina Familiar y Comunitaria (SoVamFiC), <\/a>y por tanto representante de los facultativos de Atenci\u00f3n Primaria en la Comunidad.<\/p>\n<blockquote class=\"ft-mol-quote ft-mol-quote--basic\" data-aida-cite=\"\"><p>Otras recomendaciones son distancia, lavado de manos, ventilaci\u00f3n y vacunarse<\/p><\/blockquote>\n<p>Complicaciones<\/p>\n<p class=\"ft-text\">As\u00ed como la vacunaci\u00f3n, cuya importancia se enfatiza para <strong>prevenir complicaciones<\/strong>, especialmente en personas mayores y vulnerables, ya que la gripe puede ser mortal.<\/p>\n<p class=\"ft-text\">Medidas preventivas aparte, los virus respiratorios, y entre ellos especialmente la gripe A, se expanden velozmente. Las consultas m\u00e9dicas han crecido en un 20 % con respecto a hace unas semanas y de todas las urgencias que se presentan en centros de salud, puntos de atenci\u00f3n continuada y hospitales, m\u00e1s de la mitad son gripales.<\/p>\n<p>Tiempo cl\u00ednico para las personas m\u00e1s complejas<\/p>\n<p class=\"ft-text\">La gripe viene <strong>cada a\u00f1o<\/strong>. Es una enfermedad que mayoritariamente pasa sin dejar ning\u00fan problema pero se complica en las personas mayores y vulnerables, que es donde especialmente hay que incidir, insisten los m\u00e9dicos. \u00abHay que insistir en la vacunaci\u00f3n, <strong>estaremos vacunando hasta final de a\u00f1o<\/strong> y normalmente se prorroga un poco m\u00e1s. En el 90% de las ocasiones es suficiente con el autocuidado y dejando espacio a las personas m\u00e1s complejas para que tengamos tiempo cl\u00ednico para ellos\u00bb.<\/p>\n<p>Saturados<\/p>\n<p class=\"ft-text\">Un escenario que satura la Atenci\u00f3n Primaria. Los m\u00e9dicos no dan abasto en la mayor\u00eda de los centros de salud ante las urgencias, muchas de ellas de pacientes a buscar<strong> la baja m\u00e9dica<\/strong> que les pide la empresa. De ah\u00ed que los facultativos reclamen la <a class=\"ft-link ft-link--decoration\" href=\"https:\/\/www.informacion.es\/sociedad\/2024\/01\/09\/sanidad-aplaza-autobaja-medica-queriamos-96694589.html\" rel=\"nofollow noopener\" target=\"_blank\">autobaja<\/a> en fechas de epidemia de gripe. Esta fue una medida que propuso la ministra de Sanidad a principios de 2024 y no prosper\u00f3. Por entonces, la Conselleria de Sanidad la rechaz\u00f3 al entender que estaba verde.<\/p>\n<p class=\"ft-text\">\u00abEn algunas ocasiones est\u00e1 muy justificado que los pacientes acudan al centro de salud pero no siempre. Se nos dan casos de personas que empiezan con malestar, con fiebre y a la media hora est\u00e1n en el m\u00e9dico. Podr\u00edan estar en su casa, tom\u00e1ndose un analg\u00e9sico, descansando. Muchas veces simplemente vienen a por la baja\u00bb, explica Medina, doctora en un centro de salud de Elche.<\/p>\n<p><img decoding=\"async\" src=\"https:\/\/www.europesays.com\/es\/wp-content\/uploads\/2025\/12\/6ea485d7-fbb4-4fca-a695-e2bafc9ec85c_alta-libre-aspect-ratio_default_0.jpg\" width=\"1200\" height=\"900\" alt=\"Otra imagen de pacientes en el centro de salud Hospital Provincial-Pla de Alicante\" class=\"ft-helper-img-rd\" loading=\"lazy\"\/><\/p>\n<p class=\"ft-helper-fontColor-quaternary ft-helper-fontSize-body-S ft-helper-spacer-t-xxs\">Otra imagen de pacientes en el centro de salud Hospital Provincial-Pla de Alicante  \/ Pilar Cort\u00e9s<\/p>\n<p>Autojustificaci\u00f3n<\/p>\n<p class=\"ft-text\">\u00abEsto -prosigue- para nosotros es un callej\u00f3n sin salida, cada a\u00f1o lo decimos. La autojustificaci\u00f3n del estado de salud (autobaja) se podr\u00eda implementar especialmente para este tipo de episodios y en estas fechas\u00bb.<\/p>\n<p class=\"ft-text\">La m\u00e9dico abunda en que \u00ablos pacientes vienen porque la empresa necesita una baja. <strong>Muchos son j\u00f3venes, sanos y saben autocuidarse,<\/strong> saben que esto necesita unos d\u00edas de reposo, beber mucha agua, l\u00edquidos, descansar, pero vienen al m\u00e9dico porque necesitan la baja. Esto <strong>provoca es una presi\u00f3n innecesaria<\/strong>. Nos gusta hacer de m\u00e9dicos, no de secretarias del sistema\u00bb. Aparte de que consideran que afecta a su capacidad para atender a personas m\u00e1s vulnerables.<\/p>\n<p><img decoding=\"async\" src=\"https:\/\/www.europesays.com\/es\/wp-content\/uploads\/2025\/12\/0d68a1c8-246a-4c5a-b526-1e1884bc8a4a_alta-libre-aspect-ratio_default_0.jpg\" width=\"1200\" height=\"1800\" alt=\"Doctora Mari \u00c1ngeles Medina\" class=\"ft-helper-img-rd\" loading=\"lazy\"\/><\/p>\n<p class=\"ft-helper-fontColor-quaternary ft-helper-fontSize-body-S ft-helper-spacer-t-xxs\">Doctora Mari \u00c1ngeles Medina  \/ \u00c1xel \u00c1lvarez<\/p>\n<blockquote class=\"ft-mol-quote\" data-aida-quote=\"\"><p>Muchas personas vienen al m\u00e9dico porque necesitan la baja. Esto provoca una presi\u00f3n innecesaria<\/p>\n<p class=\"ft-mol-quote__author--name\">Doctora Mari \u00c1ngeles Medina<\/p>\n<p class=\"ft-mol-quote__author--status\">\u2014 Presidenta de la Sociedad Valenciana de Medicina Familiar y Comunitaria<\/p>\n<\/blockquote>\n<p class=\"ft-text\">El doctor Pablo Sanz, vicesecretario de SoVamFiC y m\u00e9dico de Familia, apunta que los adultos mayores y quienes tienen afecciones preexistentes (asma, <a class=\"ft-link ft-link--decoration\" href=\"https:\/\/www.informacion.es\/videos\/salud\/2025\/11\/19\/epoc-afecta-3-millones-personas-123892802.html\" rel=\"nofollow noopener\" target=\"_blank\">EPOC<\/a>, insuficiencia card\u00edaca), est\u00e1n experimentando s\u00edntomas exacerbados.<\/p>\n<p class=\"ft-text\">\u00abLa realidad es que vivimos un repunte de los virus respiratorios. Este a\u00f1o se ha adelantado la temporada y desde finales de noviembre estamos viendo infecciones respiratorias de v\u00edas altas y bajas. Hay un aumento considerable de estas consultas no demorables o urgentes, tanto en los centros de salud como en los puntos de atenci\u00f3n continuada, y en los servicios de urgencias hospitalarias\u00bb.<\/p>\n<p><img decoding=\"async\" src=\"https:\/\/www.europesays.com\/es\/wp-content\/uploads\/2025\/12\/15e0ca82-f5b4-4da3-b0f5-e99977524ab7_alta-libre-aspect-ratio_default_0.jpg\" width=\"1200\" height=\"900\" alt=\"Los m\u00e9dicos creen que la mascarilla debe ser obligatoria en los espacios sanitarios\" class=\"ft-helper-img-rd\" loading=\"lazy\"\/><\/p>\n<p class=\"ft-helper-fontColor-quaternary ft-helper-fontSize-body-S ft-helper-spacer-t-xxs\">Los m\u00e9dicos creen que la mascarilla debe ser obligatoria en los espacios sanitarios  \/ Pilar Cort\u00e9s<\/p>\n<p>\u00abCatarros floridos\u00bb<\/p>\n<p class=\"ft-text\">Como es habitual los casos m\u00e1s graves se dan en mayores y m\u00e1s leves en gente joven, coincide con la doctora Medina. \u00abHemos dejado de ver cuadros de <a class=\"ft-link ft-link--decoration\" href=\"https:\/\/www.informacion.es\/alicante\/2025\/11\/13\/gastroenteritis-ninos-covid-adolescentes-alicante-sanidad-123676244.html\" rel=\"nofollow noopener\" target=\"_blank\">gastroenteritis <\/a>y amigdalitis, y hemos pasado a los catarros &#8216;floridos&#8217;, de tos, rinorrea y dificultad respiratoria. Aqu\u00ed cobran importancia las personas\u00a0fr\u00e1giles, con asma, EPOC o insuficiencia card\u00edaca, en las que se agrava su patolog\u00eda de base\u00bb.<\/p>\n<p><img decoding=\"async\" src=\"https:\/\/www.europesays.com\/es\/wp-content\/uploads\/2025\/12\/5e57d52c-65af-4473-abba-cf53efeb6e14_alta-libre-aspect-ratio_default_0.jpg\" width=\"1200\" height=\"900\" alt=\"El doctor Pablo Sanz\" class=\"ft-helper-img-rd\" loading=\"lazy\"\/><\/p>\n<p class=\"ft-helper-fontColor-quaternary ft-helper-fontSize-body-S ft-helper-spacer-t-xxs\">El doctor Pablo Sanz  \/ INFORMACI\u00d3N<\/p>\n<blockquote class=\"ft-mol-quote\" data-aida-quote=\"\"><p>La vacunaci\u00f3n es lo que a d\u00eda de hoy salva vidas<\/p>\n<p class=\"ft-mol-quote__author--name\">Doctor Pablo Sanz<\/p>\n<p class=\"ft-mol-quote__author--status\">\u2014 Vicesecretario de la Sociedad de Medicina Familiar y Comunitaria<\/p>\n<\/blockquote>\n<p class=\"ft-text\">Las hospitalizaciones, se\u00f1ala, no han alcanzado su tope, ni siquiera la ola de gripe y de virus respiratorios. Se calcula que ser\u00e1 en una o dos semanas que es el tiempo que tardan los ni\u00f1os, que han saturado Pediatr\u00eda en los \u00faltimos d\u00edas, en ser vectores de estos virus.<\/p>\n<p>Falta de camas en el Hospital de Sant Joan<\/p>\n<p class=\"ft-text\">La presi\u00f3n arranca moderada este viernes en el Hospital de Alicante. No hay pacientes a la espera de cama en planta pero<strong> por las tardes la presi\u00f3n asistencial aumenta<\/strong>. En el de Sant Joan hay \u00abbastante presi\u00f3n y faltan refuerzos de personal de todas las categor\u00edas\u00bb, explican desde CC OO. UGT apunta que <strong>Pediatr\u00eda est\u00e1 sin camas, <\/strong>con ni\u00f1os ocupando las del hospital de d\u00eda pedi\u00e1trico, las urgencias infantiles desbordadas y falta de camas en el centro en general. En Elche, pese a los picos de gripe, <strong>Pediatr\u00eda <\/strong>funciona con relativa normalidad. \u00abEn adultos es otro tema, est\u00e1n saltando citas de algunos m\u00e9dicos para enero y se est\u00e1 complicando\u00bb. En el Hospital de Torrevieja suman 15 <strong>pacientes sin cama<\/strong> y presi\u00f3n asistencial alta. \u00abNo hay refuerzo de personal\u00bb.<\/p>\n<p class=\"ft-text\">Frente a esto, la estrategia clave, recuerda el doctor, es la vacunaci\u00f3n contra la gripe y el covid para la poblaci\u00f3n en general; y a partir de los 65 a\u00f1os tambi\u00e9n de <strong>neumococo <\/strong>y del respiratorio sincitial, \u00abque en adultos lleva introducida en el calendario poco tiempo pero que tiene much\u00edsima evidencia y permite reducir las tasas de hospitalizaci\u00f3n y de muerte\u00bb por bronquiolitis. \u00abLa vacunaci\u00f3n es lo que a d\u00eda de hoy salva vidas\u00bb, recalca.<\/p>\n<p data-close=\"closedContent\" class=\"subscribeHideForDisplay\">Suscr\u00edbete para seguir leyendo<\/p>\n","protected":false},"excerpt":{"rendered":"La explosi\u00f3n de casos de gripe se ha adelantado este a\u00f1o y presiona ya los servicios de salud,&hellip;\n","protected":false},"author":2,"featured_media":272765,"comment_status":"","ping_status":"","sticky":false,"template":"","format":"standard","meta":{"footnotes":""},"categories":[92],"tags":[2206,66816,25,24,7749,165,6016,25362,1817,31023,166,1811,47415,23,12353,7589,2275],"class_list":{"0":"post-272764","1":"post","2":"type-post","3":"status-publish","4":"format-standard","5":"has-post-thumbnail","7":"category-salud","8":"tag-alicante","9":"tag-autobaja","10":"tag-es","11":"tag-espana","12":"tag-gripe","13":"tag-health","14":"tag-medicos","15":"tag-oleada","16":"tag-pacientes","17":"tag-reclaman","18":"tag-salud","19":"tag-sanidad","20":"tag-sanidad-en-alicante","21":"tag-spain","22":"tag-urgencias","23":"tag-vacunacion","24":"tag-virus"},"share_on_mastodon":{"url":"https:\/\/pubeurope.com\/@es\/115667829750703679","error":""},"_links":{"self":[{"href":"https:\/\/www.europesays.com\/es\/wp-json\/wp\/v2\/posts\/272764","targetHints":{"allow":["GET"]}}],"collection":[{"href":"https:\/\/www.europesays.com\/es\/wp-json\/wp\/v2\/posts"}],"about":[{"href":"https:\/\/www.europesays.com\/es\/wp-json\/wp\/v2\/types\/post"}],"author":[{"embeddable":true,"href":"https:\/\/www.europesays.com\/es\/wp-json\/wp\/v2\/users\/2"}],"replies":[{"embeddable":true,"href":"https:\/\/www.europesays.com\/es\/wp-json\/wp\/v2\/comments?post=272764"}],"version-history":[{"count":0,"href":"https:\/\/www.europesays.com\/es\/wp-json\/wp\/v2\/posts\/272764\/revisions"}],"wp:featuredmedia":[{"embeddable":true,"href":"https:\/\/www.europesays.com\/es\/wp-json\/wp\/v2\/media\/272765"}],"wp:attachment":[{"href":"https:\/\/www.europesays.com\/es\/wp-json\/wp\/v2\/media?parent=272764"}],"wp:term":[{"taxonomy":"category","embeddable":true,"href":"https:\/\/www.europesays.com\/es\/wp-json\/wp\/v2\/categories?post=272764"},{"taxonomy":"post_tag","embeddable":true,"href":"https:\/\/www.europesays.com\/es\/wp-json\/wp\/v2\/tags?post=272764"}],"curies":[{"name":"wp","href":"https:\/\/api.w.org\/{rel}","templated":true}]}}