{"id":272770,"date":"2025-12-05T16:11:12","date_gmt":"2025-12-05T16:11:12","guid":{"rendered":"https:\/\/www.europesays.com\/es\/272770\/"},"modified":"2025-12-05T16:11:12","modified_gmt":"2025-12-05T16:11:12","slug":"que-supermercados-abren-durante-el-puente-de-diciembre-horarios-de-mercadona-carrefour-o-lidl","status":"publish","type":"post","link":"https:\/\/www.europesays.com\/es\/272770\/","title":{"rendered":"Qu\u00e9 supermercados abren durante el puente de diciembre: horarios de Mercadona, Carrefour o Lidl"},"content":{"rendered":"<p class=\"articleParagraph\">Con la llegada del <b>puente de diciembre, hay quienes dejan sus compras para los d\u00edas libres<\/b>, en este caso, para los d\u00edas festivos. Pero son muchas las tiendas y los supermercados que <b>cierran sus puertas de cara al puente<\/b> o, en cambio, est\u00e1n los que modifican su horario de apertura.<\/p>\n<p class=\"articleParagraph\">Este a\u00f1o, <b>al haber ca\u00eddo el puente en fin de semana y siendo el s\u00e1bado festivo nacional<\/b>, son varias las cadenas de supermercados que han cambiado el horario. Por lo que es importante que, aquellos que vayan a realizar sus compras navide\u00f1as, tengan en cuenta <b>c\u00f3mo se establecen los horarios<\/b>.<\/p>\n<p>Los horarios de Mercadona durante el puente<\/p>\n<p class=\"articleParagraph\">Pese a que el supermercado valenciano tenga una <b>clara pol\u00edtica de horarios abriendo de lunes a s\u00e1bado hasta las 21:30<\/b>, este puente har\u00e1 una excepci\u00f3n para evitar tres d\u00edas seguidos de cierre. En esta ocasi\u00f3n, <b>Mercadona abrir\u00e1 sus puertas el s\u00e1bado 6 de diciembre en su horario habitual<\/b> y en todo el territorio nacional. Aunque, como es normal en Mercadona, el domingo permanecer\u00e1 cerrado y el lunes, tambi\u00e9n festivo nacional, respetar\u00e1 el d\u00eda de fiesta.<\/p>\n<p>El horario que tendr\u00e1 Lidl en el puente de diciembre<\/p>\n<p class=\"articleParagraph\">Por su parte, <b>Lidl abrir\u00e1 sus puertas, como es habitual, de 9:00 a 22:00 de lunes a s\u00e1bado<\/b>, por lo que la mayor\u00eda de los supermercados s\u00ed que abrir\u00e1n el s\u00e1bado 6 de diciembre. En cambio, <b>de cara al lunes 8, pese a ser festivo, Lidl abrir\u00e1 algunos de sus establecimientos<\/b>, aunque en horario reducido. Lo m\u00e1s seguro, seg\u00fan la empresa, es consultar el localizador de supermercados para saber qu\u00e9 tiendas abren durante el segundo festivo.<\/p>\n<p>Horario de Carrefour el 6 y 8 de diciembre<\/p>\n<p class=\"articleParagraph\">Carrefour y todas sus variantes (Hipermercado, Market, Express, City, Contact y Bio) abrir\u00e1n ambos d\u00edas, <b>tanto el 6 como el 8 de diciembre y, seg\u00fan la empresa, en horario completo<\/b>. Sus centros Express, al abrir todos los d\u00edas del a\u00f1o, tambi\u00e9n tendr\u00e1n apertura durante todo el puente en funci\u00f3n de la ciudad. Aunque, como avisa Carrefour, <b>algunas tiendas pueden tener horarios reducidos, por lo que recomiendan consultarlos en su buscador<\/b>. El lunes, aunque estar\u00e1n abiertos la mayor\u00eda de los hipermercados, algunos lo har\u00e1n en horario reducido, especialmente los locales m\u00e1s peque\u00f1os.<\/p>\n","protected":false},"excerpt":{"rendered":"Con la llegada del puente de diciembre, hay quienes dejan sus compras para los d\u00edas libres, en este&hellip;\n","protected":false},"author":2,"featured_media":272771,"comment_status":"","ping_status":"","sticky":false,"template":"","format":"standard","meta":{"footnotes":""},"categories":[80],"tags":[82,95,94,25,24,23],"class_list":{"0":"post-272770","1":"post","2":"type-post","3":"status-publish","4":"format-standard","5":"has-post-thumbnail","7":"category-economia","8":"tag-business","9":"tag-economia","10":"tag-economy","11":"tag-es","12":"tag-espana","13":"tag-spain"},"share_on_mastodon":{"url":"https:\/\/pubeurope.com\/@es\/115667841038743224","error":""},"_links":{"self":[{"href":"https:\/\/www.europesays.com\/es\/wp-json\/wp\/v2\/posts\/272770","targetHints":{"allow":["GET"]}}],"collection":[{"href":"https:\/\/www.europesays.com\/es\/wp-json\/wp\/v2\/posts"}],"about":[{"href":"https:\/\/www.europesays.com\/es\/wp-json\/wp\/v2\/types\/post"}],"author":[{"embeddable":true,"href":"https:\/\/www.europesays.com\/es\/wp-json\/wp\/v2\/users\/2"}],"replies":[{"embeddable":true,"href":"https:\/\/www.europesays.com\/es\/wp-json\/wp\/v2\/comments?post=272770"}],"version-history":[{"count":0,"href":"https:\/\/www.europesays.com\/es\/wp-json\/wp\/v2\/posts\/272770\/revisions"}],"wp:featuredmedia":[{"embeddable":true,"href":"https:\/\/www.europesays.com\/es\/wp-json\/wp\/v2\/media\/272771"}],"wp:attachment":[{"href":"https:\/\/www.europesays.com\/es\/wp-json\/wp\/v2\/media?parent=272770"}],"wp:term":[{"taxonomy":"category","embeddable":true,"href":"https:\/\/www.europesays.com\/es\/wp-json\/wp\/v2\/categories?post=272770"},{"taxonomy":"post_tag","embeddable":true,"href":"https:\/\/www.europesays.com\/es\/wp-json\/wp\/v2\/tags?post=272770"}],"curies":[{"name":"wp","href":"https:\/\/api.w.org\/{rel}","templated":true}]}}