{"id":272774,"date":"2025-12-05T16:13:08","date_gmt":"2025-12-05T16:13:08","guid":{"rendered":"https:\/\/www.europesays.com\/es\/272774\/"},"modified":"2025-12-05T16:13:08","modified_gmt":"2025-12-05T16:13:08","slug":"los-whatsapps-de-pradas-revelan-que-el-equipo-de-mazon-sabia-que-habia-un-muerto-por-la-dana-cuatro-horas-antes-de-la-alerta","status":"publish","type":"post","link":"https:\/\/www.europesays.com\/es\/272774\/","title":{"rendered":"Los &#8216;whatsapps&#8217; de Pradas revelan que el equipo de Maz\u00f3n sab\u00eda que hab\u00eda un muerto por la dana cuatro horas antes de la alerta"},"content":{"rendered":"<p style=\"\">Cuatro horas antes de que se lanzase el ES-Alert tard\u00edo que centra la causa judicial sobre la <a href=\"https:\/\/www.abc.es\/noticias\/dana\/\" target=\"_self\" data-voc-vtm-id=\"in-text-traffic\" title=\"dana\" data-mrf-link=\"www.abc.es\" rel=\"nofollow noopener\">dana<\/a>, Emergencias de la Generalitat Valenciana ya sab\u00eda que hab\u00eda <strong>un muerto en la localidad de Utiel<\/strong>, donde la situaci\u00f3n era dram\u00e1tica por el desbordamiento  &#8230; del r\u00edo Magro mucho antes de que la tromba de agua y lodo arrasara los municipios por los que discurre el barranco del Poyo. El equipo de Presidencia, tambi\u00e9n conoc\u00eda ese dato <strong>a las 16.28h del 29 de octubre de 2024<\/strong>. A primera hora, ya se le hab\u00eda perdido la pista a un camionero en l&#8217;Alc\u00fadia.<\/p>\n<p class=\"voc-p\" style=\"\">As\u00ed lo revelan los <a href=\"https:\/\/www.abc.es\/espana\/comunidad-valenciana\/mensajes-whatsapp-pradas-mazon-jefe-gabinete-dana-20251205125132-nt.html\" target=\"_self\" data-voc-vtm-id=\"in-text-traffic\" title=\"mensajes de WhatsApp\" data-mrf-link=\"www.abc.es\" rel=\"nofollow noopener\">mensajes de WhatsApp<\/a> que la entonces consellera responsable de las emergencias Salom\u00e9 Pradas, investigada junto a su ex &#8216;n\u00famero dos&#8217; Emilio Arg\u00fceso, ha aportado a la juez de Catarroja que instruye el procedimiento abierto por presuntos homicidios y lesiones por imprudencia. Unas comunicaciones de las que se desconoc\u00eda su existencia hasta que Pradas hizo referencia a ellas en una entrevista en televisi\u00f3n.<\/p>\n<p class=\"voc-p\" style=\"\">\u00abNos informan de un fallecido en Utiel\u00bb, indic\u00f3 la exconsellera a Jos\u00e9 Manuel Cuenca, jefe de gabinete del hasta ahora presidente de la Generalitat Carlos Maz\u00f3n. El mismo que, seg\u00fan Pradas, le pidi\u00f3 que no molestara a Maz\u00f3n alrededor de las 14h y al que hab\u00eda enviado el mismo mensaje que al presidente unos minutos despu\u00e9s de esa hora: <strong>\u00abLa cosa se complica en Utiel\u00bb<\/strong>. A las 15h, de hecho, se decidi\u00f3 movilizar a la Unidad Militar de Emergencias (UME), con la gente pidiendo auxilio en los tejados. Maz\u00f3n ya estaba entonces comiendo en el restaurante El Ventorro.<\/p>\n<p class=\"voc-p\" style=\"\">A las 16.43h, Cuenca -sin hacer referencia al fallecido- le reenvi\u00f3 a Pradas un mensaje del \u00abpresi\u00bb: <strong>\u00abIgual a las 19 horas vamos al 112\u00bb<\/strong>. All\u00ed estaba reunido el Centro de Coordinaci\u00f3n Operativa Integrado (Cecopi), el \u00f3rgano que gestionaba la crisis. Sin embargo, Maz\u00f3n alarg\u00f3 la sobremesa hasta casi esa hora y despu\u00e9s acompa\u00f1\u00f3 a la periodista con la que almorz\u00f3 al aparcamiento en el que hab\u00eda estacionado su coche. Maribel Vilaplana sali\u00f3 del parking a las 19.48h y el expresidente no lleg\u00f3 al edificio de l&#8217;Eliana hasta las 20.28h, diecisiete minutos despu\u00e9s de lanzarse el ES-Alert.<\/p>\n<p class=\"voc-p\" style=\"\">El bar\u00f3n del PP ha defendido que no tuvo confirmaci\u00f3n de fallecidos hasta la medianoche, cuando lo se\u00f1al\u00f3 en una comparecencia ante los medios. El documento con el que el subdirector general de Emergencias, Jorge Su\u00e1rez, pidi\u00f3 movilizar a la UME a toda la provincia, a las 20.30h, s\u00ed indicaba que la existencia de v\u00edctimas mortales.<\/p>\n","protected":false},"excerpt":{"rendered":"Cuatro horas antes de que se lanzase el ES-Alert tard\u00edo que centra la causa judicial sobre la dana,&hellip;\n","protected":false},"author":2,"featured_media":272775,"comment_status":"","ping_status":"","sticky":false,"template":"","format":"standard","meta":{"footnotes":""},"categories":[8],"tags":[66819,17,18,1681,622,25,24,13,14,11,297,19,20,1439,5555,9,10,15,16,57167,846,980,23,12,21,22,4802,137],"class_list":{"0":"post-272774","1":"post","2":"type-post","3":"status-publish","4":"format-standard","5":"has-post-thumbnail","7":"category-espana","8":"tag-66819","9":"tag-breaking-news","10":"tag-breakingnews","11":"tag-dana","12":"tag-equipo","13":"tag-es","14":"tag-espana","15":"tag-featured-news","16":"tag-featurednews","17":"tag-headlines","18":"tag-horas","19":"tag-latest-news","20":"tag-latestnews","21":"tag-mazon","22":"tag-muerto","23":"tag-news","24":"tag-noticias","25":"tag-noticias-destacadas","26":"tag-noticiasdestacadas","27":"tag-pradas","28":"tag-revelan","29":"tag-sabia","30":"tag-spain","31":"tag-titulares","32":"tag-ultimas-noticias","33":"tag-ultimasnoticias","34":"tag-utiel","35":"tag-whatsapp"},"share_on_mastodon":{"url":"https:\/\/pubeurope.com\/@es\/115667848775274874","error":""},"_links":{"self":[{"href":"https:\/\/www.europesays.com\/es\/wp-json\/wp\/v2\/posts\/272774","targetHints":{"allow":["GET"]}}],"collection":[{"href":"https:\/\/www.europesays.com\/es\/wp-json\/wp\/v2\/posts"}],"about":[{"href":"https:\/\/www.europesays.com\/es\/wp-json\/wp\/v2\/types\/post"}],"author":[{"embeddable":true,"href":"https:\/\/www.europesays.com\/es\/wp-json\/wp\/v2\/users\/2"}],"replies":[{"embeddable":true,"href":"https:\/\/www.europesays.com\/es\/wp-json\/wp\/v2\/comments?post=272774"}],"version-history":[{"count":0,"href":"https:\/\/www.europesays.com\/es\/wp-json\/wp\/v2\/posts\/272774\/revisions"}],"wp:featuredmedia":[{"embeddable":true,"href":"https:\/\/www.europesays.com\/es\/wp-json\/wp\/v2\/media\/272775"}],"wp:attachment":[{"href":"https:\/\/www.europesays.com\/es\/wp-json\/wp\/v2\/media?parent=272774"}],"wp:term":[{"taxonomy":"category","embeddable":true,"href":"https:\/\/www.europesays.com\/es\/wp-json\/wp\/v2\/categories?post=272774"},{"taxonomy":"post_tag","embeddable":true,"href":"https:\/\/www.europesays.com\/es\/wp-json\/wp\/v2\/tags?post=272774"}],"curies":[{"name":"wp","href":"https:\/\/api.w.org\/{rel}","templated":true}]}}