{"id":272781,"date":"2025-12-05T16:22:10","date_gmt":"2025-12-05T16:22:10","guid":{"rendered":"https:\/\/www.europesays.com\/es\/272781\/"},"modified":"2025-12-05T16:22:10","modified_gmt":"2025-12-05T16:22:10","slug":"repesa-abandona-el-club-pese-al-rechazo-a-su-renuncia-y-alibegovic-es-apartado","status":"publish","type":"post","link":"https:\/\/www.europesays.com\/es\/272781\/","title":{"rendered":"Repesa abandona el club pese al rechazo a su renuncia y Alibegovic es apartado"},"content":{"rendered":"<p>El <strong>Trapani Shark<\/strong> vive uno de los momentos m\u00e1s convulsos de su etapa reciente tras la salida del entrenador <strong>Jasmin Repesa<\/strong>, quien decidi\u00f3 abandonar el banquillo de forma unilateral, ya que el club hab\u00eda rechazado su renuncia inicial. La situaci\u00f3n est\u00e1 marcada por latentes problemas econ\u00f3micos y tensiones internas.<\/p>\n<p>El club siciliano anunci\u00f3 este jueves que el t\u00e9cnico croata se march\u00f3 igualmente tras presentar su renuncia. La entidad hab\u00eda decidido no aceptarla, negando que existiera cualquier tipo de incumplimiento contractual. <\/p>\n<p>En su <a href=\"https:\/\/trapanishark.it\/comunicati\/la-posizione-ufficiale-della-trapani-shark\/\" rel=\"nofollow noopener\" target=\"_blank\">comunicado<\/a>, Trapani subray\u00f3 que se reserva el derecho de emprender acciones legales debido a <strong>una salida \u00abescap\u00e1ndose sin despedirse de nadie, <\/strong>ni siquiera de aquellos a quienes consideraba su \u2018GENTE\u2019, como ha sucedido en numerosas ocasiones a lo largo de su carrera, neg\u00e1ndose incluso a hablar directamente por tel\u00e9fono con el presidente Antonini\u00bb.<\/p>\n<p>A esta situaci\u00f3n se suma un nuevo foco de inestabilidad: <strong>Amar Alibegovic<\/strong>, capit\u00e1n del equipo hasta ahora, ha sido apartado de su rol y deber\u00e1 entrenar de manera individual hasta nuevo aviso. El club comunic\u00f3 su decisi\u00f3n tambi\u00e9n este jueves.<\/p>\n<p>M\u00e1s | <a href=\"https:\/\/www.gigantes.com\/euroliga\/quien-es-amar-alibegovic\/\" rel=\"nofollow noopener\" target=\"_blank\">Qui\u00e9n es Amar Alibegovic, el ala-p\u00edvot que suena para llegar a la Euroliga<\/a><\/p>\n<p>Esta situaci\u00f3n nace de los problemas presupuestarios que Trapani Shark arrastra desde el inicio de la campa\u00f1a. El propio presidente, <strong>Valerio Antonini<\/strong>, reconoci\u00f3 p\u00fablicamente semanas atr\u00e1s las dificultades financieras que atraviesa la entidad y asegur\u00f3 que est\u00e1n trabajando para revertir la situaci\u00f3n.<\/p>\n<p>Los <strong>retrasos en los pagos<\/strong> son el punto clave en la decisi\u00f3n de Repesa y Alibegovic de considerarse libres contractualmente. El propio Antonini reaccion\u00f3 este viernes con unas declaraciones contundentes, dirigidas de forma directa tanto al entrenador como al jugador:<\/p>\n<p>\u00ab<strong>Amar Alibegovic no est\u00e1 en absoluto libre<\/strong>. Enviaremos una advertencia legal por cualquier actividad fuera de contrato. \u00c9l y Repesa enviaron una carta indicando que se consideran libres de sus contratos porque alegan que los pagos no se realizaron en las fechas establecidas por sus agentes\u00bb.<\/p>\n<p>\u00abLos llevaremos a la justicia deportiva, y Repesa tambi\u00e9n se enfrentar\u00e1 a la justicia civil para reclamar una indemnizaci\u00f3n sustancial: es el mejor entrenador de la Serie A, pero <strong>ingobernable a nivel humano<\/strong>, y no es la primera vez que act\u00faa de esta manera\u00bb.<\/p>\n<p>La salida de Repesa llega en un momento delicado para el club, inmerso en plena temporada de Basketball Champions League, donde mantiene un <strong>balance de 2-2 en el Grupo D<\/strong>. Sus pr\u00f3ximos duelos ante La Laguna Tenerife y Tofas Bursa ser\u00e1n clave para sus aspiraciones europeas.<\/p>\n<p>En la liga italiana, el Trapani Shark hab\u00eda firmado un notable arranque deportivo (8-1) que le deber\u00eda posicionar como col\u00edder, pero <strong>dos sanciones federativas<\/strong> han desplomado al equipo hasta la quinta posici\u00f3n.<\/p>\n<p>Foto: Basketball Champions League<\/p>\n<p><img decoding=\"async\" src=\"https:\/\/www.europesays.com\/es\/wp-content\/uploads\/2025\/12\/1764951730_477_mtracking.gif\" alt=\"Etiquetas de Mautic\" style=\"display:none;\"\/><\/p>\n","protected":false},"excerpt":{"rendered":"El Trapani Shark vive uno de los momentos m\u00e1s convulsos de su etapa reciente tras la salida del&hellip;\n","protected":false},"author":2,"featured_media":272782,"comment_status":"","ping_status":"","sticky":false,"template":"","format":"standard","meta":{"footnotes":""},"categories":[269],"tags":[299,298,23271,168,25,24,23,167,66821],"class_list":{"0":"post-272781","1":"post","2":"type-post","3":"status-publish","4":"format-standard","5":"has-post-thumbnail","7":"category-baloncesto","8":"tag-baloncesto","9":"tag-basketball","10":"tag-bcl","11":"tag-deportes","12":"tag-es","13":"tag-espana","14":"tag-spain","15":"tag-sports","16":"tag-trapani-shark"},"share_on_mastodon":{"url":"https:\/\/pubeurope.com\/@es\/115667884822832011","error":""},"_links":{"self":[{"href":"https:\/\/www.europesays.com\/es\/wp-json\/wp\/v2\/posts\/272781","targetHints":{"allow":["GET"]}}],"collection":[{"href":"https:\/\/www.europesays.com\/es\/wp-json\/wp\/v2\/posts"}],"about":[{"href":"https:\/\/www.europesays.com\/es\/wp-json\/wp\/v2\/types\/post"}],"author":[{"embeddable":true,"href":"https:\/\/www.europesays.com\/es\/wp-json\/wp\/v2\/users\/2"}],"replies":[{"embeddable":true,"href":"https:\/\/www.europesays.com\/es\/wp-json\/wp\/v2\/comments?post=272781"}],"version-history":[{"count":0,"href":"https:\/\/www.europesays.com\/es\/wp-json\/wp\/v2\/posts\/272781\/revisions"}],"wp:featuredmedia":[{"embeddable":true,"href":"https:\/\/www.europesays.com\/es\/wp-json\/wp\/v2\/media\/272782"}],"wp:attachment":[{"href":"https:\/\/www.europesays.com\/es\/wp-json\/wp\/v2\/media?parent=272781"}],"wp:term":[{"taxonomy":"category","embeddable":true,"href":"https:\/\/www.europesays.com\/es\/wp-json\/wp\/v2\/categories?post=272781"},{"taxonomy":"post_tag","embeddable":true,"href":"https:\/\/www.europesays.com\/es\/wp-json\/wp\/v2\/tags?post=272781"}],"curies":[{"name":"wp","href":"https:\/\/api.w.org\/{rel}","templated":true}]}}