{"id":272790,"date":"2025-12-05T16:28:10","date_gmt":"2025-12-05T16:28:10","guid":{"rendered":"https:\/\/www.europesays.com\/es\/272790\/"},"modified":"2025-12-05T16:28:10","modified_gmt":"2025-12-05T16:28:10","slug":"la-ruta-gastronomica-de-dua-lipa-por-ciudad-de-mexico-tacos-mariscos-y-restaurantes-michelin-gente-y-estilo-de-vida","status":"publish","type":"post","link":"https:\/\/www.europesays.com\/es\/272790\/","title":{"rendered":"La ruta gastron\u00f3mica de Dua Lipa por Ciudad de M\u00e9xico: tacos, mariscos y restaurantes Michelin | Gente y Estilo de vida"},"content":{"rendered":"<p class=\"\">Dua Lipa ha encontrado un hueco en su agenda para pasearse por Ciudad de M\u00e9xico. La cantante lleg\u00f3 a la capital durante el \u00faltimo fin de semana de noviembre para presentarse en el <a href=\"https:\/\/elpais.com\/mexico\/2025-12-03\/bad-bunny-anuncia-que-abrira-asientos-en-la-seccion-los-vecinos-para-sus-conciertos-en-mexico.html\" target=\"_blank\" rel=\"noreferrer nofollow noopener\" title=\"https:\/\/elpais.com\/mexico\/2025-12-03\/bad-bunny-anuncia-que-abrira-asientos-en-la-seccion-los-vecinos-para-sus-conciertos-en-mexico.html\">Estadio GNP<\/a> con motivo de su gira Radical Optimism. Los primeros conciertos se realizaron el lunes 1 y martes 2 de diciembre, mientras que el siguiente est\u00e1 programado para este viernes 5 de diciembre. Entre sus presentaciones, la int\u00e9rprete de Houdini tom\u00f3 unos d\u00edas de descanso y aprovech\u00f3 para visitar algunos restaurantes famosos en la capital, entre ellos Contramar \u2014que se ha vuelto una parada obligatoria desde sus visitas anteriores\u2014 adem\u00e1s de un par de taquer\u00edas.<\/p>\n<p class=\"\">La estrella inglesa tambi\u00e9n <a href=\"https:\/\/elpais.com\/mexico\/2025-12-01\/la-taqueria-temporal-de-dua-lipa-genera-caos-y-furor-en-las-calles-de-ciudad-de-mexico.html\" target=\"_blank\" rel=\"noreferrer nofollow noopener\" title=\"https:\/\/elpais.com\/mexico\/2025-12-01\/la-taqueria-temporal-de-dua-lipa-genera-caos-y-furor-en-las-calles-de-ciudad-de-mexico.html\">abri\u00f3 una taquer\u00eda temporal bautizada La Dua<\/a>, en la colonia Condesa, el barrio bohemio y popular entre los extranjeros y n\u00f3madas digitales. El sitio, ubicado sobre avenida Michoac\u00e1n, casi esquina con Atlixco, ha sido visitado por seguidores de la cantante, influencers y hasta pol\u00edticos, incluidos Jorge \u00c1lvarez M\u00e1ynez y el gobernador de Nuevo Le\u00f3n, Samuel Garc\u00eda. Sin embargo, Dua Lipa a\u00fan no se ha dado la vuelta. <\/p>\n<p>Contramar<\/p>\n<p class=\"\">La primera parada de esta visita fue Contramar, un sitio de mariscos en la calle Durango 200, en Condesa, a solo unos pasos de la Fuente de Cibeles. La primera vez que <a href=\"https:\/\/elpais.com\/gente\/2025-08-22\/un-padre-rockero-varios-records-guinness-y-otras-curiosidades-de-dua-lipa-por-su-30-cumpleanos.html\" target=\"_blank\" rel=\"noreferrer nofollow noopener\" title=\"https:\/\/elpais.com\/gente\/2025-08-22\/un-padre-rockero-varios-records-guinness-y-otras-curiosidades-de-dua-lipa-por-su-30-cumpleanos.html\">Dua Lipa <\/a>visit\u00f3 Contramar fue en 2022. En aquella ocasi\u00f3n vino a la capital por su gira Future Nostalgia, y tambi\u00e9n cant\u00f3 en el Estadio GNP (llamado entonces Foro Sol). En 2024, regres\u00f3 junto a su ahora prometido, el actor y modelo Callum Turner y presumi\u00f3 en sus redes degustar el platillo insignia: tostadas de at\u00fan.<\/p>\n<p>El Califa de Le\u00f3n<\/p>\n<p class=\"\">El Califa de Le\u00f3n se convirti\u00f3 en <a href=\"https:\/\/elpais.com\/mexico\/2024-05-17\/solo-tres-tacos-y-filas-interminables-el-califa-de-leon-la-taqueria-ganadora-de-una-estrella-michelin-con-nombre-de-torero.html\" target=\"_blank\" rel=\"noreferrer nofollow noopener\" title=\"https:\/\/elpais.com\/mexico\/2024-05-17\/solo-tres-tacos-y-filas-interminables-el-califa-de-leon-la-taqueria-ganadora-de-una-estrella-michelin-con-nombre-de-torero.html\">la primera taquer\u00eda en recibir una estrella Michelin<\/a>, en 2024. El sitio es diminuto, no caben m\u00e1s de siete personas sin estar hombro con hombro, y es famoso por sus tacos de bistec, costilla y gaonera. Su popularidad se ha vuelto tan grande que uno de los locales de junto ha habilitado unas mesas para los comensales, que fue donde la cantante comi\u00f3 junto a sus hermanos y amigos, esta vez sin Turner, el mi\u00e9rcoles 3 de diciembre.<\/p>\n<p>Tacos del Valle<\/p>\n<p class=\"\">Previo a su visita al Califa de Le\u00f3n, Lipa visit\u00f3 otra taquer\u00eda: Tacos del Valle, que obtuvieron el reconocimiento Bib gourmand (establecimientos que ofrecen cocina de gran calidad a precios moderados). El sitio se ubica sobre la avenida \u00c1lvaro Obreg\u00f3n 130, en el pasaje comercial El Pari\u00e1n, donde hay una variedad de restaurantes, cafeter\u00edas y hasta joyer\u00edas. <a href=\"https:\/\/elpais.com\/mexico\/opinion\/2025-09-12\/un-paseo-por-las-taquerias-consentidas-de-cinco-colonias-de-la-ciudad-de-mexico.html\" target=\"_blank\" rel=\"noreferrer nofollow noopener\" title=\"https:\/\/elpais.com\/mexico\/opinion\/2025-09-12\/un-paseo-por-las-taquerias-consentidas-de-cinco-colonias-de-la-ciudad-de-mexico.html\">Los tacos son estilo norte\u00f1o<\/a>, con opciones como carne asada, costra de queso, aguacate y papa rallada dorada, o trompo de cerdo a base de pierna, porkbelly y ceniza de chiles. Antes de retirarse, la artista se tom\u00f3 fotos con gente de la taquer\u00eda. <\/p>\n<p>La ruta de 2024<\/p>\n<p class=\"\">A principios del a\u00f1o pasado, Dua Lipa tom\u00f3 unas vacaciones en la capital mexicana. \u201cCiudad de M\u00e9xico para siempre\u201d, escribi\u00f3 entonces en su cuenta de Instagram en la que comparti\u00f3 fotos de su experiencia comiendo una quesadilla de chapulines, de su recorrido por la majestuosa Casa Pedregal del <a href=\"https:\/\/elpais.com\/mexico\/2021-03-23\/el-jardin-secreto-del-arquitecto-mexicano-luis-barragan.html\" target=\"_blank\" rel=\"noreferrer nofollow noopener\" title=\"https:\/\/elpais.com\/mexico\/2021-03-23\/el-jardin-secreto-del-arquitecto-mexicano-luis-barragan.html\">arquitecto mexicano Luis Barrag\u00e1n<\/a>, y su paseo junto a su prometido sobre la plaza R\u00edo de Janeiro, en la colonia Roma norte.<\/p>\n<p class=\"\">Durante aquella visita, la cantante dej\u00f3 una postal que se volvi\u00f3 ic\u00f3nica. En la esquina de las calles Colima y Jalapa, en Roma norte, <a href=\"https:\/\/elpais.com\/gente\/2025-10-20\/callum-turner-y-dua-lipa-se-conocieron-leyendo-el-mismo-capitulo-del-mismo-libro-y-se-dieron-cuenta-de-que-estaban-en-la-misma-pagina.html\" target=\"_blank\" rel=\"noreferrer nofollow noopener\" title=\"https:\/\/elpais.com\/gente\/2025-10-20\/callum-turner-y-dua-lipa-se-conocieron-leyendo-el-mismo-capitulo-del-mismo-libro-y-se-dieron-cuenta-de-que-estaban-en-la-misma-pagina.html\">Lipa y Turner platican <\/a>mientras el actor est\u00e1 recargado sobre un poste: la imagen se inmortaliz\u00f3 en redes porque los usuarios se\u00f1alaban que refleja la expresi\u00f3n mexicana \u201cechando novio\u201d. <\/p>\n","protected":false},"excerpt":{"rendered":"Dua Lipa ha encontrado un hueco en su agenda para pasearse por Ciudad de M\u00e9xico. La cantante lleg\u00f3&hellip;\n","protected":false},"author":2,"featured_media":272791,"comment_status":"","ping_status":"","sticky":false,"template":"","format":"standard","meta":{"footnotes":""},"categories":[170],"tags":[3061,27959,146,147,25,24,256,4475,260,184,185,66822,23],"class_list":{"0":"post-272790","1":"post","2":"type-post","3":"status-publish","4":"format-standard","5":"has-post-thumbnail","7":"category-musica","8":"tag-cantantes","9":"tag-ciudad-de-mexico","10":"tag-entertainment","11":"tag-entretenimiento","12":"tag-es","13":"tag-espana","14":"tag-famosos","15":"tag-gastronomia","16":"tag-gente","17":"tag-music","18":"tag-musica","19":"tag-noticias-de-mexico","20":"tag-spain"},"share_on_mastodon":{"url":"https:\/\/pubeurope.com\/@es\/115667907801646155","error":""},"_links":{"self":[{"href":"https:\/\/www.europesays.com\/es\/wp-json\/wp\/v2\/posts\/272790","targetHints":{"allow":["GET"]}}],"collection":[{"href":"https:\/\/www.europesays.com\/es\/wp-json\/wp\/v2\/posts"}],"about":[{"href":"https:\/\/www.europesays.com\/es\/wp-json\/wp\/v2\/types\/post"}],"author":[{"embeddable":true,"href":"https:\/\/www.europesays.com\/es\/wp-json\/wp\/v2\/users\/2"}],"replies":[{"embeddable":true,"href":"https:\/\/www.europesays.com\/es\/wp-json\/wp\/v2\/comments?post=272790"}],"version-history":[{"count":0,"href":"https:\/\/www.europesays.com\/es\/wp-json\/wp\/v2\/posts\/272790\/revisions"}],"wp:featuredmedia":[{"embeddable":true,"href":"https:\/\/www.europesays.com\/es\/wp-json\/wp\/v2\/media\/272791"}],"wp:attachment":[{"href":"https:\/\/www.europesays.com\/es\/wp-json\/wp\/v2\/media?parent=272790"}],"wp:term":[{"taxonomy":"category","embeddable":true,"href":"https:\/\/www.europesays.com\/es\/wp-json\/wp\/v2\/categories?post=272790"},{"taxonomy":"post_tag","embeddable":true,"href":"https:\/\/www.europesays.com\/es\/wp-json\/wp\/v2\/tags?post=272790"}],"curies":[{"name":"wp","href":"https:\/\/api.w.org\/{rel}","templated":true}]}}