{"id":272796,"date":"2025-12-05T16:31:29","date_gmt":"2025-12-05T16:31:29","guid":{"rendered":"https:\/\/www.europesays.com\/es\/272796\/"},"modified":"2025-12-05T16:31:29","modified_gmt":"2025-12-05T16:31:29","slug":"la-erupcion-volcanica-que-pudo-haber-desatado-la-mortal-plaga-de-la-peste-negra-en-europa","status":"publish","type":"post","link":"https:\/\/www.europesays.com\/es\/272796\/","title":{"rendered":"La erupci\u00f3n volc\u00e1nica que pudo haber desatado la mortal plaga de la peste negra en Europa"},"content":{"rendered":"<p><img fetchpriority=\"high\" decoding=\"async\" src=\"https:\/\/www.europesays.com\/es\/wp-content\/uploads\/2025\/12\/5f623640-d131-11f0-91c0-a3ef1eb0ee2e.jpg.webp.webp\"   alt=\"Ocho personas vestidas con t\u00fanicas blancas y sombreros puntiagudos caminan descalzas en una procesi\u00f3n detr\u00e1s de un grupo de tres hombres con ropa colorida. Los hombres llevan banderas.\" loading=\"eager\" width=\"773\" height=\"435\" style=\"aspect-ratio:773 \/ 435\" class=\"css-1seqhu9\"\/><\/p>\n<p class=\"css-by8ykd\" role=\"text\">Fuente de la imagen, Getty Images<\/p>\n<p>Pie de foto, La peste negra alter\u00f3 fundamentalmente la sociedad medieval.<strong id=\"article-byline\" aria-hidden=\"true\" class=\"css-2ozlq5\">Informaci\u00f3n del art\u00edculo<\/strong><\/p>\n<ul class=\"css-1dlgp3z\">\n<li class=\"css-1s1df59\">\n<ul role=\"list\" class=\"css-z50d25\">\n<li class=\"css-0\">Autor, Helen Briggs<\/li>\n<li class=\"css-k1irjw\">T\u00edtulo del autor,  Corresponsal de Medio Ambiente de la BBC<\/li>\n<\/ul>\n<\/li>\n<li>\n<p>4 diciembre 2025<\/p>\n<\/li>\n<li\/><\/ul>\n<p dir=\"ltr\" class=\"css-s4cjt0 e1yuyadm0\"><b>Una erupci\u00f3n volc\u00e1nica alrededor del a\u00f1o 1345 pudo haber desencadenado una reacci\u00f3n en cadena que provoc\u00f3 la pandemia m\u00e1s mort\u00edfera de Europa, la peste negra, seg\u00fan cient\u00edficos.<\/b><\/p>\n<p dir=\"ltr\" class=\"css-s4cjt0 e1yuyadm0\">Los indicios conservados en los anillos de los \u00e1rboles sugieren que la erupci\u00f3n provoc\u00f3 un cambio clim\u00e1tico dr\u00e1stico y dio lugar a una serie de acontecimientos que llevaron la enfermedad a la Europa medieval.<\/p>\n<p dir=\"ltr\" class=\"css-s4cjt0 e1yuyadm0\">Seg\u00fan esta hip\u00f3tesis, las cenizas y los gases de la erupci\u00f3n volc\u00e1nica causaron descensos extremos de temperatura y provocaron malas cosechas.<\/p>\n<p dir=\"ltr\" class=\"css-s4cjt0 e1yuyadm0\">Para evitar la hambruna, las populosas ciudades-estado italianas se vieron obligadas a importar granos de las zonas que rodean el mar Negro, lo que trajo consigo pulgas portadoras de la peste que tambi\u00e9n transmitieron la enfermedad a Europa.<\/p>\n<p><img decoding=\"async\" src=\"https:\/\/www.europesays.com\/es\/wp-content\/uploads\/2025\/12\/9dacda00-d15d-11f0-a892-01d657345866.png.webp.webp\"   alt=\"Mapa titulado &quot;C\u00f3mo se propag\u00f3 la peste negra por Europa&quot;, que muestra la transmisi\u00f3n de la enfermedad a trav\u00e9s de la red comercial de cereales. El mapa abarca Europa, el Mediterr\u00e1neo y el mar Negro. Se marcan los principales puertos: puntos rojos para los puertos de exportaci\u00f3n (por ejemplo, Tana, Alejandr\u00eda), puntos azules para los puertos de importaci\u00f3n (por ejemplo, Oslo, Mesina) y puntos anaranjados para los centros comerciales (por ejemplo, Venecia, G\u00e9nova, Pisa, Creta). Las flechas negras discontinuas indican la direcci\u00f3n de la propagaci\u00f3n de la peste: comenzando en Tana, en el mar Negro, dirigi\u00e9ndose hacia el suroeste hasta Constantinopla y Creta, luego hacia el oeste hasta Mesina en Sicilia, hacia el norte hasta Pisa y G\u00e9nova, y m\u00e1s al norte hasta Venecia. Desde Italia, las rutas se extienden hacia el noroeste hasta Francia y luego hacia el norte hasta Oslo. Otra ruta va desde Alejandr\u00eda en Egipto hasta Creta y luego se integra en la red comercial del Mediterr\u00e1neo. Un peque\u00f1o mapa insertado destaca la regi\u00f3n dentro de Europa. Fuente: Universidad de Cambridge.\" loading=\"lazy\" width=\"801\" height=\"714\" style=\"aspect-ratio:801 \/ 714\" class=\"css-1seqhu9\"\/><\/p>\n<p dir=\"ltr\" class=\"css-s4cjt0 e1yuyadm0\">Esta \u00abtormenta perfecta\u00bb de impacto clim\u00e1tico, hambruna y comercio nos recuerda c\u00f3mo pueden surgir y propagarse las enfermedades en un mundo globalizado y con temperaturas m\u00e1s elevadas, de acuerdo con expertos.<\/p>\n<p dir=\"ltr\" class=\"css-s4cjt0 e1yuyadm0\">\u00abAunque la coincidencia de factores que contribuyeron a la peste negra parece poco com\u00fan, la probabilidad de que surjan enfermedades zoon\u00f3ticas debido al cambio clim\u00e1tico y se conviertan en pandemias probablemente aumentar\u00e1 en un mundo globalizado\u00bb, afirm\u00f3 Ulf B\u00fcntgen, de la Universidad de Cambridge en Inglaterra.<\/p>\n<p dir=\"ltr\" class=\"css-s4cjt0 e1yuyadm0\">\u00abEsto es especialmente relevante dadas nuestras recientes experiencias con el covid-19\u00bb, a\u00f1adi\u00f3.<\/p>\n<p><img decoding=\"async\" src=\"https:\/\/www.europesays.com\/es\/wp-content\/uploads\/2025\/12\/397e3aa0-cfa6-11f0-932c-9d1f4bca4809.jpg.webp.webp\"   alt=\"Un \u00e1rbol raqu\u00edtico con ramas desnudas y cortas se alza entre las rocas en un valle rocoso y \u00e1rido bajo un cielo azul brillante.\" loading=\"lazy\" width=\"5082\" height=\"2859\" style=\"aspect-ratio:5082 \/ 2859\" class=\"css-1seqhu9\"\/><\/p>\n<p class=\"css-by8ykd\" role=\"text\">Fuente de la imagen, Ulf B\u00fcntgen<\/p>\n<p>Pie de foto, Los anillos de los \u00e1rboles de los Pirineos espa\u00f1oles indican veranos inusualmente fr\u00edos en 1345, 1346 y 1347.<\/p>\n<p dir=\"ltr\" class=\"css-s4cjt0 e1yuyadm0\">La peste negra asol\u00f3 Europa entre 1348 y 1349, y mat\u00f3 a la mitad de la poblaci\u00f3n.<\/p>\n<p dir=\"ltr\" class=\"css-s4cjt0 e1yuyadm0\">La enfermedad fue causada por una bacteria conocida como Yersinia pestis, transmitida por roedores salvajes, como las ratas, y las pulgas.<\/p>\n<p dir=\"ltr\" class=\"css-s4cjt0 e1yuyadm0\">Se cree que el brote comenz\u00f3 en Asia Central y se extendi\u00f3 por todo el mundo a trav\u00e9s del comercio.<\/p>\n<p dir=\"ltr\" class=\"css-s4cjt0 e1yuyadm0\">La secuencia precisa de los acontecimientos que llevaron la enfermedad a Europa, donde murieron millones de personas, ha sido objeto de un exhaustivo estudio por parte de la ciencia.<\/p>\n<p dir=\"ltr\" class=\"css-s4cjt0 e1yuyadm0\">Ahora, investigadores de la Universidad de Cambridge y del Instituto Leibniz para la Historia y la Cultura de Europa Oriental (GWZO) en Leipzig, Alemania, han completado una pieza clave de este rompecabezas.<\/p>\n<p dir=\"ltr\" class=\"css-s4cjt0 e1yuyadm0\">Utilizaron informaci\u00f3n de los anillos de los \u00e1rboles y los n\u00facleos de hielo para examinar las condiciones clim\u00e1ticas en la \u00e9poca de la Peste Negra.<\/p>\n<p dir=\"ltr\" class=\"css-s4cjt0 e1yuyadm0\">Sus pruebas sugieren que la actividad volc\u00e1nica alrededor de 1345 provoc\u00f3 una fuerte ca\u00edda de las temperaturas durante varios a\u00f1os consecutivos debido a la liberaci\u00f3n de ceniza y gases volc\u00e1nicos que bloquearon parte de la luz solar.<\/p>\n<p dir=\"ltr\" class=\"css-s4cjt0 e1yuyadm0\">Esto, a su vez, provoc\u00f3 la p\u00e9rdida de cosechas en toda la regi\u00f3n mediterr\u00e1nea.<\/p>\n<p dir=\"ltr\" class=\"css-s4cjt0 e1yuyadm0\">Para evitar la hambruna, las ciudades-estado italianas comerciaron con productores de grano de la regi\u00f3n del mar Negro, lo que, sin saberlo, permiti\u00f3 que la bacteria mortal se estableciera en Europa.<\/p>\n<p><img decoding=\"async\" src=\"https:\/\/www.europesays.com\/es\/wp-content\/uploads\/2025\/12\/1d343d20-cfad-11f0-932c-9d1f4bca4809.jpg.webp.webp\"   alt=\"El peque\u00f1o insecto sin alas que se alimenta de sangre tiene un color rojo sobre un fondo morado.\" loading=\"lazy\" width=\"957\" height=\"539\" style=\"aspect-ratio:957 \/ 539\" class=\"css-1seqhu9\"\/><\/p>\n<p class=\"css-by8ykd\" role=\"text\">Fuente de la imagen, Getty Images<\/p>\n<p>Pie de foto, Las pulgas transmiten la peste de las ratas infectadas a los humanos.<\/p>\n<p dir=\"ltr\" class=\"css-s4cjt0 e1yuyadm0\">Martin Bauch, historiador especializado en el clima y la epidemiolog\u00eda medievales del GWZO, afirm\u00f3 que los eventos clim\u00e1ticos coincidieron con un \u00abcomplicado sistema de seguridad alimentaria\u00bb, lo que deriv\u00f3 en una \u00abtormenta perfecta\u00bb.<\/p>\n<p dir=\"ltr\" class=\"css-s4cjt0 e1yuyadm0\">\u00abDurante m\u00e1s de un siglo, estas poderosas ciudades-estado italianas hab\u00edan establecido rutas comerciales de larga distancia a trav\u00e9s del Mediterr\u00e1neo y el mar Negro, lo que les permit\u00eda activar un sistema altamente eficiente para prevenir la hambruna\u00bb, explic\u00f3.<\/p>\n<p dir=\"ltr\" class=\"css-s4cjt0 e1yuyadm0\">\u00abPero, en \u00faltima instancia, esto conducir\u00eda, sin querer, a una cat\u00e1strofe mucho mayor\u00bb.<\/p>\n<p dir=\"ltr\" class=\"css-s4cjt0 e1yuyadm0\">Estos hallazgos fueron publicados en la revista cient\u00edfica Communications Earth &amp; Environment.<\/p>\n<p><img decoding=\"async\" src=\"https:\/\/www.europesays.com\/es\/wp-content\/uploads\/2025\/12\/b1fe93a0-d152-11f0-8c06-f5d460985095.png.webp.webp\"   alt=\"&quot;&quot;\" loading=\"lazy\" width=\"800\" height=\"100\" style=\"aspect-ratio:800 \/ 100\" class=\"css-1seqhu9\"\/><\/p>\n<p dir=\"ltr\" class=\"css-s4cjt0 e1yuyadm0\"><a href=\"https:\/\/www.bbc.com\/mundo\/send\/u184973209\" class=\"focusIndicatorReducedWidth css-n8oauk e1h2ur550\" rel=\"nofollow noopener\" target=\"_blank\">Suscr\u00edbete aqu\u00ed<\/a> a nuestro nuevo newsletter para recibir cada viernes una selecci\u00f3n de nuestro mejor contenido de la semana.<\/p>\n<p dir=\"ltr\" class=\"css-s4cjt0 e1yuyadm0\">Y recuerda que puedes recibir notificaciones en nuestra app. Descarga la \u00faltima versi\u00f3n y act\u00edvalas.<\/p>\n","protected":false},"excerpt":{"rendered":"Fuente de la imagen, Getty Images Pie de foto, La peste negra alter\u00f3 fundamentalmente la sociedad medieval.Informaci\u00f3n del&hellip;\n","protected":false},"author":2,"featured_media":272797,"comment_status":"","ping_status":"","sticky":false,"template":"","format":"standard","meta":{"footnotes":""},"categories":[92],"tags":[25,24,165,166,23],"class_list":{"0":"post-272796","1":"post","2":"type-post","3":"status-publish","4":"format-standard","5":"has-post-thumbnail","7":"category-salud","8":"tag-es","9":"tag-espana","10":"tag-health","11":"tag-salud","12":"tag-spain"},"share_on_mastodon":{"url":"https:\/\/pubeurope.com\/@es\/115667920384752856","error":""},"_links":{"self":[{"href":"https:\/\/www.europesays.com\/es\/wp-json\/wp\/v2\/posts\/272796","targetHints":{"allow":["GET"]}}],"collection":[{"href":"https:\/\/www.europesays.com\/es\/wp-json\/wp\/v2\/posts"}],"about":[{"href":"https:\/\/www.europesays.com\/es\/wp-json\/wp\/v2\/types\/post"}],"author":[{"embeddable":true,"href":"https:\/\/www.europesays.com\/es\/wp-json\/wp\/v2\/users\/2"}],"replies":[{"embeddable":true,"href":"https:\/\/www.europesays.com\/es\/wp-json\/wp\/v2\/comments?post=272796"}],"version-history":[{"count":0,"href":"https:\/\/www.europesays.com\/es\/wp-json\/wp\/v2\/posts\/272796\/revisions"}],"wp:featuredmedia":[{"embeddable":true,"href":"https:\/\/www.europesays.com\/es\/wp-json\/wp\/v2\/media\/272797"}],"wp:attachment":[{"href":"https:\/\/www.europesays.com\/es\/wp-json\/wp\/v2\/media?parent=272796"}],"wp:term":[{"taxonomy":"category","embeddable":true,"href":"https:\/\/www.europesays.com\/es\/wp-json\/wp\/v2\/categories?post=272796"},{"taxonomy":"post_tag","embeddable":true,"href":"https:\/\/www.europesays.com\/es\/wp-json\/wp\/v2\/tags?post=272796"}],"curies":[{"name":"wp","href":"https:\/\/api.w.org\/{rel}","templated":true}]}}