{"id":272798,"date":"2025-12-05T16:32:09","date_gmt":"2025-12-05T16:32:09","guid":{"rendered":"https:\/\/www.europesays.com\/es\/272798\/"},"modified":"2025-12-05T16:32:09","modified_gmt":"2025-12-05T16:32:09","slug":"pueden-otras-televisiones-espanolas-emitir-eurovision-si-no-lo-hace-rtve","status":"publish","type":"post","link":"https:\/\/www.europesays.com\/es\/272798\/","title":{"rendered":"\u00bfPueden otras televisiones espa\u00f1olas emitir Eurovisi\u00f3n si no lo hace RTVE?"},"content":{"rendered":"<p>RTVE anunci\u00f3 este jueves que <a href=\"https:\/\/www.huffingtonpost.es\/life\/cultura\/rtve-anuncia-retirada-espana-eurovision-lee-comunicado-completo.html\" rel=\"nofollow noopener\" target=\"_blank\">no participar\u00e1 en el pr\u00f3ximo festival de Eurovisi\u00f3n<\/a> despu\u00e9s de que la Uni\u00f3n Europea de Radiodifusi\u00f3n (UER), ente organizador del certamen, confirmara a su vez la presencia de Israel en el concurso.\u00a0<\/p>\n<p>El certamen musical hab\u00eda aplazado hasta este diciembre la decisi\u00f3n sobre si era conveniente la presencia de la televisi\u00f3n p\u00fablica israel\u00ed por la ofensiva llevada a cabo por el gobierno de este pa\u00eds sobre Gaza, que algunas organizaciones y pa\u00edses han calificado como genocidio.<\/p>\n<p>RTVE solicit\u00f3 por escrito una votaci\u00f3n secreta de todos los miembros sobre esta cuesti\u00f3n durante la Asamblea General de la UER celebrada ayer en Suiza, pero <b>el organismo se neg\u00f3 <\/b>y se limit\u00f3 a someter a \u00abrefer\u00e9ndum\u00bb los cambios en el sistema de votaci\u00f3n que anunci\u00f3 hace dos semanas, pero que no guardan relaci\u00f3n directa sobre la presencia o no de Israel en el festival.<\/p>\n<p>\u00abEsta decisi\u00f3n acrecienta la desconfianza de RTVE en la organizaci\u00f3n del festival y confirma las presiones pol\u00edticas en torno al mismo\u00bb, se\u00f1al\u00f3 la cadena en el posterior comunicado que public\u00f3 anunciando que, por primera vez desde 1961, Espa\u00f1a no participar\u00e1 en Eurovisi\u00f3n.<\/p>\n<p>Como consecuencia de su abandono, R<b>TVE tambi\u00e9n anunci\u00f3 que no emitir\u00e1 ni las semifinales ni la final del concurso. <\/b>Algo que t<a href=\"https:\/\/www.huffingtonpost.es\/life\/espana-dice-bye-bye-eurovision-pierde-mas-rtve-festival-decision.html\" rel=\"nofollow noopener\" target=\"_blank\">endr\u00e1 un gran impacto en los resultados globales de audiencia del festival<\/a>, puesto que<b> Espa\u00f1a fue en 2025 el tercer pa\u00eds que m\u00e1s audiencia aport\u00f3 al concurso<\/b>, s\u00f3lo por detr\u00e1s de Alemania y Reino Unido. Casi seis millones de espectadores siguieron en nuestro pa\u00eds la participaci\u00f3n de Melody, lo que represent\u00f3 alrededor de 10% de la suma total de espectadores a nivel mundial (datos online aparte).<\/p>\n<p>\u00bfUn festival de Eurovisi\u00f3n en Antena 3? \u00bfO en Tele5?<\/p>\n<p>Pero, \u00bfpuede otra cadena espa\u00f1ola emitir Eurovisi\u00f3n ahora que RTVE no lo va a hacer? \u00bfPodr\u00edan Atresmedia, Mediaset o alguna cadena auton\u00f3mica presentar una oferta para adquirir los derechos de retransmisi\u00f3n? <a href=\"https:\/\/eurovision.tv\/about\/rules\" target=\"_blank\" rel=\"nofollow noopener\">Las normas del festival<\/a>, en el apartado referido a derechos intelectuales, se\u00f1alan que \u00ablas cadenas de televisi\u00f3n de pa\u00edses donde los derechos siguen disponibles pueden adquirir de la UER el derecho a transmitir el festival\u00bb y reserva el derecho preferencial para los \u00abmiembros de la UER no participantes\u00bb.\u00a0 En este aspecto, cabe recordar que RTVE es la \u00fanica cadena espa\u00f1ola que forma parte de la UER como miembro de pleno derecho.\u00a0<\/p>\n<p>A preguntas de El HuffPost, RTVE ha declinado hacer comentarios al considerar que no es un \u00abasunto\u00bb suyo. La UER, por su parte, ha respondido a este medio asegurando que <b>los espectadores espa\u00f1oles podr\u00e1n ver las semifinales y la final del concurso a trav\u00e9s del canal oficial de Youtube del festival<\/b> y que podr\u00e1n votar por su candidatura favorita a trav\u00e9s de su app, unos votos que se sumar\u00e1n a los de la audiencia de los otros pa\u00edses que no participan y que se engloban bajo el nombre de \u00abresto del mundo\u00bb. Por lo que de su respuesta se deduce que ninguna otra cadena podr\u00eda comprar los derechos de retransmisi\u00f3n para Espa\u00f1a.<\/p>\n<p>Lo que s\u00ed es seguro es que <b>ning\u00fan otro ente puede enviar un representante espa\u00f1ol al concurso<\/b>, puesto que se te trata de un derecho exclusivo de RTVE como miembro activo de la UER.\u00a0<\/p>\n","protected":false},"excerpt":{"rendered":"RTVE anunci\u00f3 este jueves que no participar\u00e1 en el pr\u00f3ximo festival de Eurovisi\u00f3n despu\u00e9s de que la Uni\u00f3n&hellip;\n","protected":false},"author":2,"featured_media":272799,"comment_status":"","ping_status":"","sticky":false,"template":"","format":"standard","meta":{"footnotes":""},"categories":[91],"tags":[146,147,25,24,24121,23],"class_list":{"0":"post-272798","1":"post","2":"type-post","3":"status-publish","4":"format-standard","5":"has-post-thumbnail","7":"category-entretenimiento","8":"tag-entertainment","9":"tag-entretenimiento","10":"tag-es","11":"tag-espana","12":"tag-eurovision","13":"tag-spain"},"share_on_mastodon":{"url":"https:\/\/pubeurope.com\/@es\/115667923665186798","error":""},"_links":{"self":[{"href":"https:\/\/www.europesays.com\/es\/wp-json\/wp\/v2\/posts\/272798","targetHints":{"allow":["GET"]}}],"collection":[{"href":"https:\/\/www.europesays.com\/es\/wp-json\/wp\/v2\/posts"}],"about":[{"href":"https:\/\/www.europesays.com\/es\/wp-json\/wp\/v2\/types\/post"}],"author":[{"embeddable":true,"href":"https:\/\/www.europesays.com\/es\/wp-json\/wp\/v2\/users\/2"}],"replies":[{"embeddable":true,"href":"https:\/\/www.europesays.com\/es\/wp-json\/wp\/v2\/comments?post=272798"}],"version-history":[{"count":0,"href":"https:\/\/www.europesays.com\/es\/wp-json\/wp\/v2\/posts\/272798\/revisions"}],"wp:featuredmedia":[{"embeddable":true,"href":"https:\/\/www.europesays.com\/es\/wp-json\/wp\/v2\/media\/272799"}],"wp:attachment":[{"href":"https:\/\/www.europesays.com\/es\/wp-json\/wp\/v2\/media?parent=272798"}],"wp:term":[{"taxonomy":"category","embeddable":true,"href":"https:\/\/www.europesays.com\/es\/wp-json\/wp\/v2\/categories?post=272798"},{"taxonomy":"post_tag","embeddable":true,"href":"https:\/\/www.europesays.com\/es\/wp-json\/wp\/v2\/tags?post=272798"}],"curies":[{"name":"wp","href":"https:\/\/api.w.org\/{rel}","templated":true}]}}