{"id":272827,"date":"2025-12-05T16:53:21","date_gmt":"2025-12-05T16:53:21","guid":{"rendered":"https:\/\/www.europesays.com\/es\/272827\/"},"modified":"2025-12-05T16:53:21","modified_gmt":"2025-12-05T16:53:21","slug":"abierto-el-plazo-de-solicitud-de-entradas-para-el-rayo-vallecano-real-betis","status":"publish","type":"post","link":"https:\/\/www.europesays.com\/es\/272827\/","title":{"rendered":"Abierto el plazo de solicitud de entradas para el Rayo Vallecano &#8211; Real Betis"},"content":{"rendered":"<p>El Real Betis Balompi\u00e9 ha abierto el plazo de solicitud de entradas para el partido Rayo Vallecano &#8211; Real Betis, correspondiente a la jornada 16 de la Liga EA SPORTS y que se disputar\u00e1 el pr\u00f3ximo 15 de diciembre a las 21:00 horas en el Estadio de Vallecas.<\/p>\n<p>Dado que el estadio de Vallecas se encuentra en obras y que las gestiones realizadas no han sido todo lo fruct\u00edferas que dese\u00e1bamos, el Club dispone \u00fanicamente de 143 entradas de grada visitante, que tendr\u00e1n un precio de 40 euros y que ser\u00e1n asignadas \u00edntegramente a sus socios. Lamentablemente estas circunstancias impiden que podamos destinar entradas al habitual cupo de pe\u00f1as.<\/p>\n<p>Las entradas se entregar\u00e1n en formato f\u00edsico de manera presencial en el estadio La Cartuja siguiendo las indicaciones y plazos que se especificar\u00e1n a los agraciados.<\/p>\n<p>El proceso de solicitud de estas localidades estar\u00e1 disponible desde hoy viernes 5 de diciembre hasta el pr\u00f3ximo lunes 8 de diciembre a las 23:59 horas. La petici\u00f3n debe realizarse a trav\u00e9s del siguiente <a href=\"https:\/\/sso.realbetisbalompie.es\/?token=eyJhbGciOiJSUzUxMiIsInR5cCI6IkpXVCJ9.eyJ0eXBlIjoidXNlcl9waW5fcGFzcyIsInJldFVSTCI6InNvY2lvcy5yZWFsYmV0aXNiYWxvbXBpZS5lcy9zb2Npb3MvYXJlYS1wcml2YWRhIn0.oRSSk8-LgAAXftMlgw0Wkbe8OoR3vRPL2gC7B6v1Np8B3bfxGrkg60757KyA0-z4PGpcX92KxLXFfNEt7cfeTRs87s135GZXEqck4lVCT63OGaYui8zMIOZ8tQ_zXX6Ve5LG1QQWAvCLTdxjWZ44J-EAsFxJYDVJNsllu84o5CFJZxCp4GCVRrq6oe0fCF-vZ_b5_WjNS4IoFBihM9amoBXcZK98ngLocWdGeGOdQAyGEiexGOK0tIw0wL-zqMtbVuHTtkYKA2m5uAbV7PoGs-_gzvm_kiii5nxTJFe7RmeLY_iFhYN7QCv0TChLSIMmAtL4K-cYpuSCTODcBoBkwg\" target=\"_blank\" style=\"font-weight: bold;\" rel=\"nofollow noopener\">enlace<\/a>\u00a0pulsando en el apartado &#8216;MI BETIS&#8217;, completando la inscripci\u00f3n y haciendo efectivo el pago de la entrada.<\/p>\n<p>El Club efectuar\u00e1 en primer lugar la asignaci\u00f3n de las 72 entradas seg\u00fan el criterio de antig\u00fcedad y, a continuaci\u00f3n, realizar\u00e1 el sorteo de las otras 71 entre el resto de los solicitantes que no hayan podido obtener entrada por el criterio inicial.<\/p>\n<p>Todos los inscritos recibir\u00e1n el martes 9 de diciembre una comunicaci\u00f3n tanto por correo electr\u00f3nico como en su \u00e1rea privada de socios (en el apartado \u00abComunicados\u00bb) donde se les comunicar\u00e1 si han obtenido una localidad o no.<\/p>\n<p>Los que no tengan la suerte de contar con entrada recibir\u00e1n la devoluci\u00f3n del importe abonado. Por su parte, los agraciados deber\u00e1n confirmar en la comunicaci\u00f3n recibida si quieren su localidad de forma definitiva o no en un plazo de 24 horas desde el env\u00edo de dicha comunicaci\u00f3n.<\/p>\n","protected":false},"excerpt":{"rendered":"El Real Betis Balompi\u00e9 ha abierto el plazo de solicitud de entradas para el partido Rayo Vallecano &#8211;&hellip;\n","protected":false},"author":2,"featured_media":272828,"comment_status":"","ping_status":"","sticky":false,"template":"","format":"standard","meta":{"footnotes":""},"categories":[93],"tags":[14295,291,168,25,24,798,286,23,167],"class_list":{"0":"post-272827","1":"post","2":"type-post","3":"status-publish","4":"format-standard","5":"has-post-thumbnail","7":"category-deportes","8":"tag-balompie","9":"tag-betis","10":"tag-deportes","11":"tag-es","12":"tag-espana","13":"tag-real","14":"tag-real-betis-balompie","15":"tag-spain","16":"tag-sports"},"share_on_mastodon":{"url":"https:\/\/pubeurope.com\/@es\/115668006120197057","error":""},"_links":{"self":[{"href":"https:\/\/www.europesays.com\/es\/wp-json\/wp\/v2\/posts\/272827","targetHints":{"allow":["GET"]}}],"collection":[{"href":"https:\/\/www.europesays.com\/es\/wp-json\/wp\/v2\/posts"}],"about":[{"href":"https:\/\/www.europesays.com\/es\/wp-json\/wp\/v2\/types\/post"}],"author":[{"embeddable":true,"href":"https:\/\/www.europesays.com\/es\/wp-json\/wp\/v2\/users\/2"}],"replies":[{"embeddable":true,"href":"https:\/\/www.europesays.com\/es\/wp-json\/wp\/v2\/comments?post=272827"}],"version-history":[{"count":0,"href":"https:\/\/www.europesays.com\/es\/wp-json\/wp\/v2\/posts\/272827\/revisions"}],"wp:featuredmedia":[{"embeddable":true,"href":"https:\/\/www.europesays.com\/es\/wp-json\/wp\/v2\/media\/272828"}],"wp:attachment":[{"href":"https:\/\/www.europesays.com\/es\/wp-json\/wp\/v2\/media?parent=272827"}],"wp:term":[{"taxonomy":"category","embeddable":true,"href":"https:\/\/www.europesays.com\/es\/wp-json\/wp\/v2\/categories?post=272827"},{"taxonomy":"post_tag","embeddable":true,"href":"https:\/\/www.europesays.com\/es\/wp-json\/wp\/v2\/tags?post=272827"}],"curies":[{"name":"wp","href":"https:\/\/api.w.org\/{rel}","templated":true}]}}