{"id":272831,"date":"2025-12-05T16:55:14","date_gmt":"2025-12-05T16:55:14","guid":{"rendered":"https:\/\/www.europesays.com\/es\/272831\/"},"modified":"2025-12-05T16:55:14","modified_gmt":"2025-12-05T16:55:14","slug":"rtve-celebrara-el-benidorm-fest-a-pesar-de-no-ir-a-eurovision-sera-sencillamente-espectacular","status":"publish","type":"post","link":"https:\/\/www.europesays.com\/es\/272831\/","title":{"rendered":"RTVE celebrar\u00e1 el Benidorm Fest a pesar de no ir a Eurovisi\u00f3n: \u00abSer\u00e1 sencillamente espectacular\u00bb"},"content":{"rendered":"<p style=\"\">La jornada de ayer desat\u00f3 una revoluci\u00f3n sin precedentes en el universo eurovisivo:<a href=\"https:\/\/www.abc.es\/play\/television\/eurovision\/revolucion-eurovision-israel-ira-certamen-espana-quedaria-20251204182129-nt.html\" target=\"_self\" data-voc-vtm-id=\"in-text-traffic\" title=\" Israel seguir\u00e1 participando en Eurovisi\u00f3n 2026 tras una votaci\u00f3n interna de la UER\" rel=\"nofollow noopener\"> Israel seguir\u00e1 participando en Eurovisi\u00f3n 2026 tras una votaci\u00f3n interna de la UER<\/a> que ha fracturado al organismo y que ha empujado a Espa\u00f1a a abandonar oficialmente el certamen. RTVE confirm\u00f3  &#8230; minutos despu\u00e9s del resultado que no acudir\u00e1 a la edici\u00f3n del pr\u00f3ximo a\u00f1o ni retransmitir\u00e1 la final ni las semifinales. <\/p>\n<p class=\"voc-p\" style=\"\">Entre los eurofans, una de las grandes dudas que surgi\u00f3 de inmediato fue el futuro del &#8216;Benidorm Fest&#8217;, el evento que desde 2022 serv\u00eda como preselecci\u00f3n espa\u00f1ola. El presidente de RTVE adelant\u00f3 que <strong>s\u00ed habr\u00e1 festival, despejando cualquier interrogante y garantizando su celebraci\u00f3n pese a la retirada de Espa\u00f1a del concurso europeo. <\/strong><\/p>\n<p class=\"voc-p\" style=\"\">\u00abRTVE ha decidido retirarse de Eurovisi\u00f3n pero nuestro compromiso con Benidorm Fest sigue intacto y redoblaremos nuestros esfuerzos. RTVE trabaja para que este 2026 tengamos el mejor Benidorm Fest de nuestra historia y seguiremos dando lo mejor para su consolidaci\u00f3n como el gran festival de la m\u00fasica en Espa\u00f1a. <a href=\"https:\/\/www.abc.es\/play\/television\/eurovision\/jose-pablo-lopez-tras-retirada-rtve-eurovision-20251204193836-nt.html\" target=\"_self\" data-voc-vtm-id=\"in-text-traffic\" title=\"Ser\u00e1 sencillamente espectacular\u00bb\" data-mrf-link=\"www.abc.es\" rel=\"nofollow noopener\">Ser\u00e1 sencillamente espectacular\u00bb<\/a>, asegur\u00f3 el presidente de RTVE, Jos\u00e9 Pablo L\u00f3pez, a trav\u00e9s de sus redes sociales. <\/p>\n<p class=\"voc-p\" style=\"\">Desde su nacimiento en 2022, el &#8216;Benidorm Fest&#8217; fue concebido precisamente para esto: para escoger, con un proceso propio, competitivo y transparente, la canci\u00f3n que representar\u00eda a Espa\u00f1a en Eurovisi\u00f3n. Organizado por RTVE en colaboraci\u00f3n con la Generalitat Valenciana, el certamen recuper\u00f3 el esp\u00edritu de las grandes preselecciones nacionales y lo adapt\u00f3 a un formato moderno con dos semifinales y una final. Su sistema mixto, con un peso id\u00e9ntico entre el voto del p\u00fablico y el de los jurados profesionales, lo convirti\u00f3 en un laboratorio musical, en una plataforma para nuevos talentos y en un escaparate internacional que situ\u00f3 a la localidad alicantina en el mapa eurovisivo.<\/p>\n<blockquote class=\"twitter-tweet\" data-width=\"550\">\n<p lang=\"es\" dir=\"ltr\">RTVE ha decidido retirarse de Eurovisi\u00f3n pero nuestro compromiso con <a href=\"https:\/\/twitter.com\/hashtag\/BenidormFest?src=hash&amp;ref_src=twsrc%5Etfw\" rel=\"nofollow noopener\" target=\"_blank\">#BenidormFest<\/a> sigue intacto y redoblaremos nuestros esfuerzos.<\/p>\n<p>RTVE trabaja para que este 2026 tengamos el mejor <a href=\"https:\/\/twitter.com\/hashtag\/BenidormFest?src=hash&amp;ref_src=twsrc%5Etfw\" rel=\"nofollow noopener\" target=\"_blank\">#BenidormFest<\/a> de nuestra historia y seguiremos dando lo mejor para su consolidaci\u00f3n como el gran\u2026 <a href=\"https:\/\/t.co\/KGFrPyGyVA\" rel=\"nofollow\">pic.twitter.com\/KGFrPyGyVA<\/a><\/p>\n<p>\u2014 Jos\u00e9 Pablo L\u00f3pez (@Josepablo_ls) <a href=\"https:\/\/twitter.com\/Josepablo_ls\/status\/1996660811847422088?ref_src=twsrc%5Etfw\" rel=\"nofollow noopener\" target=\"_blank\">December 4, 2025<\/a><\/p><\/blockquote>\n<p class=\"voc-p\" style=\"\">A d\u00eda de hoy, sin embargo, todav\u00eda quedan inc\u00f3gnitas abiertas. No se conoce qu\u00e9 galard\u00f3n recibir\u00e1n los premiados m\u00e1s all\u00e1 del tradicional micr\u00f3fono de bronce, ni si el formato mantendr\u00e1 todos sus elementos habituales mientras Espa\u00f1a permanezca fuera del festival. <strong>La UER ha fijado el 10 de diciembre como fecha l\u00edmite para que los pa\u00edses confirmen oficialmente su participaci\u00f3n<\/strong>, un plazo que deja abierta \u2014al menos sobre el papel\u2014 la posibilidad de alg\u00fan giro inesperado. Hasta entonces, el &#8216;Benidorm Fest&#8217; avanza hacia su pr\u00f3xima edici\u00f3n con certezas limitadas y un escenario in\u00e9dito en su corta historia.<\/p>\n<p><script async src=\"https:\/\/platform.twitter.com\/widgets.js\" charset=\"utf-8\"><\/script><\/p>\n","protected":false},"excerpt":{"rendered":"La jornada de ayer desat\u00f3 una revoluci\u00f3n sin precedentes en el universo eurovisivo: Israel seguir\u00e1 participando en Eurovisi\u00f3n&hellip;\n","protected":false},"author":2,"featured_media":272832,"comment_status":"","ping_status":"","sticky":false,"template":"","format":"standard","meta":{"footnotes":""},"categories":[91],"tags":[7092,2230,146,147,25,24,5604,24121,4139,11110,518,66823,23],"class_list":{"0":"post-272831","1":"post","2":"type-post","3":"status-publish","4":"format-standard","5":"has-post-thumbnail","7":"category-entretenimiento","8":"tag-benidorm","9":"tag-celebrara","10":"tag-entertainment","11":"tag-entretenimiento","12":"tag-es","13":"tag-espana","14":"tag-espectacular","15":"tag-eurovision","16":"tag-fest","17":"tag-pesar","18":"tag-rtve","19":"tag-sencillamente","20":"tag-spain"},"share_on_mastodon":{"url":"https:\/\/pubeurope.com\/@es\/115668013924214369","error":""},"_links":{"self":[{"href":"https:\/\/www.europesays.com\/es\/wp-json\/wp\/v2\/posts\/272831","targetHints":{"allow":["GET"]}}],"collection":[{"href":"https:\/\/www.europesays.com\/es\/wp-json\/wp\/v2\/posts"}],"about":[{"href":"https:\/\/www.europesays.com\/es\/wp-json\/wp\/v2\/types\/post"}],"author":[{"embeddable":true,"href":"https:\/\/www.europesays.com\/es\/wp-json\/wp\/v2\/users\/2"}],"replies":[{"embeddable":true,"href":"https:\/\/www.europesays.com\/es\/wp-json\/wp\/v2\/comments?post=272831"}],"version-history":[{"count":0,"href":"https:\/\/www.europesays.com\/es\/wp-json\/wp\/v2\/posts\/272831\/revisions"}],"wp:featuredmedia":[{"embeddable":true,"href":"https:\/\/www.europesays.com\/es\/wp-json\/wp\/v2\/media\/272832"}],"wp:attachment":[{"href":"https:\/\/www.europesays.com\/es\/wp-json\/wp\/v2\/media?parent=272831"}],"wp:term":[{"taxonomy":"category","embeddable":true,"href":"https:\/\/www.europesays.com\/es\/wp-json\/wp\/v2\/categories?post=272831"},{"taxonomy":"post_tag","embeddable":true,"href":"https:\/\/www.europesays.com\/es\/wp-json\/wp\/v2\/tags?post=272831"}],"curies":[{"name":"wp","href":"https:\/\/api.w.org\/{rel}","templated":true}]}}