{"id":272839,"date":"2025-12-05T16:59:09","date_gmt":"2025-12-05T16:59:09","guid":{"rendered":"https:\/\/www.europesays.com\/es\/272839\/"},"modified":"2025-12-05T16:59:09","modified_gmt":"2025-12-05T16:59:09","slug":"la-investigacion-del-nino-asesinado-en-almeria-revela-indicios-de-agresion-sexual","status":"publish","type":"post","link":"https:\/\/www.europesays.com\/es\/272839\/","title":{"rendered":"La investigaci\u00f3n del ni\u00f1o asesinado en Almer\u00eda revela indicios de agresi\u00f3n sexual"},"content":{"rendered":"<p>La investigaci\u00f3n sobre la muerte de Lucas, el <strong>ni\u00f1o de 4 a\u00f1os<\/strong> hallado sin vida en Garrucha (Almer\u00eda), apunta a que el peque\u00f1o <strong>pudo sufrir una agresi\u00f3n sexual antes de fallecer.<\/strong> As\u00ed lo se\u00f1alan fuentes conocedoras del caso en medios espa\u00f1oles, que advierten de que las conclusiones definitivas depender\u00e1n del informe forense que est\u00e1 a punto de cerrarse.<\/p>\n<p>Las primeras <strong>evidencias<\/strong> coinciden con la <strong>l\u00ednea de trabajo de los investigadores<\/strong>, que tratan de esclarecer todas las circunstancias del crimen. Mientras tanto, la madre del menor, de 21 a\u00f1os, y su pareja sentimental (que no es el padre del menor) contin\u00faan detenidos en dependencias de la <a href=\"https:\/\/es.euronews.com\/tag\/guardia-civil\" rel=\"nofollow noopener\" target=\"_blank\">Guardia Civil<\/a>. Ambos podr\u00edan ser puestos ante el juez este s\u00e1bado, seg\u00fan avanz\u00f3 el subdelegado del Gobierno en Almer\u00eda, Jos\u00e9 Mar\u00eda Mart\u00edn.<\/p>\n<p>En paralelo, el <strong>Tribunal Superior de Justicia de Andaluc\u00eda<\/strong> ha confirmado que, semanas antes del suceso, un juzgado de Vera dict\u00f3 una <strong>orden de alejamiento contra el hombre ahora arrestado<\/strong>. La medida lo obligaba a mantenerse a <strong>distancia tanto de la madre como del peque\u00f1o<\/strong>, un extremo que los agentes analizan para recomponer el contexto familiar previo a los hechos.<\/p>\n<p>El <strong>caso se activ\u00f3 despu\u00e9s de que el padre denunciara la desaparici\u00f3n del menor<\/strong>, lo que desencaden\u00f3 un operativo de b\u00fasqueda que finaliz\u00f3 con el hallazgo del cad\u00e1ver entre Garrucha y Moj\u00e1car. La madre y su pareja resid\u00edan en Vera, aunque manten\u00edan v\u00ednculos habituales con la zona donde fue encontrado el cuerpo, seg\u00fan distintas fuentes consultadas.<\/p>\n<p>El subdelegado del Gobierno ha pedido prudencia ante las informaciones que est\u00e1n trascendiendo y ha insistido en <strong>evitar especulaciones hasta que concluya la instrucci\u00f3n<\/strong>. Tambi\u00e9n ha expresado su pesar por esta \u00abtragedia\u00bb y ha recordado que la difusi\u00f3n de im\u00e1genes del menor en redes sociales puede acarrear responsabilidades legales.<\/p>\n","protected":false},"excerpt":{"rendered":"La investigaci\u00f3n sobre la muerte de Lucas, el ni\u00f1o de 4 a\u00f1os hallado sin vida en Garrucha (Almer\u00eda),&hellip;\n","protected":false},"author":2,"featured_media":272840,"comment_status":"","ping_status":"","sticky":false,"template":"","format":"standard","meta":{"footnotes":""},"categories":[8],"tags":[12915,17,18,25,24,13,14,11,19,20,9,2932,10,15,16,23,12,21,22,432],"class_list":{"0":"post-272839","1":"post","2":"type-post","3":"status-publish","4":"format-standard","5":"has-post-thumbnail","7":"category-espana","8":"tag-agresion-sexual","9":"tag-breaking-news","10":"tag-breakingnews","11":"tag-es","12":"tag-espana","13":"tag-featured-news","14":"tag-featurednews","15":"tag-headlines","16":"tag-latest-news","17":"tag-latestnews","18":"tag-news","19":"tag-ninos","20":"tag-noticias","21":"tag-noticias-destacadas","22":"tag-noticiasdestacadas","23":"tag-spain","24":"tag-titulares","25":"tag-ultimas-noticias","26":"tag-ultimasnoticias","27":"tag-violencia"},"share_on_mastodon":{"url":"https:\/\/pubeurope.com\/@es\/115668029822101317","error":""},"_links":{"self":[{"href":"https:\/\/www.europesays.com\/es\/wp-json\/wp\/v2\/posts\/272839","targetHints":{"allow":["GET"]}}],"collection":[{"href":"https:\/\/www.europesays.com\/es\/wp-json\/wp\/v2\/posts"}],"about":[{"href":"https:\/\/www.europesays.com\/es\/wp-json\/wp\/v2\/types\/post"}],"author":[{"embeddable":true,"href":"https:\/\/www.europesays.com\/es\/wp-json\/wp\/v2\/users\/2"}],"replies":[{"embeddable":true,"href":"https:\/\/www.europesays.com\/es\/wp-json\/wp\/v2\/comments?post=272839"}],"version-history":[{"count":0,"href":"https:\/\/www.europesays.com\/es\/wp-json\/wp\/v2\/posts\/272839\/revisions"}],"wp:featuredmedia":[{"embeddable":true,"href":"https:\/\/www.europesays.com\/es\/wp-json\/wp\/v2\/media\/272840"}],"wp:attachment":[{"href":"https:\/\/www.europesays.com\/es\/wp-json\/wp\/v2\/media?parent=272839"}],"wp:term":[{"taxonomy":"category","embeddable":true,"href":"https:\/\/www.europesays.com\/es\/wp-json\/wp\/v2\/categories?post=272839"},{"taxonomy":"post_tag","embeddable":true,"href":"https:\/\/www.europesays.com\/es\/wp-json\/wp\/v2\/tags?post=272839"}],"curies":[{"name":"wp","href":"https:\/\/api.w.org\/{rel}","templated":true}]}}