{"id":272851,"date":"2025-12-05T17:10:09","date_gmt":"2025-12-05T17:10:09","guid":{"rendered":"https:\/\/www.europesays.com\/es\/272851\/"},"modified":"2025-12-05T17:10:09","modified_gmt":"2025-12-05T17:10:09","slug":"el-encuentro-del-principe-alberto-con-elena-cullell-la-mujer-de-luis-enrique-en-homenaje-a-la-memoria-de-su-hija-xana","status":"publish","type":"post","link":"https:\/\/www.europesays.com\/es\/272851\/","title":{"rendered":"El encuentro del pr\u00edncipe Alberto con Elena Cullell, la mujer de Luis Enrique, en homenaje a la memoria de su hija Xana"},"content":{"rendered":"\n<p> El Palacio de M\u00f3naco ha sido escenario de un emotivo encuentro que combina deporte, solidaridad y memoria. <strong>El pr\u00edncipe Alberto II ha recibido recientemente a Elena Cullell<\/strong>, mujer de Luis Enrique y representante de la Fundaci\u00f3n Xana, creada en honor a <a href=\"https:\/\/www.vanitatis.elconfidencial.com\/famosos\/2024-08-30\/luis-enrique-hija-muerte-xana-martinez-futbol_3952164\/\" target=\"_self\" rel=\"nofollow noopener\">su hija Xana Mart\u00ednez Cullell, <\/a>fallecida en 2019 a causa de un c\u00e1ncer. Ha sido la cuenta oficial de la familia Grimaldi la encargada de mostrar las im\u00e1genes de la reuni\u00f3n. <\/p>\n<p> <strong>\u00abLa Fundaci\u00f3n Xana, creada por el entrenador del PSG Luis Enrique y ganadora del Premio S\u00f3crates 2025,<\/strong> fue recibida por Su Alteza Seren\u00edsima el Pr\u00edncipe Alberto II de M\u00f3naco. Co-creado por el equipo Peace and Sport y otorgado cada a\u00f1o en la ceremonia del Bal\u00f3n de Oro, el Premio S\u00f3crates \u2014 este a\u00f1o, presentado por Su Alteza Seren\u00edsima la Princesa Charl\u00e9ne de M\u00f3naco\u2014 se ha convertido en un s\u00edmbolo internacional de compromiso social en el f\u00fatbol\u00bb, puede leerse. <\/p>\n<p> Y contin\u00faa: \u00abEste a\u00f1o, por primera vez, por iniciativa de Peace and Sport,<strong> las ganadoras Elena y Bela Cullell, en representaci\u00f3n de la Fundaci\u00f3n Xana, fueron recibidas en el Palacio del Pr\u00edncipe<\/strong>, un poderoso momento que subraya la creciente importancia del premio y el papel clave de M\u00f3naco en la promoci\u00f3n de los valores positivos de deportes\u00bb. <\/p>\n<p> En las fotograf\u00edas podemos ver<strong>  a Elena Cullell junto a su hermana, Bela Culell con el premio S\u00f3crates,<\/strong> reunidas junto al pr\u00edncipe Alberto, adem\u00e1s de fotograf\u00edas de cuando Charl\u00e8ne hizo entrega del galard\u00f3n, el pasado mes de septiembre, a Sira Mart\u00ednez, hermana de Xana e hija de Luis Enrique y Elena.  <\/p>\n<blockquote class=\"instagram-media\" data-instgrm-captioned=\"\" data-instgrm-permalink=\"https:\/\/www.instagram.com\/p\/DR4Npf2juJu\/?utm_source=ig_embed&amp;utm_campaign=loading\" data-instgrm-version=\"14\" style=\" background:#FFF; border:0; border-radius:3px; box-shadow:0 0 1px 0 rgba(0,0,0,0.5),0 1px 10px 0 rgba(0,0,0,0.15); margin: 1px; max-width:540px; min-width:326px; padding:0; width:99.375%; width:-webkit-calc(100% - 2px); width:calc(100% - 2px);\"\/>\n<p> <strong>La historia de Xana y su familia es el coraz\u00f3n de la fundaci\u00f3n homon\u00f3mina. <\/strong>El propio Luis Enrique, que habitualmente protege su vida privada, comparti\u00f3 en su canal de Twitch la motivaci\u00f3n del proyecto cuando sali\u00f3: \u201cEl prop\u00f3sito es ayudar a todas aquellas personas que, desgraciadamente, pasan por estas experiencias y no tienen recursos para acompa\u00f1ar a sus hijos. Cuando la vida te golpea lo hace sin concesiones\u2026<strong> Despu\u00e9s, y solo con el paso del tiempo, lo aceptas, lo compartes y lo asimilas\u201d.<\/strong> <\/p>\n<p> El entrenador asturiano destac\u00f3 tambi\u00e9n la alegr\u00eda y gratitud que les dej\u00f3 su hija: \u201c<strong>Al final, el viaje se acab\u00f3 y recordamos cada d\u00eda la suerte que tuvimos durante esos nueve a\u00f1os de infinita felicidad y de disfrute\u201d.<\/strong> Un dolor que la familia siempre ha mantenido con discreci\u00f3n, reservando los homenajes a gestos puntuales en redes sociales, como las emotivas palabras que su hija Sira dedic\u00f3 a Xana en el que habr\u00eda sido su 13\u00ba cumplea\u00f1os. <\/p>\n<p>               La princesa Charl\u00e8ne cuando entreg\u00f3 el premio S\u00f3crates a Sira Mart\u00ednez, hermana de Xana. (Efe)             <\/p>\n<p> <strong>La fundaci\u00f3n Xana busca transformar ese dolor en acci\u00f3n,<\/strong> apoyando a familias con asistencia integral durante la enfermedad de un hijo y trabajando en proyectos de largo alcance como el Pabell\u00f3n de la Victoria, destinado a convertirse en el primer hospicio pedi\u00e1trico de Espa\u00f1a. <\/p>\n<p> Este encuentro demuestra c\u00f3mo el f\u00fatbol, la solidaridad y la memoria de una ni\u00f1a pueden unirse en iniciativas que trascienden lo deportivo, llevando un mensaje de compromiso social y humanidad a un escenario internacional,<strong> con M\u00f3naco como testigo y catalizador de este reconocimiento.<\/strong> <\/p>\n<p> El Palacio de M\u00f3naco ha sido escenario de un emotivo encuentro que combina deporte, solidaridad y memoria. <strong>El pr\u00edncipe Alberto II ha recibido recientemente a Elena Cullell<\/strong>, mujer de Luis Enrique y representante de la Fundaci\u00f3n Xana, creada en honor a <a href=\"https:\/\/www.vanitatis.elconfidencial.com\/famosos\/2024-08-30\/luis-enrique-hija-muerte-xana-martinez-futbol_3952164\/\" target=\"_self\" rel=\"nofollow noopener\">su hija Xana Mart\u00ednez Cullell, <\/a>fallecida en 2019 a causa de un c\u00e1ncer. Ha sido la cuenta oficial de la familia Grimaldi la encargada de mostrar las im\u00e1genes de la reuni\u00f3n. <\/p>\n<p>              <script async src=\"\/\/www.instagram.com\/embed.js\"><\/script><\/p>\n","protected":false},"excerpt":{"rendered":"El Palacio de M\u00f3naco ha sido escenario de un emotivo encuentro que combina deporte, solidaridad y memoria. El&hellip;\n","protected":false},"author":2,"featured_media":272852,"comment_status":"","ping_status":"","sticky":false,"template":"","format":"standard","meta":{"footnotes":""},"categories":[174],"tags":[255,146,147,25,24,256,23],"class_list":{"0":"post-272851","1":"post","2":"type-post","3":"status-publish","4":"format-standard","5":"has-post-thumbnail","7":"category-famosos","8":"tag-celebrities","9":"tag-entertainment","10":"tag-entretenimiento","11":"tag-es","12":"tag-espana","13":"tag-famosos","14":"tag-spain"},"share_on_mastodon":{"url":"https:\/\/pubeurope.com\/@es\/115668072854191786","error":""},"_links":{"self":[{"href":"https:\/\/www.europesays.com\/es\/wp-json\/wp\/v2\/posts\/272851","targetHints":{"allow":["GET"]}}],"collection":[{"href":"https:\/\/www.europesays.com\/es\/wp-json\/wp\/v2\/posts"}],"about":[{"href":"https:\/\/www.europesays.com\/es\/wp-json\/wp\/v2\/types\/post"}],"author":[{"embeddable":true,"href":"https:\/\/www.europesays.com\/es\/wp-json\/wp\/v2\/users\/2"}],"replies":[{"embeddable":true,"href":"https:\/\/www.europesays.com\/es\/wp-json\/wp\/v2\/comments?post=272851"}],"version-history":[{"count":0,"href":"https:\/\/www.europesays.com\/es\/wp-json\/wp\/v2\/posts\/272851\/revisions"}],"wp:featuredmedia":[{"embeddable":true,"href":"https:\/\/www.europesays.com\/es\/wp-json\/wp\/v2\/media\/272852"}],"wp:attachment":[{"href":"https:\/\/www.europesays.com\/es\/wp-json\/wp\/v2\/media?parent=272851"}],"wp:term":[{"taxonomy":"category","embeddable":true,"href":"https:\/\/www.europesays.com\/es\/wp-json\/wp\/v2\/categories?post=272851"},{"taxonomy":"post_tag","embeddable":true,"href":"https:\/\/www.europesays.com\/es\/wp-json\/wp\/v2\/tags?post=272851"}],"curies":[{"name":"wp","href":"https:\/\/api.w.org\/{rel}","templated":true}]}}