{"id":272857,"date":"2025-12-05T17:14:08","date_gmt":"2025-12-05T17:14:08","guid":{"rendered":"https:\/\/www.europesays.com\/es\/272857\/"},"modified":"2025-12-05T17:14:08","modified_gmt":"2025-12-05T17:14:08","slug":"kreator-estrenan-video-nuevo-single-y-video-de-poppy-video-de-beyond-the-black","status":"publish","type":"post","link":"https:\/\/www.europesays.com\/es\/272857\/","title":{"rendered":"KREATOR estrenan v\u00eddeo. Nuevo single y v\u00eddeo de Poppy. V\u00eddeo de BEYOND THE BLACK."},"content":{"rendered":"<p>\u00a0<\/p>\n<p style=\"text-align: center;\"><strong><a href=\"#KREATOR\">KREATOR estrenan v\u00eddeo<\/a> \u2013 <a href=\"#Poppy\">Nuevo single y v\u00eddeo de Poppy<\/a> \u2013 <a href=\"#BEYOND\">V\u00eddeo de BEYOND THE BLACK<\/a>. <\/strong><\/p>\n<p><a href=\"https:\/\/kreator-terrorzone.de\/\" target=\"_blank\" rel=\"noopener nofollow\"><strong>KREATOR<\/strong><\/a> han estrenado su nuevo single y v\u00eddeo \u201cSatanic Anarchy\u201d. El v\u00eddeo ha sido dirigido por J\u00f6rn Heitmann y producido por G13 Films.<\/p>\n<p>En octubre publicaron su <a href=\"https:\/\/www.rafabasa.com\/2025\/10\/31\/nuevos-videos-de-kreator-y-despised-icon-graspop-metal-meeting\/\" rel=\"nofollow noopener\" target=\"_blank\">\u00faltimo single<\/a> \u201cTr\u00e4nenpalast\u201d.<\/p>\n<p><a href=\"https:\/\/kreator-terrorzone.de\/\" target=\"_blank\" rel=\"noopener nofollow\"><strong>KREATOR<\/strong><\/a> editar\u00e1n ediar\u00e1n el 16 de enero a trav\u00e9s de Nuclear Blast un nuevo disco titulado \u201cKrushers Of The World\u201d.<\/p>\n<p>M\u00e1s detalles en esta <a href=\"https:\/\/www.rafabasa.com\/2025\/09\/24\/kreator-royal-hunt-secret-rule\/#KREATOR\" target=\"_blank\" rel=\"noopener nofollow\">noticia<\/a> y su anterior v\u00eddeo en <a href=\"https:\/\/www.rafabasa.com\/2025\/09\/28\/msg-kreator-terminal-violence-rancor\/#KREATOR2\" target=\"_blank\" rel=\"noopener nofollow\">esta<\/a>.<\/p>\n<p>La banda <a href=\"https:\/\/www.rafabasa.com\/2025\/09\/24\/kreator-carcass-exodus-y-nails-en-madrid\/\" target=\"_blank\" rel=\"noopener nofollow\">estar\u00e1 en Madrid<\/a> el pr\u00f3ximo mes de marzo junto a <strong>CARCASS<\/strong>, <strong>EXODUS<\/strong> y <strong>NAILS<\/strong>.<\/p>\n<p>El <a href=\"https:\/\/www.rafabasa.com\/2025\/06\/05\/kreator-monolith-iron-spell\/#KREATOR\" target=\"_blank\" rel=\"noopener nofollow\">nuevo documental<\/a> sobre <a href=\"https:\/\/kreator-terrorzone.de\/\" target=\"_blank\" rel=\"noopener nofollow\"><strong>KREATOR<\/strong><\/a> se estren\u00f3 el 2 de julio con el t\u00edtulo de \u00abKreator \u2013 Hate &amp; Hope\u00bb.<\/p>\n<p>El 28 de agosto Ullstein Verlag public\u00f3 la <a href=\"https:\/\/www.rafabasa.com\/2025\/06\/05\/kreator-monolith-iron-spell\/#KREATOR\" target=\"_blank\" rel=\"noopener nofollow\">biograf\u00eda del l\u00edder del grupo <strong>Mille Petrozza<\/strong><\/a> titulada \u00abYour Heaven, My Hell \u2013 Mein Leben, Heavy Metal Und Wie Das Alles Passieren Konnte\u00bb (\u00abTu cielo, mi infierno \u2013 Mi vida, Heavy Metal, Y como pudo suceder todo\u00bb).<\/p>\n<p>\u00a0<\/p>\n<p>\u00a0<\/p>\n<p><strong>Poppy<\/strong> ha estrenado su nuevo single y v\u00eddeo \u201cGuardian\u201d.<\/p>\n<p>\u00a0<\/p>\n<p>El tema sirve de adelanto a su pr\u00f3ximo disco \u201cEmpty Hands\u201d que saldr\u00e1 el 23 de enero a trav\u00e9s de Sumerian Records.<\/p>\n<p>Estos son los temas que incluye:<\/p>\n<ol>\n<li>Public Domain<\/li>\n<li>Bruised Sky<\/li>\n<li>Guardian<\/li>\n<li>Constantly Nowhere<\/li>\n<li>Unravel<\/li>\n<li>Dying to Forget<\/li>\n<li>Time Will Tell<\/li>\n<li>Eat The Hate<\/li>\n<li>The Wait<\/li>\n<li>If We\u2019re Following the Light<\/li>\n<li>Blink<\/li>\n<li>Ribs<\/li>\n<li>Empty Hands<\/li>\n<\/ol>\n<p>Estar\u00e1 disponible en CD, vinilo y formato digital.<\/p>\n<p>Su sencillo junto a Amy Lee de EVANESCENCE y Courtney Laplante de SPIRITBOX en esta <a href=\"https:\/\/www.rafabasa.com\/2025\/09\/06\/amy-lee-de-evanescence-courtney-laplante-de-spiritbox-y-poppy-league-of-distortion-euskal-metalheads-fest\/\" rel=\"nofollow noopener\" target=\"_blank\">noticia<\/a>.<\/p>\n<p>Actuar\u00e1 como invitada en los <a href=\"https:\/\/www.rafabasa.com\/2025\/12\/01\/eevanescence-en-badalona-y-madrid-en-octubre-de-2026\/\" target=\"_blank\" rel=\"noopener nofollow\">conciertos de EVANESCENCE en Badalona y Madrid en octubre de 2026. <\/a><\/p>\n<p>\u00a0<\/p>\n<p>\u00a0<\/p>\n<p>A continuaci\u00f3n ten\u00e9is un nuevo v\u00eddeo de <a href=\"https:\/\/www.facebook.com\/beyondtheblackofficial\" target=\"_blank\" rel=\"noopener nofollow\"><strong>BEYOND THE BLACK<\/strong><\/a> para el tema \u201cRavens\u201d.<\/p>\n<p><a href=\"https:\/\/www.facebook.com\/beyondtheblackofficial\" target=\"_blank\" rel=\"noopener nofollow\"><strong>BEYOND THE BLACK<\/strong><\/a> editar\u00e1n el 9 de enero a trav\u00e9s de Nuclear Blast un nuevo disco titulado \u201cBreak The Silence\u201d.<\/p>\n<p>Todos los detalles en esta <a href=\"https:\/\/www.rafabasa.com\/2025\/07\/27\/sabaton-enuff-z-nuff-beyond-the-black\/#BEYOND\" rel=\"nofollow noopener\" target=\"_blank\">noticia<\/a> y su anterior v\u00eddeo en <a href=\"https:\/\/www.rafabasa.com\/2025\/09\/12\/testament-beyond-the-black-ultra-raptor\/#BEYOND_THE_BLACK\" rel=\"nofollow noopener\" target=\"_blank\">esta<\/a>.<\/p>\n<p>\u00a0<\/p>\n<p align=\"center\"><strong>Sigue el\u00a0<a href=\"https:\/\/whatsapp.com\/channel\/0029VaCprxVBA1f555USvT2O\" target=\"_blank\" rel=\"nofollow noopener\">Canal de RAFABASA.COM en WhatsApp<\/a>, donde encontrar\u00e1s todas nuestras novedades al instante<\/strong><\/p>\n<p>\u00a0<\/p>\n<p>\u00a0<\/p>\n<p>\u00a0<\/p>\n<p>\u00a0<\/p>\n<p>\u00a0<\/p>\n","protected":false},"excerpt":{"rendered":"\u00a0 KREATOR estrenan v\u00eddeo \u2013 Nuevo single y v\u00eddeo de Poppy \u2013 V\u00eddeo de BEYOND THE BLACK. KREATOR&hellip;\n","protected":false},"author":2,"featured_media":272858,"comment_status":"","ping_status":"","sticky":false,"template":"","format":"standard","meta":{"footnotes":""},"categories":[170],"tags":[54822,146,147,25,24,34517,184,185,65869,23],"class_list":{"0":"post-272857","1":"post","2":"type-post","3":"status-publish","4":"format-standard","5":"has-post-thumbnail","7":"category-musica","8":"tag-beyond-the-black","9":"tag-entertainment","10":"tag-entretenimiento","11":"tag-es","12":"tag-espana","13":"tag-kreator","14":"tag-music","15":"tag-musica","16":"tag-poppy","17":"tag-spain"},"share_on_mastodon":{"url":"https:\/\/pubeurope.com\/@es\/115668088632371979","error":""},"_links":{"self":[{"href":"https:\/\/www.europesays.com\/es\/wp-json\/wp\/v2\/posts\/272857","targetHints":{"allow":["GET"]}}],"collection":[{"href":"https:\/\/www.europesays.com\/es\/wp-json\/wp\/v2\/posts"}],"about":[{"href":"https:\/\/www.europesays.com\/es\/wp-json\/wp\/v2\/types\/post"}],"author":[{"embeddable":true,"href":"https:\/\/www.europesays.com\/es\/wp-json\/wp\/v2\/users\/2"}],"replies":[{"embeddable":true,"href":"https:\/\/www.europesays.com\/es\/wp-json\/wp\/v2\/comments?post=272857"}],"version-history":[{"count":0,"href":"https:\/\/www.europesays.com\/es\/wp-json\/wp\/v2\/posts\/272857\/revisions"}],"wp:featuredmedia":[{"embeddable":true,"href":"https:\/\/www.europesays.com\/es\/wp-json\/wp\/v2\/media\/272858"}],"wp:attachment":[{"href":"https:\/\/www.europesays.com\/es\/wp-json\/wp\/v2\/media?parent=272857"}],"wp:term":[{"taxonomy":"category","embeddable":true,"href":"https:\/\/www.europesays.com\/es\/wp-json\/wp\/v2\/categories?post=272857"},{"taxonomy":"post_tag","embeddable":true,"href":"https:\/\/www.europesays.com\/es\/wp-json\/wp\/v2\/tags?post=272857"}],"curies":[{"name":"wp","href":"https:\/\/api.w.org\/{rel}","templated":true}]}}