{"id":272865,"date":"2025-12-05T17:18:09","date_gmt":"2025-12-05T17:18:09","guid":{"rendered":"https:\/\/www.europesays.com\/es\/272865\/"},"modified":"2025-12-05T17:18:09","modified_gmt":"2025-12-05T17:18:09","slug":"las-mujeres-que-acusan-al-cineasta-eduard-cortes-de-acoso-sexual-piden-a-movistar-plus-que-cancele-su-nueva-serie-terra-alta-series-de-television","status":"publish","type":"post","link":"https:\/\/www.europesays.com\/es\/272865\/","title":{"rendered":"Las mujeres que acusan al cineasta Eduard Cort\u00e9s de acoso sexual piden a Movistar Plus+ que cancele su nueva serie, \u2018Terra Alta\u2019 | Series de Televisi\u00f3n"},"content":{"rendered":"<p class=\"\">El 4 de diciembre, Movistar Plus+ estren\u00f3 <a href=\"https:\/\/www.movistarplus.es\/series\/terra-alta\/ficha?tipo=E&amp;id=3337462\" target=\"_blank\" rel=\"noreferrer nofollow noopener\" title=\"https:\/\/www.movistarplus.es\/series\/terra-alta\/ficha?tipo=E&amp;id=3337462\">la serie Terra Alta<\/a>, dirigida por Eduard Cort\u00e9s, el cineasta al que <a href=\"https:\/\/elpais.com\/cultura\/2024-12-18\/papeles-a-cambio-de-desnudos-27-mujeres-acusan-al-cineasta-eduard-cortes-de-acoso-sexual.html\" target=\"_blank\" rel=\"noreferrer nofollow noopener\" title=\"https:\/\/elpais.com\/cultura\/2024-12-18\/papeles-a-cambio-de-desnudos-27-mujeres-acusan-al-cineasta-eduard-cortes-de-acoso-sexual.html\">27 mujeres acusaron en EL PA\u00cdS, el pasado diciembre, de haber sufrido acoso sexual por su parte.<\/a> La fot\u00f3grafa Silvia Grav que, en octubre de 2024, <a href=\"https:\/\/www.instagram.com\/stories\/highlights\/18106885018434069\/?hl=es\" rel=\"nofollow noopener\" target=\"_blank\">fue la primera en compartir en su cuenta de Instagram unos antiguos mensajes con el director<\/a>, en los que le acusaba de grooming [acoso en internet], reclama ahora en la misma red social que la empresa \u201ccancele para siempre\u201d la serie. \u201cHasta la denuncia p\u00fablica en redes sociales, y ya finalizado el rodaje, no tuvimos conocimiento de ning\u00fan tipo de acusaci\u00f3n por parte de la productora externa, ni de ninguna actuaci\u00f3n conflictiva del director\u201d, responde a EL PA\u00cdS la plataforma. \u201cEn todo momento hemos actuado con responsabilidad y transparencia. Hemos estrenado la serie en la que han participado centenares de profesionales, y seguiremos de cerca la evoluci\u00f3n del asunto\u201d.<\/p>\n<p class=\"\">La plataforma anunci\u00f3 en 2024 el rodaje de la producci\u00f3n y desde entonces no se hab\u00eda vuelto a saber nada de una posible fecha de lanzamiento, hasta que este jueves, sin apenas promoci\u00f3n, apareci\u00f3 en su cat\u00e1logo. <\/p>\n<p class=\"\">\u201cMovistar decidi\u00f3 pararla y ahora ha decidido que ha pasado el tiempo suficiente, ni un a\u00f1o, y la acaban de sacar\u201d, denuncia Grav en un v\u00eddeo en Instagram en el que menciona a la plataforma e invita a sus m\u00e1s de 30.000 seguidores a que dejen comentarios en la publicaci\u00f3n en la cuenta de Movistar Plus+ en la que se promociona la serie. \u201cEl director de esta serie ha abusado de m\u00e1s de 55 mujeres\u201d, es uno de los mensajes que ya se repite en el post.<\/p>\n<p class=\"\">La plataforma asegura a este diario que \u201cante las acusaciones p\u00fablicas contra Eduard Cort\u00e9s, desde Movistar Plus+ reafirmamos que nos tomamos muy en serio cualquier situaci\u00f3n de acoso o conducta inapropiada y nos solidarizamos con las v\u00edctimas de cualquier tipo de abuso\u201d. <\/p>\n<p class=\"\">\u201cQue una v\u00edctima se levante por la ma\u00f1ana y vea esto\u2026 no hay que ser muy listo para saber el impacto emocional que tiene\u201d, argumenta Grav. \u201cSi es m\u00e1s seguro callarse, aunque salga una oleada de denuncias, esperas nueve meses y al final todo bien\u2026 \u00bfQu\u00e9 productor o qu\u00e9 persona del rodaje va a abrir la boca? Nadie. No hay ning\u00fan tipo de incentivo para nadie\u201d.<\/p>\n<p class=\"\">La actriz y escritora ecuatoriana Nicole Le\u00f3n, otra de las mujeres que denunci\u00f3 en este peri\u00f3dico haber sufrido acoso por parte de Cort\u00e9s, tambi\u00e9n ha publicado un v\u00eddeo en Instagram llamando al boicot de la serie. \u201cEste caso no puede quedar impune\u201d, reclama. \u201cNo vamos a permitir que lo normalicen ni que el silencio los proteja\u201d. La int\u00e9rprete pide que no se vea ni se difunda Terra Alta: \u201cLa justicia tiene que estar de nuestro lado. Boicot a la serie y al director\u201d.<\/p>\n<p class=\"\">De la misma manera se ha manifestado la actriz Nora Alexandra Vega en su cuenta de Instagram. \u201cSe estrena la serie dirigida por el innombrable. Boicot a los acosadores\u201d, ha escrito en sus stories esta mujer que tambi\u00e9n dio su testimonio a EL PA\u00cdS a finales de 2024.<\/p>\n<p><img decoding=\"auto\" class=\"_re lazyload a_m-v\" height=\"667\"  width=\"414\"  src=\"https:\/\/www.europesays.com\/es\/wp-content\/uploads\/2025\/12\/4YVJ24BVBNFZNPTA7J7CH6P6PM.jpg\" loading=\"lazy\"\/>Captura de la cuenta de Instagram de Nora Alexandra Vega, una de las mujeres que acus\u00f3 a Eduard Cort\u00e9s de acoso sexual.<\/p>\n<p class=\"\">Cort\u00e9s, dos veces nominado al premio Goya y director de las populares <a href=\"https:\/\/elpais.com\/noticias\/merli\/#?rel=arch\" rel=\"nofollow noopener\" target=\"_blank\">series Merl\u00ed<\/a> y <a href=\"https:\/\/www.imdb.com\/es-es\/title\/tt0432999\/?ref_=nmawd_awd_3\" rel=\"nofollow noopener\" target=\"_blank\">Ni una m\u00e1s,<\/a> fue acusado por decenas de mujeres de haberse beneficiado de su posici\u00f3n en el sector para ofrecerles trabajo en alguna de sus producciones con la condici\u00f3n de que se grabaran desnudas, masturb\u00e1ndose o realizando otro tipo de pr\u00e1cticas sexuales. La mayor\u00eda ten\u00eda entre 20 y 30 a\u00f1os, dos de ellas eran menores de edad en el momento. Este peri\u00f3dico tuvo acceso a casi un centenar de esas conversaciones con ellas que datan de mediados de 2007 hasta octubre de 2024.<\/p>\n<p>M\u00e1s informaci\u00f3n<\/p>\n<p class=\"\">Cuando las acusaciones se difundieron en Instagram, <a href=\"https:\/\/elpais.com\/noticias\/eduard-cortes\/\" rel=\"nofollow noopener\" target=\"_blank\">Cort\u00e9s<\/a> acababa de finalizar <a href=\"https:\/\/elpais.com\/cultura\/2021-01-28\/el-zorro-primera-gran-serie-de-secuoya-studios.html\" rel=\"nofollow noopener\" target=\"_blank\">el rodaje de la serie Terra Alta<\/a>, producida por Secuoya Studios y Movistar Plus+, que adapta la novela hom\u00f3nima de Javier Cercas. \u201cEn ese momento, recuerdo tener conversaciones con amigos sobre la moralidad de sacar una serie despu\u00e9s de lo que pas\u00f3. Y cu\u00e1nto de justo es para la gente que trabaj\u00f3 en esa serie, que no tiene culpa de nada, que el trabajo que hicieron no salga a la luz\u201d, reflexiona Grav. \u201cS\u00ed, es injusto. Pero es m\u00e1s injusto ser abusada por alguien como \u00e9l. Me hace gracia que la empat\u00eda se ponga en cualquier otra cosa que no sean las v\u00edctimas\u201d.<\/p>\n<p class=\"\">El modus operandi que relataron las mujeres a EL PA\u00cdS consist\u00eda en iniciar una conversaci\u00f3n a trav\u00e9s de redes sociales. Cort\u00e9s alababa su trabajo, seg\u00fan los mensajes facilitados a este peri\u00f3dico entonces. En la mayor\u00eda de los testimonios, seg\u00fan muestran los mensajes, cuando el intento de Cort\u00e9s de establecer una relaci\u00f3n sexual no fructificaba, el director les planteaba que deb\u00edan prestarse a realizar determinadas pr\u00e1cticas sexuales por \u201cexigencias del proyecto\u201d. <\/p>\n<p class=\"\"><a href=\"https:\/\/elpais.com\/cultura\/2024-12-19\/el-caso-eduard-cortes-revela-las-grietas-en-el-sistema-de-atencion-a-victimas-del-cine.html\" target=\"_blank\" rel=\"noreferrer nofollow noopener\" title=\"https:\/\/elpais.com\/cultura\/2024-12-19\/el-caso-eduard-cortes-revela-las-grietas-en-el-sistema-de-atencion-a-victimas-del-cine.html\">M\u00e1s de 20 mujeres se organizaron en octubre de 2024 para dar los primeros pasos<\/a> para que, como sucede a menudo, sus historias no se murieran tambi\u00e9n en las redes sociales. En aquel momento recibieron asesor\u00eda jur\u00eddica y animadas en un principio por una posible denuncia colectiva, descartaron temporalmente esa opci\u00f3n por los altos costes planteados por la asesor\u00eda jur\u00eddica que recibieron de un despacho de abogadas. <\/p>\n<p class=\"\">Entonces, decidieron ponerse en contacto con un servicio externo de atenci\u00f3n a v\u00edctimas vinculado a la Acad\u00e8mia del Cinema Catal\u00e0, de la que Cort\u00e9s hasta ese momento era miembro y de la que se dio de baja d\u00edas despu\u00e9s justo antes de que se pudiera poner en marcha una comisi\u00f3n de investigaci\u00f3n para tratar el caso. El pasado enero, la comisi\u00f3n concluy\u00f3 que las mujeres sufrieron \u201cciberacoso sexual\u201d, un tipo de acoso sexual o por cuestiones de g\u00e9nero a trav\u00e9s del \u00e1mbito digital. \u201cEl procedimiento est\u00e1 parado pero no cerrado. Es decir, en caso de presentar solicitud o querer participar en cualquier actividad de la Academia se activar\u00eda de nuevo\u201d, apuntan desde la instituci\u00f3n. <\/p>\n<p class=\"\">Estas mujeres tambi\u00e9n acudieron a la Unidad contra las Violencias Machistas en el sector audiovisual y cultural que se hab\u00eda puesto en marcha el Ministerio de Cultura en octubre de 2024.<\/p>\n<p class=\"\">\u201cDe cara al futuro, a cambiar las cosas, como no haya repercusiones de ning\u00fan tipo, en ning\u00fan momento, no va a haber ning\u00fan cambio real\u201d, opina Grav que se muestra agotada con este caso. \u201cEstoy enfadada, estoy hasta el co\u00f1o. Para toda esa gente que habla de la cultura de la cancelaci\u00f3n, de que estos hombres no levantan cabeza\u2026 este hombre lleva toda su vida abusando de gente y no ha habido ninguna repercusi\u00f3n para \u00e9l\u201d. La fot\u00f3grafa a\u00f1ade: \u201cHa pasado un a\u00f1o, pens\u00e9 que est\u00e1bamos en otra cosa, pero me voy a ir la tumba con esta mierda\u201d.<\/p>\n<p><script async src=\"\/\/www.instagram.com\/embed.js\"><\/script><\/p>\n","protected":false},"excerpt":{"rendered":"El 4 de diciembre, Movistar Plus+ estren\u00f3 la serie Terra Alta, dirigida por Eduard Cort\u00e9s, el cineasta al&hellip;\n","protected":false},"author":2,"featured_media":272866,"comment_status":"","ping_status":"","sticky":false,"template":"","format":"standard","meta":{"footnotes":""},"categories":[91],"tags":[10239,1014,1015,66849,146,147,25,24,4910,3317,303,1922,8189,23,807,20370],"class_list":{"0":"post-272865","1":"post","2":"type-post","3":"status-publish","4":"format-standard","5":"has-post-thumbnail","7":"category-entretenimiento","8":"tag-acoso-sexual","9":"tag-actores","10":"tag-actrices","11":"tag-eduard-cortes","12":"tag-entertainment","13":"tag-entretenimiento","14":"tag-es","15":"tag-espana","16":"tag-feminismo","17":"tag-internet","18":"tag-movistar","19":"tag-redes-sociales","20":"tag-series-television","21":"tag-spain","22":"tag-television","23":"tag-violencia-sexual"},"share_on_mastodon":{"url":"https:\/\/pubeurope.com\/@es\/115668104239071421","error":""},"_links":{"self":[{"href":"https:\/\/www.europesays.com\/es\/wp-json\/wp\/v2\/posts\/272865","targetHints":{"allow":["GET"]}}],"collection":[{"href":"https:\/\/www.europesays.com\/es\/wp-json\/wp\/v2\/posts"}],"about":[{"href":"https:\/\/www.europesays.com\/es\/wp-json\/wp\/v2\/types\/post"}],"author":[{"embeddable":true,"href":"https:\/\/www.europesays.com\/es\/wp-json\/wp\/v2\/users\/2"}],"replies":[{"embeddable":true,"href":"https:\/\/www.europesays.com\/es\/wp-json\/wp\/v2\/comments?post=272865"}],"version-history":[{"count":0,"href":"https:\/\/www.europesays.com\/es\/wp-json\/wp\/v2\/posts\/272865\/revisions"}],"wp:featuredmedia":[{"embeddable":true,"href":"https:\/\/www.europesays.com\/es\/wp-json\/wp\/v2\/media\/272866"}],"wp:attachment":[{"href":"https:\/\/www.europesays.com\/es\/wp-json\/wp\/v2\/media?parent=272865"}],"wp:term":[{"taxonomy":"category","embeddable":true,"href":"https:\/\/www.europesays.com\/es\/wp-json\/wp\/v2\/categories?post=272865"},{"taxonomy":"post_tag","embeddable":true,"href":"https:\/\/www.europesays.com\/es\/wp-json\/wp\/v2\/tags?post=272865"}],"curies":[{"name":"wp","href":"https:\/\/api.w.org\/{rel}","templated":true}]}}