{"id":272868,"date":"2025-12-05T17:20:09","date_gmt":"2025-12-05T17:20:09","guid":{"rendered":"https:\/\/www.europesays.com\/es\/272868\/"},"modified":"2025-12-05T17:20:09","modified_gmt":"2025-12-05T17:20:09","slug":"argentina-regresa-a-los-mercados-globales","status":"publish","type":"post","link":"https:\/\/www.europesays.com\/es\/272868\/","title":{"rendered":"Argentina regresa a los mercados globales"},"content":{"rendered":"<p>La <strong>Rep\u00fablica de Argentina<\/strong> volver\u00e1 a los mercados financieros internacionales despu\u00e9s de siete a\u00f1os con la colocaci\u00f3n de un bono en d\u00f3lares a cuatro a\u00f1os. El inter\u00e9s de este bono se sit\u00faa en el 6,5% y servir\u00e1 para cubrir una parte de los vencimientos de deuda del pa\u00eds en enero, seg\u00fan ha informado el <strong>ministro de Econom\u00eda<\/strong>, <strong>Luis Caputo<\/strong>.<\/p>\n<p>Caputo ha se\u00f1alado en una entrevista del canal Am\u00e9rica 24 que \u00abes un dato important\u00edsimo por lo que se viene hablando de la acumulaci\u00f3n de reservas\u00bb. Ha asegurado, adem\u00e1s, que el objetivo es \u00ab<strong>pagar los vencimientos de enero<\/strong> sin que bajen las reservas\u00bb. <\/p>\n<p>El nuevo instrumento se emitir\u00e1 bajo legislaci\u00f3n argentina y permitir\u00e1 al Tesoro de la naci\u00f3n suramericana cubrir parcialmente los pagos de deuda externa de enero, que asciende a <strong>4.300 millones de d\u00f3lares<\/strong>. Esta deuda corresponde a los bonos AL30 y AL29, sin afectar a las reservas totales del Banco Central argentino. <\/p>\n<p>\t\tCinco continentes &#8211; El partido de Milei gana las legislativas en Buenos Aires\t<\/p>\n<p>El bono pagar\u00e1 el capital \u00edntegro al vencimiento<\/p>\n<p>La convocatoria a la licitaci\u00f3n del bono, denominado <strong>BONAR 2029N<\/strong>, fue oficializado por el Ministerio de Econom\u00eda. Este aclar\u00f3 que el capital \u00edntegro del vale se pagar\u00e1 al vencimiento, previsto para el 30 de noviembre de 2029. <\/p>\n<p>La tasa final depender\u00e1 del precio de colocaci\u00f3n determinado en la subasta, que se realizar\u00e1 el pr\u00f3ximo mi\u00e9rcoles 10 de diciembre. La liquidaci\u00f3n ser\u00e1 el viernes. <\/p>\n<p>La Secretar\u00eda de Finanzas, a trav\u00e9s de un comunicado, ha afirmado que \u00aben un contexto de fuerte compresi\u00f3n de las tasas de inter\u00e9s de los bonos en d\u00f3lares fruto del resultado electoral y del sostenido desempe\u00f1o del programa econ\u00f3mico\u00bb. <\/p>\n<p>En este sentido, la Secretar\u00eda ha asegurado que \u00ab<strong>el Tesoro busca ampliar sus objetivos financieros<\/strong> para cubrir los vencimientos de deuda en d\u00f3lares sin afectar las reservas netas del BCRA\u00bb (Banco Central de la Rep\u00fablica Argentina).<\/p>\n<p>Milei celebra el regreso al mercado de capitales<\/p>\n<p>El presidente argentino, el libertario <strong>Javier Milei<\/strong>, ha celebrado la medida a trav\u00e9s de una publicaci\u00f3n en la red social X. Ha asegurado que Argentina ha vuelto \u00abal mercado de capitales con un bono a 2029 con cup\u00f3n del 6,5% bajo ley local\u00bb.<\/p>\n<p>El ministro de Econom\u00eda ha resaltado que el pa\u00eds no pretende cubrir la totalidad de los vencimientos de deuda en enero a trav\u00e9s de la colocaci\u00f3n. El plan del Gobierno es combinar esta medida con <strong>operaciones de reposici\u00f3n<\/strong> con <strong>bancos internacionales<\/strong>. <\/p>\n<p>Argentina, cuyo nivel de riesgo pa\u00eds se encuentra en 634 puntos b\u00e1sicos, no coloca deuda en los mercados internacionales desde 2018 debido a las altas tasas de inter\u00e9s que deber\u00eda convalidar. Las <strong>reservas del Banco Central<\/strong>, que ha tenido dificultades para mantenerlas, se encuentra alrededor de los <strong>41.882 millones de d\u00f3lares<\/strong>. <\/p>\n","protected":false},"excerpt":{"rendered":"La Rep\u00fablica de Argentina volver\u00e1 a los mercados financieros internacionales despu\u00e9s de siete a\u00f1os con la colocaci\u00f3n de&hellip;\n","protected":false},"author":2,"featured_media":272869,"comment_status":"","ping_status":"","sticky":false,"template":"","format":"standard","meta":{"footnotes":""},"categories":[80],"tags":[82,95,94,25,24,23],"class_list":{"0":"post-272868","1":"post","2":"type-post","3":"status-publish","4":"format-standard","5":"has-post-thumbnail","7":"category-economia","8":"tag-business","9":"tag-economia","10":"tag-economy","11":"tag-es","12":"tag-espana","13":"tag-spain"},"share_on_mastodon":{"url":"https:\/\/pubeurope.com\/@es\/115668112375647154","error":""},"_links":{"self":[{"href":"https:\/\/www.europesays.com\/es\/wp-json\/wp\/v2\/posts\/272868","targetHints":{"allow":["GET"]}}],"collection":[{"href":"https:\/\/www.europesays.com\/es\/wp-json\/wp\/v2\/posts"}],"about":[{"href":"https:\/\/www.europesays.com\/es\/wp-json\/wp\/v2\/types\/post"}],"author":[{"embeddable":true,"href":"https:\/\/www.europesays.com\/es\/wp-json\/wp\/v2\/users\/2"}],"replies":[{"embeddable":true,"href":"https:\/\/www.europesays.com\/es\/wp-json\/wp\/v2\/comments?post=272868"}],"version-history":[{"count":0,"href":"https:\/\/www.europesays.com\/es\/wp-json\/wp\/v2\/posts\/272868\/revisions"}],"wp:featuredmedia":[{"embeddable":true,"href":"https:\/\/www.europesays.com\/es\/wp-json\/wp\/v2\/media\/272869"}],"wp:attachment":[{"href":"https:\/\/www.europesays.com\/es\/wp-json\/wp\/v2\/media?parent=272868"}],"wp:term":[{"taxonomy":"category","embeddable":true,"href":"https:\/\/www.europesays.com\/es\/wp-json\/wp\/v2\/categories?post=272868"},{"taxonomy":"post_tag","embeddable":true,"href":"https:\/\/www.europesays.com\/es\/wp-json\/wp\/v2\/tags?post=272868"}],"curies":[{"name":"wp","href":"https:\/\/api.w.org\/{rel}","templated":true}]}}