{"id":272888,"date":"2025-12-05T17:36:11","date_gmt":"2025-12-05T17:36:11","guid":{"rendered":"https:\/\/www.europesays.com\/es\/272888\/"},"modified":"2025-12-05T17:36:11","modified_gmt":"2025-12-05T17:36:11","slug":"cloe-admite-el-plagio-de-brossard-al-perfume-de-luis","status":"publish","type":"post","link":"https:\/\/www.europesays.com\/es\/272888\/","title":{"rendered":"Cloe admite el plagio de Brossard al perfume de Luis"},"content":{"rendered":"<p>En el cap\u00edtulo de hoy de Sue\u00f1os de libertad\u2026.<\/p>\n<p><b>Gabriel <\/b>cada vez est\u00e1 m\u00e1s seguro de que <b>Andr\u00e9s<\/b> es qui\u00e9n llev\u00f3 a<b> Delia <\/b>hasta Toledo y hasta casa de los De la Reina. <\/p>\n<p>El abogado le ha contado sus sospechas y tambi\u00e9n <b><a title=\"se ha enfrentado directamente a Andr\u00e9s\" href=\"https:\/\/www.antena3.com\/series\/suenos-de-libertad\/gabriel-lleno-rabia-acusa-andres-creo-que-estas-detras-visita-madre_202512056932fa8a9261f37ec73dacf7.html\" target=\"_blank\" rel=\"nofollow noopener\">se ha enfrentado directamente a Andr\u00e9s<\/a><\/b><b>.<\/b> Sin embargo, \u00e9l lo ha negado todo. <\/p>\n<p>Aunque <b>Cristina<\/b> le dej\u00f3 claro a <b>Beltr\u00e1n<\/b> que no quer\u00eda saber nada m\u00e1s de \u00e9l y que su relaci\u00f3n estaba rota, el joven sigue insistiendo en hablar con ella para arreglar las cosas.<\/p>\n<p>Por otro lado, <b><a title=\"Gema por fin le ha contado a Joaqu\u00edn que est\u00e1 embarazada\" href=\"https:\/\/www.antena3.com\/series\/suenos-de-libertad\/joaquin-entra-panico-descubrir-que-gema-esta-embarazada-esta-juego-vida_202512056932fcdf6e5e5012dcdbd3ae.html\" target=\"_blank\" rel=\"nofollow noopener\">Gema por fin le ha contado a Joaqu\u00edn que est\u00e1 embarazada<\/a><\/b>. \u00c9l se ha puesto muy nervioso ya, aunque tiene mucha ilusi\u00f3n de tener un hijo, sabe que la vida de <b>Gema<\/b> est\u00e1 en peligro. <\/p>\n<p>Y <b>Marta y Cloe<\/b> est\u00e1n cada vez est\u00e1n m\u00e1s unidas. En una de sus conversaciones, <b>Cloe<\/b> le ha reconocido a la de La Reina que Brossard plagi\u00f3 el perfume de <b>Luis<\/b> muy a su pesar. <\/p>\n<p>Adem\u00e1s, <b><a title=\"Gabriel ha gritado a Julia\" href=\"https:\/\/www.antena3.com\/series\/suenos-de-libertad\/joaquin-entra-panico-descubrir-que-gema-esta-embarazada-esta-juego-vida_202512056932fcdf6e5e5012dcdbd3ae.html\" target=\"_blank\" rel=\"nofollow noopener\">Gabriel ha gritado a Julia<\/a><\/b> dejando ver en <b>Bego\u00f1a<\/b> una versi\u00f3n de \u00e9l hasta ahora desconocida. \u00bfQu\u00e9 pasar\u00e1 ahora? <\/p>\n<p>Vuelve a ver este capitulazo en <a title=\"atresplayer\" href=\"https:\/\/www.atresplayer.com\/antena3\/series\/suenos-de-libertad\/?cp=contenido&amp;ds=www.antena3.com&amp;pt=contenido&amp;ss=www.antena3.com%2Fseries&amp;sf=Sue%C3%B1os+de+libertad\" target=\"_blank\" rel=\"nofollow noopener\">atresplayer<\/a> y desc\u00fabrelo<b>. <\/b><\/p>\n","protected":false},"excerpt":{"rendered":"En el cap\u00edtulo de hoy de Sue\u00f1os de libertad\u2026. Gabriel cada vez est\u00e1 m\u00e1s seguro de que Andr\u00e9s&hellip;\n","protected":false},"author":2,"featured_media":272889,"comment_status":"","ping_status":"","sticky":false,"template":"","format":"standard","meta":{"footnotes":""},"categories":[171],"tags":[146,147,25,24,23,214],"class_list":{"0":"post-272888","1":"post","2":"type-post","3":"status-publish","4":"format-standard","5":"has-post-thumbnail","7":"category-tv","8":"tag-entertainment","9":"tag-entretenimiento","10":"tag-es","11":"tag-espana","12":"tag-spain","13":"tag-tv"},"share_on_mastodon":{"url":"","error":""},"_links":{"self":[{"href":"https:\/\/www.europesays.com\/es\/wp-json\/wp\/v2\/posts\/272888","targetHints":{"allow":["GET"]}}],"collection":[{"href":"https:\/\/www.europesays.com\/es\/wp-json\/wp\/v2\/posts"}],"about":[{"href":"https:\/\/www.europesays.com\/es\/wp-json\/wp\/v2\/types\/post"}],"author":[{"embeddable":true,"href":"https:\/\/www.europesays.com\/es\/wp-json\/wp\/v2\/users\/2"}],"replies":[{"embeddable":true,"href":"https:\/\/www.europesays.com\/es\/wp-json\/wp\/v2\/comments?post=272888"}],"version-history":[{"count":0,"href":"https:\/\/www.europesays.com\/es\/wp-json\/wp\/v2\/posts\/272888\/revisions"}],"wp:featuredmedia":[{"embeddable":true,"href":"https:\/\/www.europesays.com\/es\/wp-json\/wp\/v2\/media\/272889"}],"wp:attachment":[{"href":"https:\/\/www.europesays.com\/es\/wp-json\/wp\/v2\/media?parent=272888"}],"wp:term":[{"taxonomy":"category","embeddable":true,"href":"https:\/\/www.europesays.com\/es\/wp-json\/wp\/v2\/categories?post=272888"},{"taxonomy":"post_tag","embeddable":true,"href":"https:\/\/www.europesays.com\/es\/wp-json\/wp\/v2\/tags?post=272888"}],"curies":[{"name":"wp","href":"https:\/\/api.w.org\/{rel}","templated":true}]}}