{"id":272894,"date":"2025-12-05T17:40:14","date_gmt":"2025-12-05T17:40:14","guid":{"rendered":"https:\/\/www.europesays.com\/es\/272894\/"},"modified":"2025-12-05T17:40:14","modified_gmt":"2025-12-05T17:40:14","slug":"el-pp-responde-al-psoe-que-la-rioja-fue-de-las-primeras-ccaa-en-comenzar-la-campana-de-vacunacion-antigripal","status":"publish","type":"post","link":"https:\/\/www.europesays.com\/es\/272894\/","title":{"rendered":"El PP responde al PSOE que La Rioja fue de las primeras ccaa en comenzar la campa\u00f1a de vacunaci\u00f3n antigripal"},"content":{"rendered":"<p>    LOGRO\u00d1O 5 Dic. (EUROPA PRESS) &#8211; <\/p>\n<p>   El PP recuerda al PSOE que La Rioja fue de las primeras comunidades aut\u00f3nomas en iniciar la campa\u00f1a de vacunaci\u00f3n antigripal en previsi\u00f3n del comienzo del aumento de circulaci\u00f3n de los virus respiratorios, 15 d\u00edas antes que lo anunciado por Asturias por ejemplo, y en plazos similares a varias comunidades que, como La Rioja, acordaron los plazos con el Ministerio en verano en el marco de la Comisi\u00f3n de Salud P\u00fablica.<\/p>\n<p>   Adem\u00e1s, la estrategia de vacunaci\u00f3n frente a la gripe, COVID y VRS, se present\u00f3 en nuestra regi\u00f3n con antelaci\u00f3n, con novedades y con un enfoque claro para proteger mejor a la infancia, a las personas mayores y a los grupos de riesgo, reforzando dispositivos, recursos y accesibilidad a la vacunaci\u00f3n.<\/p>\n<p>   Un dato clave que \u00abdesmonta el intento del PSOE por desprestigiar una vez m\u00e1s la labor de los profesionales sanitarios, a quienes agradecemos su compromiso, es que todos los ni\u00f1os de 3 a 11 a\u00f1os, uno de los colectivos m\u00e1s transmisores, hab\u00edan completado su vacunaci\u00f3n el 25 de noviembre, antes de que terminara el mes, gracias al dispositivo escolar desplegado en toda La Rioja gracias al papel esencial de los profesionales de enfermer\u00eda, tanto en la organizaci\u00f3n como en la administraci\u00f3n de las dosis\u00bb.<\/p>\n<p>   Lejos de la \u00ablentitud\u00bb que denuncia el PSOE, nuestra comunidad ha desplegado una campa\u00f1a de vacunaci\u00f3n \u00abmuy ambiciosa, incorporando dispositivos de vacunaci\u00f3n sin cita previa en el Hospital San Pedro (24-28 de noviembre y 9-11 de diciembre), as\u00ed como en Haro y Calahorra, con una gran acogida ciudadana\u00bb.<\/p>\n<p>    Adem\u00e1s, se enviaron SMS a todas las personas mayores de 60 a\u00f1os no vacunadas y a familias de ni\u00f1os no escolarizados, reforzando activamente la captaci\u00f3n.<\/p>\n<p>    Estas medidas demuestran una planificaci\u00f3n \u00ab\u00e1gil, flexible y orientada a aumentar coberturas\u00bb, seg\u00fan los &#8216;populares&#8217;.    <\/p>\n<p>   A d\u00eda de hoy, el SERIS mantiene activo su Plan de Contingencia, con medidas escalonadas para garantizar su capacidad asistencial, el seguimiento de pacientes vulnerables, la coordinaci\u00f3n con residencias de mayores y el refuerzo de la actividad hospitalaria cuando es necesario <\/p>\n<p>   \u00abPor mucho que el PSOE trate de alarmar a la poblaci\u00f3n con fines exclusivamente partidistas, al margen de la evoluci\u00f3n de la circulaci\u00f3n de virus, la realidad es que la campa\u00f1a de vacunaci\u00f3n antigripal en La Rioja no s\u00f3lo no se inici\u00f3 tarde, sino que lo hizo antes que en muchas otras comunidades y se hizo con la debida planificaci\u00f3n\u00bb.<\/p>\n<p>   En este sentido, \u00absi tan preocupado est\u00e1 por las condiciones de los profesionales sanitarios, el diputado Legarra ha desaprovechado hoy la oportunidad de apoyar las demandas trasladadas de manera reiterada por estos profesionales al Ministerio y al Gobierno socialista para mejorarlas, cuyo cumplimiento evitar\u00eda las movilizaciones y jornadas de huelga convocadas y que afectan a la organizaci\u00f3n y prestaci\u00f3n de un servicio b\u00e1sico como el sanitario\u00bb.<\/p>\n","protected":false},"excerpt":{"rendered":"LOGRO\u00d1O 5 Dic. (EUROPA PRESS) &#8211; El PP recuerda al PSOE que La Rioja fue de las primeras&hellip;\n","protected":false},"author":2,"featured_media":86988,"comment_status":"","ping_status":"","sticky":false,"template":"","format":"standard","meta":{"footnotes":""},"categories":[92],"tags":[25,24,165,166,23],"class_list":{"0":"post-272894","1":"post","2":"type-post","3":"status-publish","4":"format-standard","5":"has-post-thumbnail","7":"category-salud","8":"tag-es","9":"tag-espana","10":"tag-health","11":"tag-salud","12":"tag-spain"},"share_on_mastodon":{"url":"https:\/\/pubeurope.com\/@es\/115668190892147986","error":""},"_links":{"self":[{"href":"https:\/\/www.europesays.com\/es\/wp-json\/wp\/v2\/posts\/272894","targetHints":{"allow":["GET"]}}],"collection":[{"href":"https:\/\/www.europesays.com\/es\/wp-json\/wp\/v2\/posts"}],"about":[{"href":"https:\/\/www.europesays.com\/es\/wp-json\/wp\/v2\/types\/post"}],"author":[{"embeddable":true,"href":"https:\/\/www.europesays.com\/es\/wp-json\/wp\/v2\/users\/2"}],"replies":[{"embeddable":true,"href":"https:\/\/www.europesays.com\/es\/wp-json\/wp\/v2\/comments?post=272894"}],"version-history":[{"count":0,"href":"https:\/\/www.europesays.com\/es\/wp-json\/wp\/v2\/posts\/272894\/revisions"}],"wp:featuredmedia":[{"embeddable":true,"href":"https:\/\/www.europesays.com\/es\/wp-json\/wp\/v2\/media\/86988"}],"wp:attachment":[{"href":"https:\/\/www.europesays.com\/es\/wp-json\/wp\/v2\/media?parent=272894"}],"wp:term":[{"taxonomy":"category","embeddable":true,"href":"https:\/\/www.europesays.com\/es\/wp-json\/wp\/v2\/categories?post=272894"},{"taxonomy":"post_tag","embeddable":true,"href":"https:\/\/www.europesays.com\/es\/wp-json\/wp\/v2\/tags?post=272894"}],"curies":[{"name":"wp","href":"https:\/\/api.w.org\/{rel}","templated":true}]}}