{"id":272901,"date":"2025-12-05T17:44:11","date_gmt":"2025-12-05T17:44:11","guid":{"rendered":"https:\/\/www.europesays.com\/es\/272901\/"},"modified":"2025-12-05T17:44:11","modified_gmt":"2025-12-05T17:44:11","slug":"la-historia-de-ran-gvili-el-ultimo-de-los-251-secuestrados-el-7-o-por-hamas-que-sigue-en-gaza-y-el-ultimo-cadaver-aun-por-entregar","status":"publish","type":"post","link":"https:\/\/www.europesays.com\/es\/272901\/","title":{"rendered":"La historia de Ran Gvili, el \u00faltimo de los 251 secuestrados el 7-O por Ham\u00e1s que sigue en Gaza&#8230; y el \u00faltimo cad\u00e1ver a\u00fan por entregar"},"content":{"rendered":"<p class=\"c-paragraph\">Tras la entrega de los <a href=\"https:\/\/www.20minutos.es\/internacional\/cuerpo-entregado-por-hamas-es-rehen-tailandes-suthdisak-rinthalak-ya-solo-queda-cadaver-un-secuestrado-gaza_6906742_0.html\" title=\"El cuerpo entregado por Ham\u00e1s es del reh\u00e9n tailand\u00e9s Suthdisak Rinthalak: ya solo queda el cad\u00e1ver de un secuestrado en Gaza\" rel=\"nofollow noopener\" target=\"_blank\">restos del reh\u00e9n tailand\u00e9s\u00a0Suthdisak Rinthalak<\/a> el pasado mi\u00e9rcoles a Israel, <b>ya solo queda un cautivo fallecido en la Franja de Gaza por traspasar a las autoridades israel\u00edes<\/b>, como parte del cumplimiento del acuerdo de alto el fuego impulsado por Estados Unidos.<\/p>\n<p class=\"c-paragraph\">Se trata del reh\u00e9n <b>Ran Gvili<\/b>, un polic\u00eda de 24 a\u00f1os que, seg\u00fan los informes, muri\u00f3 a manos de milicianos de Ham\u00e1s durante el ataque del 7 de octubre de 2023 que desencadeno la posterior ofensiva israel\u00ed sobre el enclave palestino.<\/p>\n<p class=\"c-paragraph\">Los restos de Gvili, que permanecen a\u00fan en Gaza a la espera de que Ham\u00e1s lo traspase a la Cruz Roja para su posterior devoluci\u00f3n a Israel, son los del \u00faltimo reh\u00e9n israel\u00ed que permanece en Gaza tras los ataques del 7 de octubre de 2023.\u00a0<\/p>\n<p class=\"c-paragraph\"><b>\u00abEl primero en ir, el \u00faltimo en volver\u00bb,<\/b> public\u00f3 el pasado jueves su madre, Talik Gvili, en un post de Facebook, asegurando que \u00abno pararemos hasta que regreses\u00bb. La poblaci\u00f3n israel\u00ed espera que su devoluci\u00f3n, m\u00e1s pronto que tarde, ponga fin al trauma colectivo que supuso el secuestro y la muerte de cientos de israel\u00edes durante los ataques del 7 de octubre de 2023.\u00a0<\/p>\n<p class=\"c-paragraph\">En total, <b>Ham\u00e1s secuestr\u00f3 a 251 personas<\/b> durante los ataques del 7 de octubre, que dejaron m\u00e1s de 1.139 muertos en Israel. Todos ellos fueron tomados como rehenes y quedaron cautivos en Gaza. Durante los dos \u00faltimos a\u00f1os de conflicto, alrededor de 170 de ellos retornaron a Israel mediante intercambios, operaciones de rescate o negociaciones. Sin embargo,<b> 83 de ellos fallecieron en la Franja <\/b>durante su cautiverio en manos de Ham\u00e1s.<\/p>\n<p class=\"c-paragraph\">La entrega de los cautivos fallecidos que quedan en Gaza despu\u00e9s de dos a\u00f1os de ofensiva forma parte del acuerdo de tregua, y desde su entrada en vigor el pasado 10 de octubre, Ham\u00e1s\u00a0ha entregado los 20 rehenes que quedaban vivos\u00a0en la Franja y a 47 de los 48 cuerpos de los cautivos fallecidos.<b> <\/b>Ran Gvili es el <b>\u00faltimo de esos 251 cautivos en Gaza<\/b> cuyos restos permanecen en el enclave.<\/p>\n<p>Un polic\u00eda de \u00e9lite que defendi\u00f3 un kibutz de los ataques<\/p>\n<p class=\"c-paragraph\">En Alumim, un<b> kibutz fronterizo con Gaza<\/b> que fue atacado el 7 de octubre de 2023 por los milicianos de Ham\u00e1s, a\u00fan hoy recuerdan a Ran Gvili como un h\u00e9roe, tal y como recuerda un cartel a la entrada de la aldea, seg\u00fan informa el <a href=\"https:\/\/www.washingtonpost.com\/world\/2025\/12\/04\/israel-palestinians-hamas-war-netanyahu-ran-gvili\/0ff8b11e-d132-11f0-92cb-561ee4e6a771_story.html\" rel=\"nofollow noreferrer noopener\" title=\"The Washington Post\" target=\"_blank\">The Washington Post<\/a>. En \u00e9l, una inscripci\u00f3n que reza, sobre Gvili, que \u00abluch\u00f3 una batalla heroica, salvando la vida de miembros del kibutz\u00bb. En la aldea le recuerdan con el apodo del \u00abEscudo de Alumim\u00bb.<\/p>\n<p class=\"c-paragraph\">Ran Gvili, polic\u00eda de una unidad de \u00e9lite, se encontraba en su casa el 7 de octubre de 2023. All\u00ed <b>se hab\u00eda estado recuperando durante una baja m\u00e9dica <\/b>por una fractura de hombro. Sin embargo, cuando comenzaron los ataques en el festival de m\u00fasica Nova, decidi\u00f3 dirigirse junto a otros hombres de su unidad al lugar para proteger a los civiles.\u00a0<\/p>\n<p class=\"c-paragraph\">Sin embargo, seg\u00fan cont\u00f3 su hermana en una entrevista a Associated Press, la unidad nunca lleg\u00f3 all\u00ed, ya que se enzarzaron en un <b>combate con los milicianos de Ham\u00e1s<\/b> en el kibutz Alumim. Uno de sus compa\u00f1eros, el ento Richard Schechtman, asegur\u00f3 que Gvili inmediatamente asumi\u00f3 un papel de liderazgo en la unidad. En un momento del combate fue herido en la pierna por un disparo de los terroristas. Sin embargo, seg\u00fan relat\u00f3 su madre a medios israel\u00edes, pudo avisar por radio a su equipo de que se acercaban m\u00e1s veh\u00edculos de Ham\u00e1s.<\/p>\n<p class=\"c-paragraph\">En alg\u00fan momento de la batalla, <b>Gvili fue asesinado, y los milicianos de Ham\u00e1s secuestraron su cad\u00e1ver<\/b> y se lo llevaron a Gaza. El Ej\u00e9rcito israel\u00ed constat\u00f3 su muerte cuatro meses despu\u00e9s gracias a informes de inteligencia.<\/p>\n<p>Su familia espera con esperanza e impaciencia el retorno<\/p>\n<p class=\"c-paragraph\">La familia de Ran Gvili espera con impaciencia y esperanza que los restos del polic\u00eda regresen pronto a Israel, como marca el acuerdo de tregua. <b>En Israel es recordado como uno de los h\u00e9roes durante la masacre<\/b> del 7 de octubre de 2023. Sin embargo, su padre teme que Gvili corra el destino de otros soldados secuestrados que nunca regresaron y sus restos nunca fueron encontrados, como Hadar Goldin o Ron Arad. \u00abOjal\u00e1 no se alargue muchos a\u00f1os m\u00e1s\u00bb, declaraba su padre. Itzik Gvili, al medio estatal\u00a0Kan News.<\/p>\n","protected":false},"excerpt":{"rendered":"Tras la entrega de los restos del reh\u00e9n tailand\u00e9s\u00a0Suthdisak Rinthalak el pasado mi\u00e9rcoles a Israel, ya solo queda&hellip;\n","protected":false},"author":2,"featured_media":272902,"comment_status":"","ping_status":"","sticky":false,"template":"","format":"standard","meta":{"footnotes":""},"categories":[42],"tags":[17,18,13,14,75,11,61,62,63,64,19,20,9,10,15,16,2074,3041,17670,12,21,22,65,66,67],"class_list":{"0":"post-272901","1":"post","2":"type-post","3":"status-publish","4":"format-standard","5":"has-post-thumbnail","7":"category-internacional","8":"tag-breaking-news","9":"tag-breakingnews","10":"tag-featured-news","11":"tag-featurednews","12":"tag-hamas","13":"tag-headlines","14":"tag-internacional","15":"tag-international","16":"tag-international-news","17":"tag-internationalnews","18":"tag-latest-news","19":"tag-latestnews","20":"tag-news","21":"tag-noticias","22":"tag-noticias-destacadas","23":"tag-noticiasdestacadas","24":"tag-que","25":"tag-queda","26":"tag-rehen","27":"tag-titulares","28":"tag-ultimas-noticias","29":"tag-ultimasnoticias","30":"tag-world","31":"tag-world-news","32":"tag-worldnews"},"share_on_mastodon":{"url":"https:\/\/pubeurope.com\/@es\/115668206560239708","error":""},"_links":{"self":[{"href":"https:\/\/www.europesays.com\/es\/wp-json\/wp\/v2\/posts\/272901","targetHints":{"allow":["GET"]}}],"collection":[{"href":"https:\/\/www.europesays.com\/es\/wp-json\/wp\/v2\/posts"}],"about":[{"href":"https:\/\/www.europesays.com\/es\/wp-json\/wp\/v2\/types\/post"}],"author":[{"embeddable":true,"href":"https:\/\/www.europesays.com\/es\/wp-json\/wp\/v2\/users\/2"}],"replies":[{"embeddable":true,"href":"https:\/\/www.europesays.com\/es\/wp-json\/wp\/v2\/comments?post=272901"}],"version-history":[{"count":0,"href":"https:\/\/www.europesays.com\/es\/wp-json\/wp\/v2\/posts\/272901\/revisions"}],"wp:featuredmedia":[{"embeddable":true,"href":"https:\/\/www.europesays.com\/es\/wp-json\/wp\/v2\/media\/272902"}],"wp:attachment":[{"href":"https:\/\/www.europesays.com\/es\/wp-json\/wp\/v2\/media?parent=272901"}],"wp:term":[{"taxonomy":"category","embeddable":true,"href":"https:\/\/www.europesays.com\/es\/wp-json\/wp\/v2\/categories?post=272901"},{"taxonomy":"post_tag","embeddable":true,"href":"https:\/\/www.europesays.com\/es\/wp-json\/wp\/v2\/tags?post=272901"}],"curies":[{"name":"wp","href":"https:\/\/api.w.org\/{rel}","templated":true}]}}