{"id":272918,"date":"2025-12-05T17:59:09","date_gmt":"2025-12-05T17:59:09","guid":{"rendered":"https:\/\/www.europesays.com\/es\/272918\/"},"modified":"2025-12-05T17:59:09","modified_gmt":"2025-12-05T17:59:09","slug":"me-voy-a-poner-en-modo-mercedes-mila-y-controlarlo-todo","status":"publish","type":"post","link":"https:\/\/www.europesays.com\/es\/272918\/","title":{"rendered":"Me voy a poner en modo Mercedes Mil\u00e1 y controlarlo todo"},"content":{"rendered":"\n<p>  05\/12\/2025 &#8211; 18:26  Actualizado: 05\/12\/2025 &#8211; 18:26   <\/p>\n<p> <strong>Kiko Hern\u00e1ndez se pone este domingo al frente de la segunda edici\u00f3n de <\/strong><a href=\"https:\/\/www.elconfidencial.com\/television\/programas-tv\/2025-12-03\/casa-gemelos-participantes-explosion_4259679\/\" target=\"_blank\" rel=\"nofollow noopener\"><strong>La casa de los gemelos<\/strong><\/a>, el pol\u00e9mico y medi\u00e1tico reality show de internet que lideran los influencers Zona Gemelos. <\/p>\n<p> Y tras la noticia, desde <a href=\"https:\/\/www.elconfidencial.com\/television\/\" target=\"_blank\" rel=\"nofollow noopener\">El Confidencial<\/a> <strong>nos hemos puesto en contacto con el comunicador<\/strong> para conocer algunos detalles. De camino a Madrid, ya que vive en Melilla, para ultimar los detalles del estreno de este 7 de diciembre, se muestra muy contento e ilusionado. <\/p>\n<p> Tal y como <a href=\"https:\/\/www.elconfidencial.com\/television\/programas-tv\/2025-12-05\/kiko-hernandez-salvame-gran-hermano_4261083\/\" target=\"_blank\" rel=\"nofollow noopener\">ha asegurado a trav\u00e9s de su cuenta de Instagram<\/a>, est\u00e1 convencido de que va a ser un pelotazo y que es la evoluci\u00f3n necesaria en el mundo de la telerrealidad. <strong>Dice que hay mucho presupuesto, se\u00f1alando que incluso superan los 600.000 euros<\/strong> para sacar adelante esta segunda edici\u00f3n. <\/p>\n<p> Pero Kiko, que cuida mucho su imagen p\u00fablica y profesional, tiene claro que en esta nueva entrega no se pueden repetir las faltas del pasado: <strong>\u00abMe voy a poner en modo Mercedes Mil\u00e1 y lo voy a controlar todo para que no se sobrepasen l\u00edmites\u00bb. <\/strong>Toda una declaraci\u00f3n de intenciones en contra de agresiones y sustancias. <\/p>\n<p> El madrile\u00f1o, que trabaj\u00f3 durante a\u00f1os en Cr\u00f3nicas marcianas, uno de los espacios de mayor \u00e9xito en la peque\u00f1a pantalla y a su vez, sin l\u00edmites, recuerda que actualmente se emite<strong> <\/strong><strong>La isla de las tentaciones<\/strong><strong> con contenido sexual de alto nivel y que no sucede nada.<\/strong> <\/p>\n<p>                Kiko Hern\u00e1ndez. (Mediaset Espa\u00f1a)            <\/p>\n<p> El programa dura hasta el 17 de diciembre, tiempo limitado que tiene una explicaci\u00f3n: <strong>\u00abCon esta segunda edici\u00f3n se solventar\u00e1n algunos errores de la primera de cara a una tercera edici\u00f3n que ya ser\u00eda a lo grande\u00bb.<\/strong> <\/p>\n<p> El que tambi\u00e9n fuera presentador algunas tardes de S\u00e1lvame, <strong>no comulga con los sucesos m\u00e1s escandalosos y delictivos de la primera temporada<\/strong>, pero cree que gracias a eso hoy en d\u00eda ha logrado la dimensi\u00f3n que tiene y ahora pretende cambiar esa percepci\u00f3n. <\/p>\n<p> <a href=\"https:\/\/www.elconfidencial.com\/television\/programas-tv\/2025-12-05\/victor-sandoval-casa-gemelos_4261309\/\" target=\"_blank\" rel=\"nofollow noopener\">[Leer aqu\u00ed: V\u00edctor Sandoval, a por la revoluci\u00f3n con &#8216;La casa de los gemelos 2&#8217;: \u00abLlego dispuesto a prender fuego a la televisi\u00f3n\u00bb]<\/a> <\/p>\n<p> A falta de nuevos e importantes detalles, declara que no existe un plat\u00f3 como tal: <strong>\u00abNo es como <\/strong><strong>Gran Hermano<\/strong><strong>, aqu\u00ed todo tiene lugar en la casa\u00bb<\/strong>, informado de la existencia de una &#8216;c\u00e1rcel&#8217; a la que ir\u00e1n los concursantes m\u00e1s conflictos por orden de Coto Matamoros. <\/p>\n<p> Ahora solo queda <strong>esperar para ver c\u00f3mo se desarrolla esta nueva y reformulada edici\u00f3n<\/strong> de La casa de los gemelos y si tiene el tir\u00f3n esperado en internet y las redes sociales. <\/p>\n<p> <strong>Kiko Hern\u00e1ndez se pone este domingo al frente de la segunda edici\u00f3n de <\/strong><a href=\"https:\/\/www.elconfidencial.com\/television\/programas-tv\/2025-12-03\/casa-gemelos-participantes-explosion_4259679\/\" target=\"_blank\" rel=\"nofollow noopener\"><strong>La casa de los gemelos<\/strong><\/a>, el pol\u00e9mico y medi\u00e1tico reality show de internet que lideran los influencers Zona Gemelos. <\/p>\n","protected":false},"excerpt":{"rendered":"05\/12\/2025 &#8211; 18:26 Actualizado: 05\/12\/2025 &#8211; 18:26 Kiko Hern\u00e1ndez se pone este domingo al frente de la segunda&hellip;\n","protected":false},"author":2,"featured_media":272919,"comment_status":"","ping_status":"","sticky":false,"template":"","format":"standard","meta":{"footnotes":""},"categories":[171],"tags":[146,147,25,24,23,214],"class_list":{"0":"post-272918","1":"post","2":"type-post","3":"status-publish","4":"format-standard","5":"has-post-thumbnail","7":"category-tv","8":"tag-entertainment","9":"tag-entretenimiento","10":"tag-es","11":"tag-espana","12":"tag-spain","13":"tag-tv"},"share_on_mastodon":{"url":"","error":""},"_links":{"self":[{"href":"https:\/\/www.europesays.com\/es\/wp-json\/wp\/v2\/posts\/272918","targetHints":{"allow":["GET"]}}],"collection":[{"href":"https:\/\/www.europesays.com\/es\/wp-json\/wp\/v2\/posts"}],"about":[{"href":"https:\/\/www.europesays.com\/es\/wp-json\/wp\/v2\/types\/post"}],"author":[{"embeddable":true,"href":"https:\/\/www.europesays.com\/es\/wp-json\/wp\/v2\/users\/2"}],"replies":[{"embeddable":true,"href":"https:\/\/www.europesays.com\/es\/wp-json\/wp\/v2\/comments?post=272918"}],"version-history":[{"count":0,"href":"https:\/\/www.europesays.com\/es\/wp-json\/wp\/v2\/posts\/272918\/revisions"}],"wp:featuredmedia":[{"embeddable":true,"href":"https:\/\/www.europesays.com\/es\/wp-json\/wp\/v2\/media\/272919"}],"wp:attachment":[{"href":"https:\/\/www.europesays.com\/es\/wp-json\/wp\/v2\/media?parent=272918"}],"wp:term":[{"taxonomy":"category","embeddable":true,"href":"https:\/\/www.europesays.com\/es\/wp-json\/wp\/v2\/categories?post=272918"},{"taxonomy":"post_tag","embeddable":true,"href":"https:\/\/www.europesays.com\/es\/wp-json\/wp\/v2\/tags?post=272918"}],"curies":[{"name":"wp","href":"https:\/\/api.w.org\/{rel}","templated":true}]}}