{"id":272924,"date":"2025-12-05T18:03:13","date_gmt":"2025-12-05T18:03:13","guid":{"rendered":"https:\/\/www.europesays.com\/es\/272924\/"},"modified":"2025-12-05T18:03:13","modified_gmt":"2025-12-05T18:03:13","slug":"epidemia-de-gripe-la-nueva-variante-k-acelera-la-transmision-y-la-presion-asistencial","status":"publish","type":"post","link":"https:\/\/www.europesays.com\/es\/272924\/","title":{"rendered":"Epidemia de gripe: la nueva variante K acelera la transmisi\u00f3n y la presion asistencial"},"content":{"rendered":"<p dir=\"ltr\">Los <strong>Servicios de Urgencias Hospitalarios de Espa\u00f1a <\/strong>est\u00e1n registrando un incremento de las enfermedad infecciosas respiratorias. Un aumento que vuelve\u00a0 a alcanzar cifras r\u00e9cord de antenci\u00f3n\u00a0impulsada por un <strong>pico epid\u00e9mico estacional <\/strong>que se ha adelantado varias semanas.<\/p>\n<p><a href=\"https:\/\/www.consalud.es\/web\/assets\/contenedores\/banners\/banner_control_de_clicks.php?id=15\" target=\"_blank\" title=\"Pulse aqu\u00ed\" rel=\"nofollow noopener\"><img loading=\"lazy\" decoding=\"async\" src=\"https:\/\/www.europesays.com\/es\/wp-content\/uploads\/2025\/09\/media-15.jpg\" width=\"300\" height=\"250\" alt=\"Pulse aqu\u00ed\"\/><\/a><\/p>\n<p dir=\"ltr\">Seg\u00fan datos de la <strong><a href=\"https:\/\/www.consalud.es\/pacientes\/medicos-de-urgencias-advierten-del-aumento-de-bulos-sobre-nutricion-en-redes-y-su-impacto-en-pacientes-vulnerables.html\" rel=\"nofollow noopener\" target=\"_blank\">Sociedad Espa\u00f1ola de Medicina de Urgencias y Emergencias <\/a>(SEMES)<\/strong>, la afluencia por Infecciones Respiratorias Agudas (IRA) ha crecido un 30% en los \u00faltimos d\u00edas, una cifra que, seg\u00fan advierten los expertos, a\u00fan no ha tocado techo.<\/p>\n<p dir=\"ltr\">La tasa media de incidencia de <strong>IRA<\/strong> en Espa\u00f1a supera los<strong> 600 casos por cada 100.000 habitantes<\/strong>, llegando a rebasar los 1.600 en determinadas \u00e1reas sanitarias. Asimismo, la tasa de hospitalizaci\u00f3n por infecciones respiratorias se sit\u00faa en 15 casos por cada 100.000 habitantes, reflejando la significativa presi\u00f3n asistencial.<\/p>\n<blockquote><p>&#13;<\/p>\n<p dir=\"ltr\">La nueva variante K de gripe aumenta la velocidad de transmisi\u00f3n<\/p>\n<p>&#13;\n<\/p><\/blockquote>\n<p dir=\"ltr\">\u201cLa mayor parte de estos casos, en torno a un 26%, est\u00e1n provocados <a href=\"https:\/\/www.consalud.es\/autonomias\/c-madrid\/madrid-acudira-a-la-comision-de-salud-publica-sobre-la-gripe-con-un-texto-alternativo-y-acusa-a-sanidad-de-politizar.html\" rel=\"nofollow noopener\" target=\"_blank\">por la gripe<\/a>, fundamentalmente la gripe A\u201d, comenta <strong>el Dr. Javier Mill\u00e1n, vicepresidente de SEMES.<\/strong> \u201cUn 2% son cuadros relacionados con el COVID, y un 4% con el virus respiratorio sincitial\u201d.<\/p>\n<p dir=\"ltr\">Adem\u00e1s, el doctor Mill\u00e1n se\u00f1ala que probablemente el adelanto en este pico epid\u00e9mico estacional est\u00e1 relacionado con <strong>la variante K de la gripe A<\/strong>, \u201cparece ser que la<strong> velocidad de transmisi\u00f3n es mucho m\u00e1s r\u00e1pida<\/strong>, aunque no est\u00e1 demostrado que se asocie a una mayor gravedad de los casos\u201d.<\/p>\n<p>Presi\u00f3n asistencial en toda Espa\u00f1a<\/p>\n<p dir=\"ltr\">La actividad en algunos centros podr\u00eda superar la <strong>frecuentaci\u00f3n habitual entre un 15% y un 20%<\/strong>, seg\u00fan SEMES.<\/p>\n<p dir=\"ltr\">Las comunidades con <strong>mayor<\/strong> <strong>incidencia<\/strong> de gripe son: <strong>Arag\u00f3n<\/strong>, que lidera con 201,5 casos por cada 100.000 habitantes, la mascarilla es obligatoria en centros sanitarios; <strong>Catalu\u00f1a<\/strong> con 164 casos por cada 100.000 habitantes, <strong>Navarra<\/strong> con una incidencia de 116 casos por cada 100.000 y <strong>Murcia<\/strong>, que crece un 110%, con una tasa de 51 casos por cada 100.000 habitantes.<\/p>\n<p dir=\"ltr\">Adem\u00e1s, se observa una mayor incidencia o <strong>aumento de hospitalizaciones en ni\u00f1os, adolescentes y personas mayores<\/strong> de 75 a\u00f1os. En Galicia la tasa de hospitalizaci\u00f3n de ni\u00f1os entre 0 y 4 a\u00f1os se ha cuadriplicado.<\/p>\n<p dir=\"ltr\">Otras i<strong>nfecciones como la bronquiolitis<\/strong>\u00a0 causada por el virus respiratorio sincitial (VRS) ha superado el umbral epid\u00e9mico en Pa\u00eds Vasco y sigue aumentando en Andaluc\u00eda. <strong>Las Infecciones Respiratorias Agudas <\/strong>(IRA) tambi\u00e9n han presentado altas tasas en Castilla y Le\u00f3n con 741 casos por cada 100.000; Castilla &#8211; La Mancha, 633 casos por cada 100.000 habitantes; y Arag\u00f3n (609\/100.000).<\/p>\n<p dir=\"ltr\">Seg\u00fan explica el<strong> vicepresidente de SEMES, Javier Mill\u00e1n<\/strong>, este aumento de la demanda asistencial \u201chace especialmente necesario <strong>poner en marcha <a href=\"https:\/\/www.consalud.es\/politica\/la-comision-de-salud-publica-aprueba-las-recomendaciones-para-el-control-de-la-gripe.html\" rel=\"nofollow noopener\" target=\"_blank\">planes de contingencia<\/a><\/strong> para evitar la sobresaturaci\u00f3n de nuestros servicios y garantizar su capacidad de respuesta\u201d.<\/p>\n<p dir=\"ltr\">El Dr. Mill\u00e1n ha subrayado la importancia de <strong>establecer un seguimiento continuo<\/strong> de la ocupaci\u00f3n hospitalaria que permita agilizar el drenaje de pacientes desde las Urgencias y evitar las largas esperas. \u201cEs fundamental activar planes espec\u00edficos para <strong>reforzar con personal los servicios <\/strong>de Urgencias y Emergencias, especialmente en momentos de incremento epid\u00e9mico como el actual\u201d, ha aclarado.<\/p>\n<p>Recomendaciones\u00a0<\/p>\n<p dir=\"ltr\">Para la <a href=\"https:\/\/www.consalud.es\/pacientes\/sanidad-recuerda-como-respirar-vestirse-y-protegerse-mejor-ante-las-bajas-temperaturas.html\" rel=\"nofollow noopener\" target=\"_blank\">prevenci\u00f3n del contagio<\/a> es importante tomar <strong>medidas de higiene y estilo de vida<\/strong>. Desde SEMES recomiendan: lavarse las manos con mayor frecuencia, cubrirse la boca y nariz al toser o estornudar, utilizar pa\u00f1uelos desechables, evitar el contacto muy cercano y no compartir objetos de uso personas, como vasos o cubiertos, limpiar y ventilar bien los espacios y zonas comunes y en la medida de lo posible, mantener un buen descanso, hidrataci\u00f3n, alimentaci\u00f3n y actividad f\u00edsica, evitando el alcohol y tabaco.<\/p>\n<p dir=\"ltr\">En este sentido, se recomienda el<strong> uso de mascarilla<\/strong> si:<\/p>\n<ul dir=\"ltr\">&#13;<\/p>\n<li role=\"presentation\">Presentas s\u00edntomas compatibles con gripe, especialmente en zonas comunes poco ventiladas<\/li>\n<p>&#13;<\/p>\n<li role=\"presentation\">Acudes a hospitales y centros de salud para proteger a personas vulnerables<\/li>\n<p>&#13;<\/p>\n<li role=\"presentation\">Cuidas a enfermos<\/li>\n<p>&#13;<\/p>\n<li role=\"presentation\">Te encuentras en lugares poco ventilados y conglomerados<\/li>\n<p>&#13;\n<\/ul>\n<p dir=\"ltr\">Adem\u00e1s<strong>, La vacuna es la mejor protecci\u00f3n <\/strong>y est\u00e1 indicada para aquellos adultos mayores de 60, mujeres embarazadas, personas sanitarias y trabajadores de servicio p\u00fablico. Tambi\u00e9n a los grupos de riesgo y a la poblaci\u00f3n infantil, menores de 5 a\u00f1os.<\/p>\n<p dir=\"ltr\">SERMES ha destacado la <strong>importancia de detectar los s\u00edntomas <\/strong>y si es as\u00ed, <strong>quedarse en casa<\/strong>. La <strong>sintomatolog\u00eda<\/strong> m\u00e1s frecuente de gripe es la fiebre, tos seca, dolores musculares y dolor de cabeza.<\/p>\n<p dir=\"ltr\"><strong>El virus se puede transmitir <\/strong>desde <strong>un d\u00eda antes de empezar con los s\u00edntomas<\/strong> hasta siete\u00a0d\u00edas despu\u00e9s, con una capacidad m\u00e1xima de contagio los 3 primeros d\u00edas. Se recomienda quedarse en casa para asegurarse de no transmitirlo a otras personas.<\/p>\n<p class=\"pie-articulo\">*Los contenidos de ConSalud est\u00e1n elaborados por periodistas especializados en salud y avalados por un comit\u00e9 de expertos de primer nivel. No obstante, recomendamos al lector que cualquier duda relacionada con la salud sea consultada con un profesional del \u00e1mbito sanitario.<\/p>\n","protected":false},"excerpt":{"rendered":"Los Servicios de Urgencias Hospitalarios de Espa\u00f1a est\u00e1n registrando un incremento de las enfermedad infecciosas respiratorias. Un aumento&hellip;\n","protected":false},"author":2,"featured_media":272925,"comment_status":"","ping_status":"","sticky":false,"template":"","format":"standard","meta":{"footnotes":""},"categories":[92],"tags":[25,24,165,166,23],"class_list":{"0":"post-272924","1":"post","2":"type-post","3":"status-publish","4":"format-standard","5":"has-post-thumbnail","7":"category-salud","8":"tag-es","9":"tag-espana","10":"tag-health","11":"tag-salud","12":"tag-spain"},"share_on_mastodon":{"url":"https:\/\/pubeurope.com\/@es\/115668281922104770","error":""},"_links":{"self":[{"href":"https:\/\/www.europesays.com\/es\/wp-json\/wp\/v2\/posts\/272924","targetHints":{"allow":["GET"]}}],"collection":[{"href":"https:\/\/www.europesays.com\/es\/wp-json\/wp\/v2\/posts"}],"about":[{"href":"https:\/\/www.europesays.com\/es\/wp-json\/wp\/v2\/types\/post"}],"author":[{"embeddable":true,"href":"https:\/\/www.europesays.com\/es\/wp-json\/wp\/v2\/users\/2"}],"replies":[{"embeddable":true,"href":"https:\/\/www.europesays.com\/es\/wp-json\/wp\/v2\/comments?post=272924"}],"version-history":[{"count":0,"href":"https:\/\/www.europesays.com\/es\/wp-json\/wp\/v2\/posts\/272924\/revisions"}],"wp:featuredmedia":[{"embeddable":true,"href":"https:\/\/www.europesays.com\/es\/wp-json\/wp\/v2\/media\/272925"}],"wp:attachment":[{"href":"https:\/\/www.europesays.com\/es\/wp-json\/wp\/v2\/media?parent=272924"}],"wp:term":[{"taxonomy":"category","embeddable":true,"href":"https:\/\/www.europesays.com\/es\/wp-json\/wp\/v2\/categories?post=272924"},{"taxonomy":"post_tag","embeddable":true,"href":"https:\/\/www.europesays.com\/es\/wp-json\/wp\/v2\/tags?post=272924"}],"curies":[{"name":"wp","href":"https:\/\/api.w.org\/{rel}","templated":true}]}}